{"id":32871,"date":"2024-06-12T18:59:36","date_gmt":"2024-06-12T18:59:36","guid":{"rendered":"https:\/\/municipalidaddenebaj.com\/?p=32871"},"modified":"2024-06-12T22:07:51","modified_gmt":"2024-06-12T22:07:51","slug":"jornada-de-limpieza-6","status":"publish","type":"post","link":"https:\/\/municipalidaddenebaj.com\/?p=32871","title":{"rendered":"JORNADA DE LIMPIEZA"},"content":{"rendered":"\n<h2 class=\"wp-block-heading\"><mark style=\"background-color:rgba(0, 0, 0, 0);color:#6f1414\" class=\"has-inline-color\">\u00a1Jornadas de limpieza!<\/mark><\/h2>\n\n\n\n<h2 class=\"wp-block-heading\"><mark style=\"background-color:rgba(0, 0, 0, 0)\" class=\"has-inline-color has-black-color\">Por directrices del Sr. Alcalde Municipal <a href=\"https:\/\/www.facebook.com\/profile.php?id=100065359905403&amp;__cft__[0]=AZV9M7-XvvBu2cWLwOgMvfd17ceubR9poZboXyyTkeBRtCTELEE_4vN0vplZABO8BiNDMPVT0WYCFEI9xVcPu6IWy_a4Au0lWBF7CWb99VOSYhM-fuQSJzshj0qzuIg1ytYZKtkFMzdIZP2v01idijQu_7w_hEklJcolOrTsc6Xrc8Er9ZhH0Rfl-yU60qogKNq20Mo2qmNQxiKmKk_8EOKp&amp;__tn__=-]K-R\">Ram\u00f3n Raymundo<\/a> y su Honorable Concejo Municipal a trav\u00e9s de la Direcci\u00f3n Municipal de Servicios P\u00fablicos -DMSP- realiza limpieza y lavado  del mercado municipal  (Piso Plaza), con el objetivo de tener el mercado limpio y que los vecinos puedan tener una visita agradable.<\/mark><\/h2>\n\n\n\n<h2 class=\"wp-block-heading\"><a href=\"https:\/\/www.facebook.com\/hashtag\/construyendofuturo?__eep__=6&amp;__cft__[0]=AZV9M7-XvvBu2cWLwOgMvfd17ceubR9poZboXyyTkeBRtCTELEE_4vN0vplZABO8BiNDMPVT0WYCFEI9xVcPu6IWy_a4Au0lWBF7CWb99VOSYhM-fuQSJzshj0qzuIg1ytYZKtkFMzdIZP2v01idijQu_7w_hEklJcolOrTsc6Xrc8Er9ZhH0Rfl-yU60qogKNq20Mo2qmNQxiKmKk_8EOKp&amp;__tn__=*NK-R\"><mark style=\"background-color:rgba(0, 0, 0, 0);color:#4f0707\" class=\"has-inline-color\">#ConstruyendoFuturo<\/mark><\/a><\/h2>\n\n\n\n<iframe src=\"https:\/\/www.facebook.com\/plugins\/post.php?href=https%3A%2F%2Fwww.facebook.com%2Fphoto.php%3Ffbid%3D860909556066506%26set%3Da.359717012852432%26type%3D3&#038;show_text=true&#038;width=8000\" width=\"8000\" height=\"890\" style=\"border:none;overflow:hidden\" scrolling=\"no\" frameborder=\"0\" allowfullscreen=\"true\" allow=\"autoplay; clipboard-write; encrypted-media; picture-in-picture; web-share\"><\/iframe>\n\n\n\n<figure class=\"wp-block-image size-full is-resized\"><img  title=\"\" decoding=\"async\" src=\"https:\/\/municipalidaddenebaj.com\/wp-content\/uploads\/2024\/06\/image-21.png\"  alt=\"image-21 JORNADA DE LIMPIEZA\"  class=\"wp-image-32873\" style=\"width:1450px;height:auto\"\/><\/figure>\n","protected":false},"excerpt":{"rendered":"<p>\u00a1Jornadas de limpieza! Por directrices del Sr. Alcalde Municipal Ram\u00f3n Raymundo y su Honorable Concejo&#8230;<\/p>\n","protected":false},"author":2,"featured_media":32872,"comment_status":"open","ping_status":"open","sticky":false,"template":"","format":"standard","meta":{"_eb_attr":"","_monsterinsights_skip_tracking":false,"_monsterinsights_sitenote_active":false,"_monsterinsights_sitenote_note":"","_monsterinsights_sitenote_category":0,"footnotes":""},"categories":[1],"tags":[],"class_list":["post-32871","post","type-post","status-publish","format-standard","has-post-thumbnail","hentry","category-uncategorized"],"featured_image_urls":{"full":["https:\/\/municipalidaddenebaj.com\/wp-content\/uploads\/2024\/06\/448247498_860909836066478_5847437579565972339_n-1.jpg",1080,1080,false],"thumbnail":["https:\/\/municipalidaddenebaj.com\/wp-content\/uploads\/2024\/06\/448247498_860909836066478_5847437579565972339_n-1-161x161.jpg",161,161,true],"medium":["https:\/\/municipalidaddenebaj.com\/wp-content\/uploads\/2024\/06\/448247498_860909836066478_5847437579565972339_n-1-350x350.jpg",350,350,true],"medium_large":["https:\/\/municipalidaddenebaj.com\/wp-content\/uploads\/2024\/06\/448247498_860909836066478_5847437579565972339_n-1-768x768.jpg",640,640,true],"large":["https:\/\/municipalidaddenebaj.com\/wp-content\/uploads\/2024\/06\/448247498_860909836066478_5847437579565972339_n-1-1024x1024.jpg",510,510,true],"ezd_searrch_thumb16x16":["https:\/\/municipalidaddenebaj.com\/wp-content\/uploads\/2024\/06\/448247498_860909836066478_5847437579565972339_n-1.jpg",16,16,false],"ezd_searrch_thumb50x50":["https:\/\/municipalidaddenebaj.com\/wp-content\/uploads\/2024\/06\/448247498_860909836066478_5847437579565972339_n-1.jpg",50,50,false],"1536x1536":["https:\/\/municipalidaddenebaj.com\/wp-content\/uploads\/2024\/06\/448247498_860909836066478_5847437579565972339_n-1.jpg",1080,1080,false],"2048x2048":["https:\/\/municipalidaddenebaj.com\/wp-content\/uploads\/2024\/06\/448247498_860909836066478_5847437579565972339_n-1.jpg",1080,1080,false],"covernews-featured":["https:\/\/municipalidaddenebaj.com\/wp-content\/uploads\/2024\/06\/448247498_860909836066478_5847437579565972339_n-1-1024x1024.jpg",1024,1024,true],"covernews-medium":["https:\/\/municipalidaddenebaj.com\/wp-content\/uploads\/2024\/06\/448247498_860909836066478_5847437579565972339_n-1-540x340.jpg",540,340,true],"woocommerce_thumbnail":["https:\/\/municipalidaddenebaj.com\/wp-content\/uploads\/2024\/06\/448247498_860909836066478_5847437579565972339_n-1-300x300.jpg",300,300,true],"woocommerce_single":["https:\/\/municipalidaddenebaj.com\/wp-content\/uploads\/2024\/06\/448247498_860909836066478_5847437579565972339_n-1-600x600.jpg",600,600,true],"woocommerce_gallery_thumbnail":["https:\/\/municipalidaddenebaj.com\/wp-content\/uploads\/2024\/06\/448247498_860909836066478_5847437579565972339_n-1-100x100.jpg",100,100,true]},"author_info":{"display_name":"Editor Editor","author_link":"https:\/\/municipalidaddenebaj.com\/?author=2"},"category_info":"<a href=\"https:\/\/municipalidaddenebaj.com\/?cat=1\" rel=\"category\">Uncategorized<\/a>","tag_info":"Uncategorized","comment_count":"0","_links":{"self":[{"href":"https:\/\/municipalidaddenebaj.com\/index.php?rest_route=\/wp\/v2\/posts\/32871","targetHints":{"allow":["GET"]}}],"collection":[{"href":"https:\/\/municipalidaddenebaj.com\/index.php?rest_route=\/wp\/v2\/posts"}],"about":[{"href":"https:\/\/municipalidaddenebaj.com\/index.php?rest_route=\/wp\/v2\/types\/post"}],"author":[{"embeddable":true,"href":"https:\/\/municipalidaddenebaj.com\/index.php?rest_route=\/wp\/v2\/users\/2"}],"replies":[{"embeddable":true,"href":"https:\/\/municipalidaddenebaj.com\/index.php?rest_route=%2Fwp%2Fv2%2Fcomments&post=32871"}],"version-history":[{"count":0,"href":"https:\/\/municipalidaddenebaj.com\/index.php?rest_route=\/wp\/v2\/posts\/32871\/revisions"}],"wp:featuredmedia":[{"embeddable":true,"href":"https:\/\/municipalidaddenebaj.com\/index.php?rest_route=\/wp\/v2\/media\/32872"}],"wp:attachment":[{"href":"https:\/\/municipalidaddenebaj.com\/index.php?rest_route=%2Fwp%2Fv2%2Fmedia&parent=32871"}],"wp:term":[{"taxonomy":"category","embeddable":true,"href":"https:\/\/municipalidaddenebaj.com\/index.php?rest_route=%2Fwp%2Fv2%2Fcategories&post=32871"},{"taxonomy":"post_tag","embeddable":true,"href":"https:\/\/municipalidaddenebaj.com\/index.php?rest_route=%2Fwp%2Fv2%2Ftags&post=32871"}],"curies":[{"name":"wp","href":"https:\/\/api.w.org\/{rel}","templated":true}]}}