{"id":32913,"date":"2024-06-13T23:06:40","date_gmt":"2024-06-13T23:06:40","guid":{"rendered":"https:\/\/municipalidaddenebaj.com\/?p=32913"},"modified":"2024-06-13T23:06:41","modified_gmt":"2024-06-13T23:06:41","slug":"inscripcion-adulto-mayor","status":"publish","type":"post","link":"https:\/\/municipalidaddenebaj.com\/?p=32913","title":{"rendered":"INSCRIPCI\u00d3N  ADULTO MAYOR"},"content":{"rendered":"\n<h2 class=\"wp-block-heading\">\u00a1 Inscripci\u00f3n de adulto mayor !<\/h2>\n\n\n\n<h2 class=\"wp-block-heading\"><mark style=\"background-color:rgba(0, 0, 0, 0)\" class=\"has-inline-color has-black-color\">El Sr. Alcalde <a href=\"https:\/\/www.facebook.com\/profile.php?id=100065359905403&amp;__cft__[0]=AZWr8b1C71cu-j9mRToY6rl-0dL4K8xKVrxi4xD1VgtS8pCUGD_0Sq6V4hH8aGcZz-jnhWnp5rkL2LzRc_BbV4ckrFg7ie0PnP6NxA4vsFpBedX1Dn0Vo9s9plLcVsNhCM74tTS2_SlXNa_H6VFKtRfxs4RckHnanZMkLQ9e4JPj4Jybw_GfqNtk5jqOjKGlMuQVmHzs40KFFnDwqvA2Qk2p&amp;__tn__=-]K-R\">Ram\u00f3n Raymundo<\/a> y su Honorable Concejo, a trav\u00e9s de la Coordinaci\u00f3n del Adulto Mayor y Discapacidad bajo la Direcci\u00f3n de Asuntos Sociales y Econ\u00f3micos -DIMASEC-, realiz\u00f3 la inscripci\u00f3n de adultos mayores en la oficina del Ministerio de Trabajo y Previsi\u00f3n Social, ubicada en Santa Cruz del Quich\u00e9. Esto con la finalidad de que nuestros adultos sean parte del programa \u00abAdulto Mayor\u00bb y tengan la oportunidad de optar a un beneficio<\/mark>.<\/h2>\n\n\n\n<h2 class=\"wp-block-heading\"><a href=\"https:\/\/www.facebook.com\/hashtag\/construyendofuturo?__eep__=6&amp;__cft__[0]=AZWr8b1C71cu-j9mRToY6rl-0dL4K8xKVrxi4xD1VgtS8pCUGD_0Sq6V4hH8aGcZz-jnhWnp5rkL2LzRc_BbV4ckrFg7ie0PnP6NxA4vsFpBedX1Dn0Vo9s9plLcVsNhCM74tTS2_SlXNa_H6VFKtRfxs4RckHnanZMkLQ9e4JPj4Jybw_GfqNtk5jqOjKGlMuQVmHzs40KFFnDwqvA2Qk2p&amp;__tn__=*NK-R\">#ConstruyendoFuturo<\/a><\/h2>\n\n\n\n<iframe src=\"https:\/\/www.facebook.com\/plugins\/post.php?href=https%3A%2F%2Fwww.facebook.com%2Fphoto.php%3Ffbid%3D861684632655665%26set%3Da.359717012852432%26type%3D3&#038;show_text=true&#038;width=8000\" width=\"8000\" height=\"629\" style=\"border:none;overflow:hidden\" scrolling=\"no\" frameborder=\"0\" allowfullscreen=\"true\" allow=\"autoplay; clipboard-write; encrypted-media; picture-in-picture; web-share\"><\/iframe>\n\n\n\n<figure class=\"wp-block-image size-full is-resized\"><img  title=\"\" decoding=\"async\" src=\"https:\/\/municipalidaddenebaj.com\/wp-content\/uploads\/2024\/06\/image-24.png\"  alt=\"image-24 INSCRIPCI\u00d3N  ADULTO MAYOR\"  class=\"wp-image-32915\" style=\"width:1450px;height:auto\"\/><\/figure>\n","protected":false},"excerpt":{"rendered":"<p>\u00a1 Inscripci\u00f3n de adulto mayor ! El Sr. Alcalde Ram\u00f3n Raymundo y su Honorable Concejo,&#8230;<\/p>\n","protected":false},"author":2,"featured_media":32914,"comment_status":"open","ping_status":"open","sticky":false,"template":"","format":"standard","meta":{"_eb_attr":"","_monsterinsights_skip_tracking":false,"_monsterinsights_sitenote_active":false,"_monsterinsights_sitenote_note":"","_monsterinsights_sitenote_category":0,"footnotes":""},"categories":[1],"tags":[],"class_list":["post-32913","post","type-post","status-publish","format-standard","has-post-thumbnail","hentry","category-uncategorized"],"featured_image_urls":{"full":["https:\/\/municipalidaddenebaj.com\/wp-content\/uploads\/2024\/06\/417465183_861684972655631_7372428301803446033_n.jpg",1080,1080,false],"thumbnail":["https:\/\/municipalidaddenebaj.com\/wp-content\/uploads\/2024\/06\/417465183_861684972655631_7372428301803446033_n-161x161.jpg",161,161,true],"medium":["https:\/\/municipalidaddenebaj.com\/wp-content\/uploads\/2024\/06\/417465183_861684972655631_7372428301803446033_n-350x350.jpg",350,350,true],"medium_large":["https:\/\/municipalidaddenebaj.com\/wp-content\/uploads\/2024\/06\/417465183_861684972655631_7372428301803446033_n-768x768.jpg",640,640,true],"large":["https:\/\/municipalidaddenebaj.com\/wp-content\/uploads\/2024\/06\/417465183_861684972655631_7372428301803446033_n-1024x1024.jpg",510,510,true],"ezd_searrch_thumb16x16":["https:\/\/municipalidaddenebaj.com\/wp-content\/uploads\/2024\/06\/417465183_861684972655631_7372428301803446033_n.jpg",16,16,false],"ezd_searrch_thumb50x50":["https:\/\/municipalidaddenebaj.com\/wp-content\/uploads\/2024\/06\/417465183_861684972655631_7372428301803446033_n.jpg",50,50,false],"1536x1536":["https:\/\/municipalidaddenebaj.com\/wp-content\/uploads\/2024\/06\/417465183_861684972655631_7372428301803446033_n.jpg",1080,1080,false],"2048x2048":["https:\/\/municipalidaddenebaj.com\/wp-content\/uploads\/2024\/06\/417465183_861684972655631_7372428301803446033_n.jpg",1080,1080,false],"covernews-featured":["https:\/\/municipalidaddenebaj.com\/wp-content\/uploads\/2024\/06\/417465183_861684972655631_7372428301803446033_n-1024x1024.jpg",1024,1024,true],"covernews-medium":["https:\/\/municipalidaddenebaj.com\/wp-content\/uploads\/2024\/06\/417465183_861684972655631_7372428301803446033_n-540x340.jpg",540,340,true],"woocommerce_thumbnail":["https:\/\/municipalidaddenebaj.com\/wp-content\/uploads\/2024\/06\/417465183_861684972655631_7372428301803446033_n-300x300.jpg",300,300,true],"woocommerce_single":["https:\/\/municipalidaddenebaj.com\/wp-content\/uploads\/2024\/06\/417465183_861684972655631_7372428301803446033_n-600x600.jpg",600,600,true],"woocommerce_gallery_thumbnail":["https:\/\/municipalidaddenebaj.com\/wp-content\/uploads\/2024\/06\/417465183_861684972655631_7372428301803446033_n-100x100.jpg",100,100,true]},"author_info":{"display_name":"Editor Editor","author_link":"https:\/\/municipalidaddenebaj.com\/?author=2"},"category_info":"<a href=\"https:\/\/municipalidaddenebaj.com\/?cat=1\" rel=\"category\">Uncategorized<\/a>","tag_info":"Uncategorized","comment_count":"0","_links":{"self":[{"href":"https:\/\/municipalidaddenebaj.com\/index.php?rest_route=\/wp\/v2\/posts\/32913","targetHints":{"allow":["GET"]}}],"collection":[{"href":"https:\/\/municipalidaddenebaj.com\/index.php?rest_route=\/wp\/v2\/posts"}],"about":[{"href":"https:\/\/municipalidaddenebaj.com\/index.php?rest_route=\/wp\/v2\/types\/post"}],"author":[{"embeddable":true,"href":"https:\/\/municipalidaddenebaj.com\/index.php?rest_route=\/wp\/v2\/users\/2"}],"replies":[{"embeddable":true,"href":"https:\/\/municipalidaddenebaj.com\/index.php?rest_route=%2Fwp%2Fv2%2Fcomments&post=32913"}],"version-history":[{"count":0,"href":"https:\/\/municipalidaddenebaj.com\/index.php?rest_route=\/wp\/v2\/posts\/32913\/revisions"}],"wp:featuredmedia":[{"embeddable":true,"href":"https:\/\/municipalidaddenebaj.com\/index.php?rest_route=\/wp\/v2\/media\/32914"}],"wp:attachment":[{"href":"https:\/\/municipalidaddenebaj.com\/index.php?rest_route=%2Fwp%2Fv2%2Fmedia&parent=32913"}],"wp:term":[{"taxonomy":"category","embeddable":true,"href":"https:\/\/municipalidaddenebaj.com\/index.php?rest_route=%2Fwp%2Fv2%2Fcategories&post=32913"},{"taxonomy":"post_tag","embeddable":true,"href":"https:\/\/municipalidaddenebaj.com\/index.php?rest_route=%2Fwp%2Fv2%2Ftags&post=32913"}],"curies":[{"name":"wp","href":"https:\/\/api.w.org\/{rel}","templated":true}]}}