{"id":32922,"date":"2024-06-14T15:00:31","date_gmt":"2024-06-14T15:00:31","guid":{"rendered":"https:\/\/municipalidaddenebaj.com\/?p=32922"},"modified":"2024-06-14T15:16:23","modified_gmt":"2024-06-14T15:16:23","slug":"apoyo-a-migrantes","status":"publish","type":"post","link":"https:\/\/municipalidaddenebaj.com\/?p=32922","title":{"rendered":"APOYO A MIGRANTES"},"content":{"rendered":"\n<h2 class=\"wp-block-heading\">\u00a1Apoyo a migrantes!<\/h2>\n\n\n\n<h2 class=\"wp-block-heading\"><mark style=\"background-color:rgba(0, 0, 0, 0)\" class=\"has-inline-color has-black-color\">El Sr. Alcalde <a href=\"https:\/\/www.facebook.com\/profile.php?id=100065359905403&amp;__cft__[0]=AZVW3EbHLLieyQaqYi4nJNbTfK2fSWa7HXaELHCRhYzkFy6FnGFUzM48Jy1oStdA3LGjMOXlongnk8myJnY5OOHnk_hfgtYYJ6lr-N2qt5GWydmXwrtN22ucbOFSfAYaAT5uoXOEmBMURVC2aqPOyMdCv61HXfbautoK3fko9-HLZNJv4RCdSKRH6fzO-HL-GkdfjdOux42iljjL8wJWQtGU&amp;__tn__=-]K-R\">Ram\u00f3n Raymundo<\/a> y Honorable Concejo a trav\u00e9s de la Direcci\u00f3n de Asuntos Sociales y Econ\u00f3micos en coordinaci\u00f3n con la Organizaci\u00f3n Internacional de Migraci\u00f3n -OIM-, apoyaron con una Gift Card valorada en Q700.\u00b0\u00b0, la cual beneficiar\u00e1 en la compra de insumos para el hogar a cada una de familias beneficiadas.<\/mark><\/h2>\n\n\n\n<h2 class=\"wp-block-heading\"><a href=\"https:\/\/www.facebook.com\/hashtag\/construyendofuturo?__eep__=6&amp;__cft__[0]=AZVW3EbHLLieyQaqYi4nJNbTfK2fSWa7HXaELHCRhYzkFy6FnGFUzM48Jy1oStdA3LGjMOXlongnk8myJnY5OOHnk_hfgtYYJ6lr-N2qt5GWydmXwrtN22ucbOFSfAYaAT5uoXOEmBMURVC2aqPOyMdCv61HXfbautoK3fko9-HLZNJv4RCdSKRH6fzO-HL-GkdfjdOux42iljjL8wJWQtGU&amp;__tn__=*NK-R\">#ConstruyendoFuturo<\/a><\/h2>\n\n\n\n<p><\/p>\n\n\n\n<iframe src=\"https:\/\/www.facebook.com\/plugins\/post.php?href=https%3A%2F%2Fwww.facebook.com%2Fphoto.php%3Ffbid%3D862104879280307%26set%3Da.359717012852432%26type%3D3&#038;show_text=true&#038;width=8000\" width=\"800\" height=\"890\" style=\"border:none;overflow:hidden\" scrolling=\"no\" frameborder=\"0\" allowfullscreen=\"true\" allow=\"autoplay; clipboard-write; encrypted-media; picture-in-picture; web-share\"><\/iframe>\n\n\n\n<figure class=\"wp-block-image size-full is-resized\"><img  title=\"\" decoding=\"async\" src=\"https:\/\/municipalidaddenebaj.com\/wp-content\/uploads\/2024\/06\/image-25.png\"  alt=\"image-25 APOYO A MIGRANTES\"  class=\"wp-image-32923\" style=\"width:1450px;height:auto\"\/><\/figure>\n\n\n\n<p><\/p>\n","protected":false},"excerpt":{"rendered":"<p>\u00a1Apoyo a migrantes! El Sr. Alcalde Ram\u00f3n Raymundo y Honorable Concejo a trav\u00e9s de la&#8230;<\/p>\n","protected":false},"author":2,"featured_media":32926,"comment_status":"open","ping_status":"open","sticky":false,"template":"","format":"standard","meta":{"_eb_attr":"","_monsterinsights_skip_tracking":false,"_monsterinsights_sitenote_active":false,"_monsterinsights_sitenote_note":"","_monsterinsights_sitenote_category":0,"footnotes":""},"categories":[1],"tags":[],"class_list":["post-32922","post","type-post","status-publish","format-standard","has-post-thumbnail","hentry","category-uncategorized"],"featured_image_urls":{"full":["https:\/\/municipalidaddenebaj.com\/wp-content\/uploads\/2024\/06\/417447040_862105319280263_8629049310036416672_n.jpg",1080,1080,false],"thumbnail":["https:\/\/municipalidaddenebaj.com\/wp-content\/uploads\/2024\/06\/417447040_862105319280263_8629049310036416672_n-161x161.jpg",161,161,true],"medium":["https:\/\/municipalidaddenebaj.com\/wp-content\/uploads\/2024\/06\/417447040_862105319280263_8629049310036416672_n-350x350.jpg",350,350,true],"medium_large":["https:\/\/municipalidaddenebaj.com\/wp-content\/uploads\/2024\/06\/417447040_862105319280263_8629049310036416672_n-768x768.jpg",640,640,true],"large":["https:\/\/municipalidaddenebaj.com\/wp-content\/uploads\/2024\/06\/417447040_862105319280263_8629049310036416672_n-1024x1024.jpg",510,510,true],"ezd_searrch_thumb16x16":["https:\/\/municipalidaddenebaj.com\/wp-content\/uploads\/2024\/06\/417447040_862105319280263_8629049310036416672_n.jpg",16,16,false],"ezd_searrch_thumb50x50":["https:\/\/municipalidaddenebaj.com\/wp-content\/uploads\/2024\/06\/417447040_862105319280263_8629049310036416672_n.jpg",50,50,false],"1536x1536":["https:\/\/municipalidaddenebaj.com\/wp-content\/uploads\/2024\/06\/417447040_862105319280263_8629049310036416672_n.jpg",1080,1080,false],"2048x2048":["https:\/\/municipalidaddenebaj.com\/wp-content\/uploads\/2024\/06\/417447040_862105319280263_8629049310036416672_n.jpg",1080,1080,false],"covernews-featured":["https:\/\/municipalidaddenebaj.com\/wp-content\/uploads\/2024\/06\/417447040_862105319280263_8629049310036416672_n-1024x1024.jpg",1024,1024,true],"covernews-medium":["https:\/\/municipalidaddenebaj.com\/wp-content\/uploads\/2024\/06\/417447040_862105319280263_8629049310036416672_n-540x340.jpg",540,340,true],"woocommerce_thumbnail":["https:\/\/municipalidaddenebaj.com\/wp-content\/uploads\/2024\/06\/417447040_862105319280263_8629049310036416672_n-300x300.jpg",300,300,true],"woocommerce_single":["https:\/\/municipalidaddenebaj.com\/wp-content\/uploads\/2024\/06\/417447040_862105319280263_8629049310036416672_n-600x600.jpg",600,600,true],"woocommerce_gallery_thumbnail":["https:\/\/municipalidaddenebaj.com\/wp-content\/uploads\/2024\/06\/417447040_862105319280263_8629049310036416672_n-100x100.jpg",100,100,true]},"author_info":{"display_name":"Editor Editor","author_link":"https:\/\/municipalidaddenebaj.com\/?author=2"},"category_info":"<a href=\"https:\/\/municipalidaddenebaj.com\/?cat=1\" rel=\"category\">Uncategorized<\/a>","tag_info":"Uncategorized","comment_count":"0","_links":{"self":[{"href":"https:\/\/municipalidaddenebaj.com\/index.php?rest_route=\/wp\/v2\/posts\/32922","targetHints":{"allow":["GET"]}}],"collection":[{"href":"https:\/\/municipalidaddenebaj.com\/index.php?rest_route=\/wp\/v2\/posts"}],"about":[{"href":"https:\/\/municipalidaddenebaj.com\/index.php?rest_route=\/wp\/v2\/types\/post"}],"author":[{"embeddable":true,"href":"https:\/\/municipalidaddenebaj.com\/index.php?rest_route=\/wp\/v2\/users\/2"}],"replies":[{"embeddable":true,"href":"https:\/\/municipalidaddenebaj.com\/index.php?rest_route=%2Fwp%2Fv2%2Fcomments&post=32922"}],"version-history":[{"count":0,"href":"https:\/\/municipalidaddenebaj.com\/index.php?rest_route=\/wp\/v2\/posts\/32922\/revisions"}],"wp:featuredmedia":[{"embeddable":true,"href":"https:\/\/municipalidaddenebaj.com\/index.php?rest_route=\/wp\/v2\/media\/32926"}],"wp:attachment":[{"href":"https:\/\/municipalidaddenebaj.com\/index.php?rest_route=%2Fwp%2Fv2%2Fmedia&parent=32922"}],"wp:term":[{"taxonomy":"category","embeddable":true,"href":"https:\/\/municipalidaddenebaj.com\/index.php?rest_route=%2Fwp%2Fv2%2Fcategories&post=32922"},{"taxonomy":"post_tag","embeddable":true,"href":"https:\/\/municipalidaddenebaj.com\/index.php?rest_route=%2Fwp%2Fv2%2Ftags&post=32922"}],"curies":[{"name":"wp","href":"https:\/\/api.w.org\/{rel}","templated":true}]}}