{"id":32940,"date":"2024-06-14T23:24:16","date_gmt":"2024-06-14T23:24:16","guid":{"rendered":"https:\/\/municipalidaddenebaj.com\/?p=32940"},"modified":"2024-06-14T23:24:19","modified_gmt":"2024-06-14T23:24:19","slug":"exhibicion-y-venta-de-flores-naturales","status":"publish","type":"post","link":"https:\/\/municipalidaddenebaj.com\/?p=32940","title":{"rendered":"EXHIBICI\u00d3N  Y VENTA DE FLORES NATURALES."},"content":{"rendered":"\n<h2 class=\"wp-block-heading\"><strong><mark style=\"background-color:rgba(0, 0, 0, 0)\" class=\"has-inline-color has-black-color\">El Sr. Alcalde Municipal <a href=\"https:\/\/www.facebook.com\/profile.php?id=100065359905403&amp;__cft__[0]=AZXeXqeCGqhJz8w2xySPCl4ijQWVHn9vX9vaoYa6o817zAJTCgGd7Yp--I3K29dKAw7gbLpNY_0c5IMBqePeR-tE0zpXZnGMfPAdnlXRoX-WQkRtgZ8mD0ab78fnsGLJM_1Xj-pJ8I6UlHn3pezN2zvxOBFwLwA1Irtu8aYLsw8x7d96cDIRV3pJ_eMlBr_gudyt1xGS4P7RZhjHfPQrHjBM&amp;__tn__=-]K-R\">Ram\u00f3n Raymundo<\/a> y su Honorable Concejo Municipal a trav\u00e9s de la Direcci\u00f3n Municipal de la Mujer, te invitan a la gran exhibici\u00f3n y venta de flores Naturales.<\/mark><\/strong><\/h2>\n\n\n\n<h2 class=\"wp-block-heading\"><a href=\"https:\/\/www.facebook.com\/hashtag\/construyendofuturo?__eep__=6&amp;__cft__[0]=AZXeXqeCGqhJz8w2xySPCl4ijQWVHn9vX9vaoYa6o817zAJTCgGd7Yp--I3K29dKAw7gbLpNY_0c5IMBqePeR-tE0zpXZnGMfPAdnlXRoX-WQkRtgZ8mD0ab78fnsGLJM_1Xj-pJ8I6UlHn3pezN2zvxOBFwLwA1Irtu8aYLsw8x7d96cDIRV3pJ_eMlBr_gudyt1xGS4P7RZhjHfPQrHjBM&amp;__tn__=*NK-R\">#ConstruyendoFuturo<\/a><\/h2>\n\n\n\n<figure class=\"wp-block-image size-full is-resized\"><img  title=\"\" decoding=\"async\" src=\"https:\/\/municipalidaddenebaj.com\/wp-content\/uploads\/2024\/06\/image-27.png\"  alt=\"image-27 EXHIBICI\u00d3N  Y VENTA DE FLORES NATURALES.\"  class=\"wp-image-32941\" style=\"width:1450px;height:auto\"\/><\/figure>\n\n\n\n<p><\/p>\n","protected":false},"excerpt":{"rendered":"<p>El Sr. Alcalde Municipal Ram\u00f3n Raymundo y su Honorable Concejo Municipal a trav\u00e9s de la&#8230;<\/p>\n","protected":false},"author":2,"featured_media":32942,"comment_status":"open","ping_status":"open","sticky":false,"template":"","format":"standard","meta":{"_eb_attr":"","_monsterinsights_skip_tracking":false,"_monsterinsights_sitenote_active":false,"_monsterinsights_sitenote_note":"","_monsterinsights_sitenote_category":0,"footnotes":""},"categories":[1],"tags":[],"class_list":["post-32940","post","type-post","status-publish","format-standard","has-post-thumbnail","hentry","category-uncategorized"],"featured_image_urls":{"full":["https:\/\/municipalidaddenebaj.com\/wp-content\/uploads\/2024\/06\/417451247_862308295926632_1360183206236385927_n.jpg",1600,1531,false],"thumbnail":["https:\/\/municipalidaddenebaj.com\/wp-content\/uploads\/2024\/06\/417451247_862308295926632_1360183206236385927_n-161x161.jpg",161,161,true],"medium":["https:\/\/municipalidaddenebaj.com\/wp-content\/uploads\/2024\/06\/417451247_862308295926632_1360183206236385927_n-350x335.jpg",350,335,true],"medium_large":["https:\/\/municipalidaddenebaj.com\/wp-content\/uploads\/2024\/06\/417451247_862308295926632_1360183206236385927_n-768x735.jpg",640,613,true],"large":["https:\/\/municipalidaddenebaj.com\/wp-content\/uploads\/2024\/06\/417451247_862308295926632_1360183206236385927_n-1024x980.jpg",510,488,true],"ezd_searrch_thumb16x16":["https:\/\/municipalidaddenebaj.com\/wp-content\/uploads\/2024\/06\/417451247_862308295926632_1360183206236385927_n.jpg",16,16,false],"ezd_searrch_thumb50x50":["https:\/\/municipalidaddenebaj.com\/wp-content\/uploads\/2024\/06\/417451247_862308295926632_1360183206236385927_n.jpg",50,48,false],"1536x1536":["https:\/\/municipalidaddenebaj.com\/wp-content\/uploads\/2024\/06\/417451247_862308295926632_1360183206236385927_n-1536x1470.jpg",1536,1470,true],"2048x2048":["https:\/\/municipalidaddenebaj.com\/wp-content\/uploads\/2024\/06\/417451247_862308295926632_1360183206236385927_n.jpg",1600,1531,false],"covernews-featured":["https:\/\/municipalidaddenebaj.com\/wp-content\/uploads\/2024\/06\/417451247_862308295926632_1360183206236385927_n-1024x980.jpg",1024,980,true],"covernews-medium":["https:\/\/municipalidaddenebaj.com\/wp-content\/uploads\/2024\/06\/417451247_862308295926632_1360183206236385927_n-540x340.jpg",540,340,true],"woocommerce_thumbnail":["https:\/\/municipalidaddenebaj.com\/wp-content\/uploads\/2024\/06\/417451247_862308295926632_1360183206236385927_n-300x300.jpg",300,300,true],"woocommerce_single":["https:\/\/municipalidaddenebaj.com\/wp-content\/uploads\/2024\/06\/417451247_862308295926632_1360183206236385927_n-600x574.jpg",600,574,true],"woocommerce_gallery_thumbnail":["https:\/\/municipalidaddenebaj.com\/wp-content\/uploads\/2024\/06\/417451247_862308295926632_1360183206236385927_n-100x100.jpg",100,100,true]},"author_info":{"display_name":"Editor Editor","author_link":"https:\/\/municipalidaddenebaj.com\/?author=2"},"category_info":"<a href=\"https:\/\/municipalidaddenebaj.com\/?cat=1\" rel=\"category\">Uncategorized<\/a>","tag_info":"Uncategorized","comment_count":"0","_links":{"self":[{"href":"https:\/\/municipalidaddenebaj.com\/index.php?rest_route=\/wp\/v2\/posts\/32940","targetHints":{"allow":["GET"]}}],"collection":[{"href":"https:\/\/municipalidaddenebaj.com\/index.php?rest_route=\/wp\/v2\/posts"}],"about":[{"href":"https:\/\/municipalidaddenebaj.com\/index.php?rest_route=\/wp\/v2\/types\/post"}],"author":[{"embeddable":true,"href":"https:\/\/municipalidaddenebaj.com\/index.php?rest_route=\/wp\/v2\/users\/2"}],"replies":[{"embeddable":true,"href":"https:\/\/municipalidaddenebaj.com\/index.php?rest_route=%2Fwp%2Fv2%2Fcomments&post=32940"}],"version-history":[{"count":0,"href":"https:\/\/municipalidaddenebaj.com\/index.php?rest_route=\/wp\/v2\/posts\/32940\/revisions"}],"wp:featuredmedia":[{"embeddable":true,"href":"https:\/\/municipalidaddenebaj.com\/index.php?rest_route=\/wp\/v2\/media\/32942"}],"wp:attachment":[{"href":"https:\/\/municipalidaddenebaj.com\/index.php?rest_route=%2Fwp%2Fv2%2Fmedia&parent=32940"}],"wp:term":[{"taxonomy":"category","embeddable":true,"href":"https:\/\/municipalidaddenebaj.com\/index.php?rest_route=%2Fwp%2Fv2%2Fcategories&post=32940"},{"taxonomy":"post_tag","embeddable":true,"href":"https:\/\/municipalidaddenebaj.com\/index.php?rest_route=%2Fwp%2Fv2%2Ftags&post=32940"}],"curies":[{"name":"wp","href":"https:\/\/api.w.org\/{rel}","templated":true}]}}