{"id":33138,"date":"2024-06-25T16:34:14","date_gmt":"2024-06-25T16:34:14","guid":{"rendered":"https:\/\/municipalidaddenebaj.com\/?p=33138"},"modified":"2024-06-25T16:34:17","modified_gmt":"2024-06-25T16:34:17","slug":"inauguracion-del-proyecto-denominado-mejoramiento-calle-canton-vipila","status":"publish","type":"post","link":"https:\/\/municipalidaddenebaj.com\/?p=33138","title":{"rendered":"INAUGURACI\u00d3N  DEL PROYECTO DENOMINADO \u00abMEJORAMIENTO CALLE CANT\u00d3N VIPILA\u00bb"},"content":{"rendered":"\n<h2 class=\"wp-block-heading\">\u00a1Inauguraci\u00f3n!<\/h2>\n\n\n\n<h2 class=\"wp-block-heading\">El Sr. Alcalde Municipal <a href=\"https:\/\/www.facebook.com\/profile.php?id=100065359905403&amp;__cft__[0]=AZWye3CxtzexqQ-ayqGKLupAAyJmZbuRS8ATxkPyxMJrhoYZ3NADD3yFZnXEk9DvbsU9XUCisKWByStTd3qX35V1_XQZ7oUi0kkj3_0cBCiQO2ZQfOnSLY5YIV7lDK02bWwTx6xg87hEaTLSz1d-fI6fwMWS-muU1sVObigMVFq278-B6NXF6wroxqVAJCshgF1aFwji-w3I4VwmsijUKrZx&amp;__tn__=-]K-R\">Ram\u00f3n Raymundo<\/a> y Honorable Concejo, COCODES y Vecinos del Cant\u00f3n Vipila, inauguraron el proyecto \u00abMejoramiento Calle Cant\u00f3n Vipila, Nebaj-Quich\u00e9\u00bb con el objetivo de beneficiar a vecinos de nuestro Municipio con calles en buen estado, tanto para paso peatonal y vehicular.<\/h2>\n\n\n\n<h2 class=\"wp-block-heading\"><a href=\"https:\/\/www.facebook.com\/hashtag\/construyendofuturo?__eep__=6&amp;__cft__[0]=AZWye3CxtzexqQ-ayqGKLupAAyJmZbuRS8ATxkPyxMJrhoYZ3NADD3yFZnXEk9DvbsU9XUCisKWByStTd3qX35V1_XQZ7oUi0kkj3_0cBCiQO2ZQfOnSLY5YIV7lDK02bWwTx6xg87hEaTLSz1d-fI6fwMWS-muU1sVObigMVFq278-B6NXF6wroxqVAJCshgF1aFwji-w3I4VwmsijUKrZx&amp;__tn__=*NK-R\">#ConstruyendoFuturo<\/a><\/h2>\n\n\n\n<iframe src=\"https:\/\/www.facebook.com\/plugins\/post.php?href=https%3A%2F%2Fwww.facebook.com%2Fpermalink.php%3Fstory_fbid%3Dpfbid0r5qGDoJWrRHnM9vLfAFKVkM3g7TrNVMLVqsuPnjecgPDLUG1g53DB4Moq6iTxA5dl%26id%3D100064424092491&#038;show_text=true&#038;width=8000\" width=\"8000\" height=\"890\" style=\"border:none;overflow:hidden\" scrolling=\"no\" frameborder=\"0\" allowfullscreen=\"true\" allow=\"autoplay; clipboard-write; encrypted-media; picture-in-picture; web-share\"><\/iframe>\n\n\n\n<figure class=\"wp-block-image size-full is-resized\"><img  title=\"\" decoding=\"async\" src=\"https:\/\/municipalidaddenebaj.com\/wp-content\/uploads\/2024\/06\/image-38.png\"  alt=\"image-38 INAUGURACI\u00d3N  DEL PROYECTO DENOMINADO &quot;MEJORAMIENTO CALLE CANT\u00d3N VIPILA&quot;\"  class=\"wp-image-33139\" style=\"width:1450px;height:auto\"\/><\/figure>\n","protected":false},"excerpt":{"rendered":"<p>\u00a1Inauguraci\u00f3n! El Sr. Alcalde Municipal Ram\u00f3n Raymundo y Honorable Concejo, COCODES y Vecinos del Cant\u00f3n&#8230;<\/p>\n","protected":false},"author":2,"featured_media":33140,"comment_status":"open","ping_status":"open","sticky":false,"template":"","format":"standard","meta":{"_eb_attr":"","_monsterinsights_skip_tracking":false,"_monsterinsights_sitenote_active":false,"_monsterinsights_sitenote_note":"","_monsterinsights_sitenote_category":0,"footnotes":""},"categories":[1],"tags":[],"class_list":["post-33138","post","type-post","status-publish","format-standard","has-post-thumbnail","hentry","category-uncategorized"],"featured_image_urls":{"full":["https:\/\/municipalidaddenebaj.com\/wp-content\/uploads\/2024\/06\/448944525_869011115256350_8580909439382394986_n.jpg",1080,1080,false],"thumbnail":["https:\/\/municipalidaddenebaj.com\/wp-content\/uploads\/2024\/06\/448944525_869011115256350_8580909439382394986_n-161x161.jpg",161,161,true],"medium":["https:\/\/municipalidaddenebaj.com\/wp-content\/uploads\/2024\/06\/448944525_869011115256350_8580909439382394986_n-350x350.jpg",350,350,true],"medium_large":["https:\/\/municipalidaddenebaj.com\/wp-content\/uploads\/2024\/06\/448944525_869011115256350_8580909439382394986_n-768x768.jpg",640,640,true],"large":["https:\/\/municipalidaddenebaj.com\/wp-content\/uploads\/2024\/06\/448944525_869011115256350_8580909439382394986_n-1024x1024.jpg",510,510,true],"ezd_searrch_thumb16x16":["https:\/\/municipalidaddenebaj.com\/wp-content\/uploads\/2024\/06\/448944525_869011115256350_8580909439382394986_n.jpg",16,16,false],"ezd_searrch_thumb50x50":["https:\/\/municipalidaddenebaj.com\/wp-content\/uploads\/2024\/06\/448944525_869011115256350_8580909439382394986_n.jpg",50,50,false],"1536x1536":["https:\/\/municipalidaddenebaj.com\/wp-content\/uploads\/2024\/06\/448944525_869011115256350_8580909439382394986_n.jpg",1080,1080,false],"2048x2048":["https:\/\/municipalidaddenebaj.com\/wp-content\/uploads\/2024\/06\/448944525_869011115256350_8580909439382394986_n.jpg",1080,1080,false],"covernews-featured":["https:\/\/municipalidaddenebaj.com\/wp-content\/uploads\/2024\/06\/448944525_869011115256350_8580909439382394986_n-1024x1024.jpg",1024,1024,true],"covernews-medium":["https:\/\/municipalidaddenebaj.com\/wp-content\/uploads\/2024\/06\/448944525_869011115256350_8580909439382394986_n-540x340.jpg",540,340,true],"woocommerce_thumbnail":["https:\/\/municipalidaddenebaj.com\/wp-content\/uploads\/2024\/06\/448944525_869011115256350_8580909439382394986_n-300x300.jpg",300,300,true],"woocommerce_single":["https:\/\/municipalidaddenebaj.com\/wp-content\/uploads\/2024\/06\/448944525_869011115256350_8580909439382394986_n-600x600.jpg",600,600,true],"woocommerce_gallery_thumbnail":["https:\/\/municipalidaddenebaj.com\/wp-content\/uploads\/2024\/06\/448944525_869011115256350_8580909439382394986_n-100x100.jpg",100,100,true]},"author_info":{"display_name":"Editor Editor","author_link":"https:\/\/municipalidaddenebaj.com\/?author=2"},"category_info":"<a href=\"https:\/\/municipalidaddenebaj.com\/?cat=1\" rel=\"category\">Uncategorized<\/a>","tag_info":"Uncategorized","comment_count":"0","_links":{"self":[{"href":"https:\/\/municipalidaddenebaj.com\/index.php?rest_route=\/wp\/v2\/posts\/33138","targetHints":{"allow":["GET"]}}],"collection":[{"href":"https:\/\/municipalidaddenebaj.com\/index.php?rest_route=\/wp\/v2\/posts"}],"about":[{"href":"https:\/\/municipalidaddenebaj.com\/index.php?rest_route=\/wp\/v2\/types\/post"}],"author":[{"embeddable":true,"href":"https:\/\/municipalidaddenebaj.com\/index.php?rest_route=\/wp\/v2\/users\/2"}],"replies":[{"embeddable":true,"href":"https:\/\/municipalidaddenebaj.com\/index.php?rest_route=%2Fwp%2Fv2%2Fcomments&post=33138"}],"version-history":[{"count":0,"href":"https:\/\/municipalidaddenebaj.com\/index.php?rest_route=\/wp\/v2\/posts\/33138\/revisions"}],"wp:featuredmedia":[{"embeddable":true,"href":"https:\/\/municipalidaddenebaj.com\/index.php?rest_route=\/wp\/v2\/media\/33140"}],"wp:attachment":[{"href":"https:\/\/municipalidaddenebaj.com\/index.php?rest_route=%2Fwp%2Fv2%2Fmedia&parent=33138"}],"wp:term":[{"taxonomy":"category","embeddable":true,"href":"https:\/\/municipalidaddenebaj.com\/index.php?rest_route=%2Fwp%2Fv2%2Fcategories&post=33138"},{"taxonomy":"post_tag","embeddable":true,"href":"https:\/\/municipalidaddenebaj.com\/index.php?rest_route=%2Fwp%2Fv2%2Ftags&post=33138"}],"curies":[{"name":"wp","href":"https:\/\/api.w.org\/{rel}","templated":true}]}}