{"id":33142,"date":"2024-06-25T16:39:00","date_gmt":"2024-06-25T16:39:00","guid":{"rendered":"https:\/\/municipalidaddenebaj.com\/?p=33142"},"modified":"2024-06-25T16:39:02","modified_gmt":"2024-06-25T16:39:02","slug":"campana-de-reforestacion-2","status":"publish","type":"post","link":"https:\/\/municipalidaddenebaj.com\/?p=33142","title":{"rendered":"CAMPA\u00d1A DE REFORESTACI\u00d3N"},"content":{"rendered":"\n<h2 class=\"wp-block-heading\"><strong><mark style=\"background-color:rgba(0, 0, 0, 0)\" class=\"has-inline-color has-black-color\">\u00a1Campa\u00f1a de Reforestaci\u00f3n! <img  title=\"\" decoding=\"async\" height=\"16\" width=\"16\" src=\"https:\/\/static.xx.fbcdn.net\/images\/emoji.php\/v9\/tea\/1\/16\/1f332.png\"  alt=\"1f332 CAMPA\u00d1A DE REFORESTACI\u00d3N\" ><\/mark><\/strong><\/h2>\n\n\n\n<h2 class=\"wp-block-heading\"><mark style=\"background-color:rgba(0, 0, 0, 0)\" class=\"has-inline-color has-black-color\"><em>La Direcci\u00f3n Municipal de Ordenamiento Territorial -DIMOT-, Oficina Forestal Municipal, Oficina Municipal de Ambiente, Recursos Naturales y de Cuencas, y Oficina Integral de Gesti\u00f3n de Riesgo OMGIRD.<\/em><\/mark><\/h2>\n\n\n\n<h2 class=\"wp-block-heading\"><em><mark style=\"background-color:rgba(0, 0, 0, 0)\" class=\"has-inline-color has-black-color\">Con el respaldo del Sr. Alcalde Municipal, <a href=\"https:\/\/www.facebook.com\/profile.php?id=100065359905403&amp;__cft__[0]=AZV0Ssz6TURLc2idP2MAX10z8g2wI2aQjYDDXrnuqdIlFJY5iS6QoNs9_UWYUWzDdtQSKMMwdS2lqa3o4UXp_BkstXNBQmFys_CJ65SqcZkZuJ2mqnQz0jx1Pm3wdD8vJ0Rmh40YC1zKDz6vPuOMwyTKSN_M6AEMOX73MxBI0Cj5Wn3qG6Zl-5WJYW8pDMj1YnAVVxi171A-vEuh-OLHxCwS&amp;__tn__=-]K-R\">Ram\u00f3n Raymundo<\/a> y Concejo Municipal.<\/mark><\/em><\/h2>\n\n\n\n<h2 class=\"wp-block-heading\"><mark style=\"background-color:rgba(0, 0, 0, 0)\" class=\"has-inline-color has-black-color\"><em>Realizan lanzamiento de la Campa\u00f1a de Reforestaci\u00f3n \u00abSembrando Huellas 2024\u00bb con el objetivo de reforestar \u00e1reas desprovistas de bosques en nuestro Municipio.<\/em><\/mark><\/h2>\n\n\n\n<h2 class=\"wp-block-heading\"><a href=\"https:\/\/www.facebook.com\/hashtag\/pornebaj?__eep__=6&amp;__cft__[0]=AZV0Ssz6TURLc2idP2MAX10z8g2wI2aQjYDDXrnuqdIlFJY5iS6QoNs9_UWYUWzDdtQSKMMwdS2lqa3o4UXp_BkstXNBQmFys_CJ65SqcZkZuJ2mqnQz0jx1Pm3wdD8vJ0Rmh40YC1zKDz6vPuOMwyTKSN_M6AEMOX73MxBI0Cj5Wn3qG6Zl-5WJYW8pDMj1YnAVVxi171A-vEuh-OLHxCwS&amp;__tn__=*NK-R\">#PorNebaj<\/a><\/h2>\n\n\n\n<h2 class=\"wp-block-heading\"><a href=\"https:\/\/www.facebook.com\/hashtag\/construyendofuturo?__eep__=6&amp;__cft__[0]=AZV0Ssz6TURLc2idP2MAX10z8g2wI2aQjYDDXrnuqdIlFJY5iS6QoNs9_UWYUWzDdtQSKMMwdS2lqa3o4UXp_BkstXNBQmFys_CJ65SqcZkZuJ2mqnQz0jx1Pm3wdD8vJ0Rmh40YC1zKDz6vPuOMwyTKSN_M6AEMOX73MxBI0Cj5Wn3qG6Zl-5WJYW8pDMj1YnAVVxi171A-vEuh-OLHxCwS&amp;__tn__=*NK-R\">#ConstruyendoFuturo<\/a><\/h2>\n\n\n\n<iframe src=\"https:\/\/www.facebook.com\/plugins\/post.php?href=https%3A%2F%2Fwww.facebook.com%2Fpermalink.php%3Fstory_fbid%3Dpfbid02nPLrvY6z6wVkqLzZXeN5zpqsuVyb1wKAQZyAhybEuG2mvW1HFJhbEo5H4SVW6dnQl%26id%3D100064424092491&#038;show_text=true&#038;width=8000\" width=\"8000\" height=\"871\" style=\"border:none;overflow:hidden\" scrolling=\"no\" frameborder=\"0\" allowfullscreen=\"true\" allow=\"autoplay; clipboard-write; encrypted-media; picture-in-picture; web-share\"><\/iframe>\n\n\n\n<figure class=\"wp-block-image size-full is-resized\"><img  title=\"\" decoding=\"async\" src=\"https:\/\/municipalidaddenebaj.com\/wp-content\/uploads\/2024\/06\/image-39.png\"  alt=\"image-39 CAMPA\u00d1A DE REFORESTACI\u00d3N\"  class=\"wp-image-33143\" style=\"width:1450px;height:auto\"\/><\/figure>\n","protected":false},"excerpt":{"rendered":"<p>\u00a1Campa\u00f1a de Reforestaci\u00f3n! La Direcci\u00f3n Municipal de Ordenamiento Territorial -DIMOT-, Oficina Forestal Municipal, Oficina Municipal&#8230;<\/p>\n","protected":false},"author":2,"featured_media":33144,"comment_status":"open","ping_status":"open","sticky":false,"template":"","format":"standard","meta":{"_eb_attr":"","_monsterinsights_skip_tracking":false,"_monsterinsights_sitenote_active":false,"_monsterinsights_sitenote_note":"","_monsterinsights_sitenote_category":0,"footnotes":""},"categories":[1],"tags":[],"class_list":["post-33142","post","type-post","status-publish","format-standard","has-post-thumbnail","hentry","category-uncategorized"],"featured_image_urls":{"full":["https:\/\/municipalidaddenebaj.com\/wp-content\/uploads\/2024\/06\/448928079_869311521892976_7321010682989177317_n.jpg",1080,1080,false],"thumbnail":["https:\/\/municipalidaddenebaj.com\/wp-content\/uploads\/2024\/06\/448928079_869311521892976_7321010682989177317_n-161x161.jpg",161,161,true],"medium":["https:\/\/municipalidaddenebaj.com\/wp-content\/uploads\/2024\/06\/448928079_869311521892976_7321010682989177317_n-350x350.jpg",350,350,true],"medium_large":["https:\/\/municipalidaddenebaj.com\/wp-content\/uploads\/2024\/06\/448928079_869311521892976_7321010682989177317_n-768x768.jpg",640,640,true],"large":["https:\/\/municipalidaddenebaj.com\/wp-content\/uploads\/2024\/06\/448928079_869311521892976_7321010682989177317_n-1024x1024.jpg",510,510,true],"ezd_searrch_thumb16x16":["https:\/\/municipalidaddenebaj.com\/wp-content\/uploads\/2024\/06\/448928079_869311521892976_7321010682989177317_n.jpg",16,16,false],"ezd_searrch_thumb50x50":["https:\/\/municipalidaddenebaj.com\/wp-content\/uploads\/2024\/06\/448928079_869311521892976_7321010682989177317_n.jpg",50,50,false],"1536x1536":["https:\/\/municipalidaddenebaj.com\/wp-content\/uploads\/2024\/06\/448928079_869311521892976_7321010682989177317_n.jpg",1080,1080,false],"2048x2048":["https:\/\/municipalidaddenebaj.com\/wp-content\/uploads\/2024\/06\/448928079_869311521892976_7321010682989177317_n.jpg",1080,1080,false],"covernews-featured":["https:\/\/municipalidaddenebaj.com\/wp-content\/uploads\/2024\/06\/448928079_869311521892976_7321010682989177317_n-1024x1024.jpg",1024,1024,true],"covernews-medium":["https:\/\/municipalidaddenebaj.com\/wp-content\/uploads\/2024\/06\/448928079_869311521892976_7321010682989177317_n-540x340.jpg",540,340,true],"woocommerce_thumbnail":["https:\/\/municipalidaddenebaj.com\/wp-content\/uploads\/2024\/06\/448928079_869311521892976_7321010682989177317_n-300x300.jpg",300,300,true],"woocommerce_single":["https:\/\/municipalidaddenebaj.com\/wp-content\/uploads\/2024\/06\/448928079_869311521892976_7321010682989177317_n-600x600.jpg",600,600,true],"woocommerce_gallery_thumbnail":["https:\/\/municipalidaddenebaj.com\/wp-content\/uploads\/2024\/06\/448928079_869311521892976_7321010682989177317_n-100x100.jpg",100,100,true]},"author_info":{"display_name":"Editor Editor","author_link":"https:\/\/municipalidaddenebaj.com\/?author=2"},"category_info":"<a href=\"https:\/\/municipalidaddenebaj.com\/?cat=1\" rel=\"category\">Uncategorized<\/a>","tag_info":"Uncategorized","comment_count":"0","_links":{"self":[{"href":"https:\/\/municipalidaddenebaj.com\/index.php?rest_route=\/wp\/v2\/posts\/33142","targetHints":{"allow":["GET"]}}],"collection":[{"href":"https:\/\/municipalidaddenebaj.com\/index.php?rest_route=\/wp\/v2\/posts"}],"about":[{"href":"https:\/\/municipalidaddenebaj.com\/index.php?rest_route=\/wp\/v2\/types\/post"}],"author":[{"embeddable":true,"href":"https:\/\/municipalidaddenebaj.com\/index.php?rest_route=\/wp\/v2\/users\/2"}],"replies":[{"embeddable":true,"href":"https:\/\/municipalidaddenebaj.com\/index.php?rest_route=%2Fwp%2Fv2%2Fcomments&post=33142"}],"version-history":[{"count":0,"href":"https:\/\/municipalidaddenebaj.com\/index.php?rest_route=\/wp\/v2\/posts\/33142\/revisions"}],"wp:featuredmedia":[{"embeddable":true,"href":"https:\/\/municipalidaddenebaj.com\/index.php?rest_route=\/wp\/v2\/media\/33144"}],"wp:attachment":[{"href":"https:\/\/municipalidaddenebaj.com\/index.php?rest_route=%2Fwp%2Fv2%2Fmedia&parent=33142"}],"wp:term":[{"taxonomy":"category","embeddable":true,"href":"https:\/\/municipalidaddenebaj.com\/index.php?rest_route=%2Fwp%2Fv2%2Fcategories&post=33142"},{"taxonomy":"post_tag","embeddable":true,"href":"https:\/\/municipalidaddenebaj.com\/index.php?rest_route=%2Fwp%2Fv2%2Ftags&post=33142"}],"curies":[{"name":"wp","href":"https:\/\/api.w.org\/{rel}","templated":true}]}}