{"id":33191,"date":"2024-06-27T15:11:57","date_gmt":"2024-06-27T15:11:57","guid":{"rendered":"https:\/\/municipalidaddenebaj.com\/?p=33191"},"modified":"2024-06-27T15:12:00","modified_gmt":"2024-06-27T15:12:00","slug":"senalizacion-de-calles","status":"publish","type":"post","link":"https:\/\/municipalidaddenebaj.com\/?p=33191","title":{"rendered":"SE\u00d1ALIZACI\u00d3N  DE CALLES."},"content":{"rendered":"\n<h2 class=\"wp-block-heading\">\u00a1 Se\u00f1alizaci\u00f3n de Calles !<\/h2>\n\n\n\n<h2 class=\"wp-block-heading\"><mark style=\"background-color:rgba(0, 0, 0, 0)\" class=\"has-inline-color has-black-color\">La Polic\u00eda Municipal de Tr\u00e1nsito-PMT- y la Polic\u00eda Municipal -PM-, realizan jornadas de se\u00f1alizaci\u00f3n horizontal de aceras en principales calles del Municipio, con el objetivo de mejorar la movilidad de tr\u00e1nsito y peatonal<\/mark><\/h2>\n\n\n\n<h2 class=\"wp-block-heading\"><mark style=\"background-color:rgba(0, 0, 0, 0)\" class=\"has-inline-color has-black-color\">Record\u00e1ndo a la poblaci\u00f3n que; las aceras marcadas con pintura roja <img  title=\"\" decoding=\"async\" height=\"16\" width=\"16\" src=\"https:\/\/static.xx.fbcdn.net\/images\/emoji.php\/v9\/t9b\/1\/16\/1f6d1.png\"  alt=\"1f6d1 SE\u00d1ALIZACI\u00d3N  DE CALLES.\" > se\u00f1alan que no puede estacionarse en el lugar, por ser v\u00edas de gran circulaci\u00f3n.<\/mark><\/h2>\n\n\n\n<h2 class=\"wp-block-heading\"><a href=\"https:\/\/www.facebook.com\/hashtag\/construyendofuturo?__eep__=6&amp;__cft__[0]=AZXY-UdLDvx5OE7fRVk7GjYyc4NrXy-GkiMILCKvwgIeC0lYGq2OTnosqUmDyq9Sxh3cOXK3u8y5rXSYRp4z7VS545SDK9WIIjNoJuKk8RH3B8YDjwSDAPluHbk3KDegY5rQ6YnGOsH6Ezg-ptXb08V8LmeuxHUhRsExDZeZ_jmxGR_7I_vOg0D3bncQ9LctrTE2M365hlcrakJpEBWZLbyz&amp;__tn__=*NK-R\">#ConstruyendoFuturo<\/a><\/h2>\n\n\n\n<h2 class=\"wp-block-heading\"><a href=\"https:\/\/www.facebook.com\/hashtag\/pornebaj?__eep__=6&amp;__cft__[0]=AZXY-UdLDvx5OE7fRVk7GjYyc4NrXy-GkiMILCKvwgIeC0lYGq2OTnosqUmDyq9Sxh3cOXK3u8y5rXSYRp4z7VS545SDK9WIIjNoJuKk8RH3B8YDjwSDAPluHbk3KDegY5rQ6YnGOsH6Ezg-ptXb08V8LmeuxHUhRsExDZeZ_jmxGR_7I_vOg0D3bncQ9LctrTE2M365hlcrakJpEBWZLbyz&amp;__tn__=*NK-R\">#PorNebaj<\/a><\/h2>\n\n\n\n<iframe src=\"https:\/\/www.facebook.com\/plugins\/post.php?href=https%3A%2F%2Fwww.facebook.com%2Fpermalink.php%3Fstory_fbid%3Dpfbid03LN8pS2GyFzxZ8gE2ykA8RwVwFvoeqthF5J17BmwYg31kvLVsjeBeNnryDPEdWYGl%26id%3D100064424092491&#038;show_text=true&#038;width=8000\" width=\"8000\" height=\"890\" style=\"border:none;overflow:hidden\" scrolling=\"no\" frameborder=\"0\" allowfullscreen=\"true\" allow=\"autoplay; clipboard-write; encrypted-media; picture-in-picture; web-share\"><\/iframe>\n\n\n\n<figure class=\"wp-block-image size-full is-resized\"><img  title=\"\" decoding=\"async\" src=\"https:\/\/municipalidaddenebaj.com\/wp-content\/uploads\/2024\/06\/image-44.png\"  alt=\"image-44 SE\u00d1ALIZACI\u00d3N  DE CALLES.\"  class=\"wp-image-33192\" style=\"width:1450px;height:auto\"\/><\/figure>\n","protected":false},"excerpt":{"rendered":"<p>\u00a1 Se\u00f1alizaci\u00f3n de Calles ! La Polic\u00eda Municipal de Tr\u00e1nsito-PMT- y la Polic\u00eda Municipal -PM-,&#8230;<\/p>\n","protected":false},"author":2,"featured_media":33193,"comment_status":"open","ping_status":"open","sticky":false,"template":"","format":"standard","meta":{"_eb_attr":"","_monsterinsights_skip_tracking":false,"_monsterinsights_sitenote_active":false,"_monsterinsights_sitenote_note":"","_monsterinsights_sitenote_category":0,"footnotes":""},"categories":[1],"tags":[],"class_list":["post-33191","post","type-post","status-publish","format-standard","has-post-thumbnail","hentry","category-uncategorized"],"featured_image_urls":{"full":["https:\/\/municipalidaddenebaj.com\/wp-content\/uploads\/2024\/06\/448950094_870765055080956_5948558893770368777_n.jpg",1080,1080,false],"thumbnail":["https:\/\/municipalidaddenebaj.com\/wp-content\/uploads\/2024\/06\/448950094_870765055080956_5948558893770368777_n-161x161.jpg",161,161,true],"medium":["https:\/\/municipalidaddenebaj.com\/wp-content\/uploads\/2024\/06\/448950094_870765055080956_5948558893770368777_n-350x350.jpg",350,350,true],"medium_large":["https:\/\/municipalidaddenebaj.com\/wp-content\/uploads\/2024\/06\/448950094_870765055080956_5948558893770368777_n-768x768.jpg",640,640,true],"large":["https:\/\/municipalidaddenebaj.com\/wp-content\/uploads\/2024\/06\/448950094_870765055080956_5948558893770368777_n-1024x1024.jpg",510,510,true],"ezd_searrch_thumb16x16":["https:\/\/municipalidaddenebaj.com\/wp-content\/uploads\/2024\/06\/448950094_870765055080956_5948558893770368777_n.jpg",16,16,false],"ezd_searrch_thumb50x50":["https:\/\/municipalidaddenebaj.com\/wp-content\/uploads\/2024\/06\/448950094_870765055080956_5948558893770368777_n.jpg",50,50,false],"1536x1536":["https:\/\/municipalidaddenebaj.com\/wp-content\/uploads\/2024\/06\/448950094_870765055080956_5948558893770368777_n.jpg",1080,1080,false],"2048x2048":["https:\/\/municipalidaddenebaj.com\/wp-content\/uploads\/2024\/06\/448950094_870765055080956_5948558893770368777_n.jpg",1080,1080,false],"covernews-featured":["https:\/\/municipalidaddenebaj.com\/wp-content\/uploads\/2024\/06\/448950094_870765055080956_5948558893770368777_n-1024x1024.jpg",1024,1024,true],"covernews-medium":["https:\/\/municipalidaddenebaj.com\/wp-content\/uploads\/2024\/06\/448950094_870765055080956_5948558893770368777_n-540x340.jpg",540,340,true],"woocommerce_thumbnail":["https:\/\/municipalidaddenebaj.com\/wp-content\/uploads\/2024\/06\/448950094_870765055080956_5948558893770368777_n-300x300.jpg",300,300,true],"woocommerce_single":["https:\/\/municipalidaddenebaj.com\/wp-content\/uploads\/2024\/06\/448950094_870765055080956_5948558893770368777_n-600x600.jpg",600,600,true],"woocommerce_gallery_thumbnail":["https:\/\/municipalidaddenebaj.com\/wp-content\/uploads\/2024\/06\/448950094_870765055080956_5948558893770368777_n-100x100.jpg",100,100,true]},"author_info":{"display_name":"Editor Editor","author_link":"https:\/\/municipalidaddenebaj.com\/?author=2"},"category_info":"<a href=\"https:\/\/municipalidaddenebaj.com\/?cat=1\" rel=\"category\">Uncategorized<\/a>","tag_info":"Uncategorized","comment_count":"0","_links":{"self":[{"href":"https:\/\/municipalidaddenebaj.com\/index.php?rest_route=\/wp\/v2\/posts\/33191","targetHints":{"allow":["GET"]}}],"collection":[{"href":"https:\/\/municipalidaddenebaj.com\/index.php?rest_route=\/wp\/v2\/posts"}],"about":[{"href":"https:\/\/municipalidaddenebaj.com\/index.php?rest_route=\/wp\/v2\/types\/post"}],"author":[{"embeddable":true,"href":"https:\/\/municipalidaddenebaj.com\/index.php?rest_route=\/wp\/v2\/users\/2"}],"replies":[{"embeddable":true,"href":"https:\/\/municipalidaddenebaj.com\/index.php?rest_route=%2Fwp%2Fv2%2Fcomments&post=33191"}],"version-history":[{"count":0,"href":"https:\/\/municipalidaddenebaj.com\/index.php?rest_route=\/wp\/v2\/posts\/33191\/revisions"}],"wp:featuredmedia":[{"embeddable":true,"href":"https:\/\/municipalidaddenebaj.com\/index.php?rest_route=\/wp\/v2\/media\/33193"}],"wp:attachment":[{"href":"https:\/\/municipalidaddenebaj.com\/index.php?rest_route=%2Fwp%2Fv2%2Fmedia&parent=33191"}],"wp:term":[{"taxonomy":"category","embeddable":true,"href":"https:\/\/municipalidaddenebaj.com\/index.php?rest_route=%2Fwp%2Fv2%2Fcategories&post=33191"},{"taxonomy":"post_tag","embeddable":true,"href":"https:\/\/municipalidaddenebaj.com\/index.php?rest_route=%2Fwp%2Fv2%2Ftags&post=33191"}],"curies":[{"name":"wp","href":"https:\/\/api.w.org\/{rel}","templated":true}]}}