{"id":33206,"date":"2024-06-27T21:54:37","date_gmt":"2024-06-27T21:54:37","guid":{"rendered":"https:\/\/municipalidaddenebaj.com\/?p=33206"},"modified":"2024-06-27T21:54:39","modified_gmt":"2024-06-27T21:54:39","slug":"mejoramiento-jardin-parque-san-jacinto-salquilito","status":"publish","type":"post","link":"https:\/\/municipalidaddenebaj.com\/?p=33206","title":{"rendered":"MEJORAMIENTO JARD\u00cdN  PARQUE SAN JACINTO SALQUILITO."},"content":{"rendered":"\n<h2 class=\"wp-block-heading\">\u00a1 Mejoramiento espacios p\u00fablicos !<\/h2>\n\n\n\n<h2 class=\"wp-block-heading\"><mark style=\"background-color:rgba(0, 0, 0, 0)\" class=\"has-inline-color has-black-color\">La Coordinaci\u00f3n para el Fomento del Comercio, Turismo y Cultura bajo la Direcci\u00f3n Municipal de Asuntos Sociales y Econ\u00f3micos -DIMASEC- realiz\u00f3 el mejoramiento de Jard\u00edn del Parque San Jacinto ubicado en el Cant\u00f3n Salquilito, en coordinaci\u00f3n con la Direcci\u00f3n Municipal de Ordenamiento Territorial -DIMOT- y la Direcci\u00f3n Municipal de Servicios P\u00fablicos -DMSP-. con el objetivo de ir mejorando el ornato municipal para uso de los vecinos.<\/mark><\/h2>\n\n\n\n<h2 class=\"wp-block-heading\"><a href=\"https:\/\/www.facebook.com\/hashtag\/pornebaj?__eep__=6&amp;__cft__[0]=AZXUA8pb11jwjD6o2f34JqxOofWEAV6AMRs9ysuVHY1IKFMPmxaiu4SJ0ttPmP8Q_huD1MKV-5DMB5_Ci7vUg1PpuBZ_K6eym0Vaof3re2SF6wGt3Ali6pagMdg_d72lErVhbNRihgxLYplO2pr9SZB7OD2-hYihRs2tTqskWFDTKxQgJDyNbSg6SrC7qnA84PV2PikK9Q0T_MGylzTuuf50&amp;__tn__=*NK-R\">#PorNebaj<\/a><\/h2>\n\n\n\n<iframe src=\"https:\/\/www.facebook.com\/plugins\/post.php?href=https%3A%2F%2Fwww.facebook.com%2Fpermalink.php%3Fstory_fbid%3Dpfbid02PrKNPUiT47VGuCSM3XQapLFVcUQafhgRZj3tyLi8jLbKcMYVpgFsxHF19UNNnH45l%26id%3D100064424092491&#038;show_text=true&#038;width=8000\" width=\"8000\" height=\"950\" style=\"border:none;overflow:hidden\" scrolling=\"no\" frameborder=\"0\" allowfullscreen=\"true\" allow=\"autoplay; clipboard-write; encrypted-media; picture-in-picture; web-share\"><\/iframe>\n\n\n\n<figure class=\"wp-block-image size-full is-resized\"><img  title=\"\" decoding=\"async\" src=\"https:\/\/municipalidaddenebaj.com\/wp-content\/uploads\/2024\/06\/image-45.png\"  alt=\"image-45 MEJORAMIENTO JARD\u00cdN  PARQUE SAN JACINTO SALQUILITO.\"  class=\"wp-image-33208\" style=\"width:1450px;height:auto\"\/><\/figure>\n","protected":false},"excerpt":{"rendered":"<p>\u00a1 Mejoramiento espacios p\u00fablicos ! La Coordinaci\u00f3n para el Fomento del Comercio, Turismo y Cultura&#8230;<\/p>\n","protected":false},"author":2,"featured_media":33207,"comment_status":"open","ping_status":"open","sticky":false,"template":"","format":"standard","meta":{"_eb_attr":"","_monsterinsights_skip_tracking":false,"_monsterinsights_sitenote_active":false,"_monsterinsights_sitenote_note":"","_monsterinsights_sitenote_category":0,"footnotes":""},"categories":[1],"tags":[],"class_list":["post-33206","post","type-post","status-publish","format-standard","has-post-thumbnail","hentry","category-uncategorized"],"featured_image_urls":{"full":["https:\/\/municipalidaddenebaj.com\/wp-content\/uploads\/2024\/06\/449187802_870917698399025_6985338622930015445_n-1.jpg",600,600,false],"thumbnail":["https:\/\/municipalidaddenebaj.com\/wp-content\/uploads\/2024\/06\/449187802_870917698399025_6985338622930015445_n-1-161x161.jpg",161,161,true],"medium":["https:\/\/municipalidaddenebaj.com\/wp-content\/uploads\/2024\/06\/449187802_870917698399025_6985338622930015445_n-1-350x350.jpg",350,350,true],"medium_large":["https:\/\/municipalidaddenebaj.com\/wp-content\/uploads\/2024\/06\/449187802_870917698399025_6985338622930015445_n-1.jpg",600,600,false],"large":["https:\/\/municipalidaddenebaj.com\/wp-content\/uploads\/2024\/06\/449187802_870917698399025_6985338622930015445_n-1.jpg",510,510,false],"ezd_searrch_thumb16x16":["https:\/\/municipalidaddenebaj.com\/wp-content\/uploads\/2024\/06\/449187802_870917698399025_6985338622930015445_n-1.jpg",16,16,false],"ezd_searrch_thumb50x50":["https:\/\/municipalidaddenebaj.com\/wp-content\/uploads\/2024\/06\/449187802_870917698399025_6985338622930015445_n-1.jpg",50,50,false],"1536x1536":["https:\/\/municipalidaddenebaj.com\/wp-content\/uploads\/2024\/06\/449187802_870917698399025_6985338622930015445_n-1.jpg",600,600,false],"2048x2048":["https:\/\/municipalidaddenebaj.com\/wp-content\/uploads\/2024\/06\/449187802_870917698399025_6985338622930015445_n-1.jpg",600,600,false],"covernews-featured":["https:\/\/municipalidaddenebaj.com\/wp-content\/uploads\/2024\/06\/449187802_870917698399025_6985338622930015445_n-1.jpg",600,600,false],"covernews-medium":["https:\/\/municipalidaddenebaj.com\/wp-content\/uploads\/2024\/06\/449187802_870917698399025_6985338622930015445_n-1-540x340.jpg",540,340,true],"woocommerce_thumbnail":["https:\/\/municipalidaddenebaj.com\/wp-content\/uploads\/2024\/06\/449187802_870917698399025_6985338622930015445_n-1-300x300.jpg",300,300,true],"woocommerce_single":["https:\/\/municipalidaddenebaj.com\/wp-content\/uploads\/2024\/06\/449187802_870917698399025_6985338622930015445_n-1.jpg",600,600,false],"woocommerce_gallery_thumbnail":["https:\/\/municipalidaddenebaj.com\/wp-content\/uploads\/2024\/06\/449187802_870917698399025_6985338622930015445_n-1-100x100.jpg",100,100,true]},"author_info":{"display_name":"Editor Editor","author_link":"https:\/\/municipalidaddenebaj.com\/?author=2"},"category_info":"<a href=\"https:\/\/municipalidaddenebaj.com\/?cat=1\" rel=\"category\">Uncategorized<\/a>","tag_info":"Uncategorized","comment_count":"0","_links":{"self":[{"href":"https:\/\/municipalidaddenebaj.com\/index.php?rest_route=\/wp\/v2\/posts\/33206","targetHints":{"allow":["GET"]}}],"collection":[{"href":"https:\/\/municipalidaddenebaj.com\/index.php?rest_route=\/wp\/v2\/posts"}],"about":[{"href":"https:\/\/municipalidaddenebaj.com\/index.php?rest_route=\/wp\/v2\/types\/post"}],"author":[{"embeddable":true,"href":"https:\/\/municipalidaddenebaj.com\/index.php?rest_route=\/wp\/v2\/users\/2"}],"replies":[{"embeddable":true,"href":"https:\/\/municipalidaddenebaj.com\/index.php?rest_route=%2Fwp%2Fv2%2Fcomments&post=33206"}],"version-history":[{"count":0,"href":"https:\/\/municipalidaddenebaj.com\/index.php?rest_route=\/wp\/v2\/posts\/33206\/revisions"}],"wp:featuredmedia":[{"embeddable":true,"href":"https:\/\/municipalidaddenebaj.com\/index.php?rest_route=\/wp\/v2\/media\/33207"}],"wp:attachment":[{"href":"https:\/\/municipalidaddenebaj.com\/index.php?rest_route=%2Fwp%2Fv2%2Fmedia&parent=33206"}],"wp:term":[{"taxonomy":"category","embeddable":true,"href":"https:\/\/municipalidaddenebaj.com\/index.php?rest_route=%2Fwp%2Fv2%2Fcategories&post=33206"},{"taxonomy":"post_tag","embeddable":true,"href":"https:\/\/municipalidaddenebaj.com\/index.php?rest_route=%2Fwp%2Fv2%2Ftags&post=33206"}],"curies":[{"name":"wp","href":"https:\/\/api.w.org\/{rel}","templated":true}]}}