{"id":33244,"date":"2024-07-03T17:02:34","date_gmt":"2024-07-03T17:02:34","guid":{"rendered":"https:\/\/municipalidaddenebaj.com\/?p=33244"},"modified":"2024-07-03T17:26:12","modified_gmt":"2024-07-03T17:26:12","slug":"33244","status":"publish","type":"post","link":"https:\/\/municipalidaddenebaj.com\/?p=33244","title":{"rendered":"S\u00c9PTIMA SESI\u00d3N ORDINARIA  (COMUDE)"},"content":{"rendered":"\n<h2 class=\"wp-block-heading\">\u00a1 Sesi\u00f3n de COMUDE !<\/h2>\n\n\n\n<div class=\"wp-block-group has-global-padding is-layout-constrained wp-block-group-is-layout-constrained\">\n<h2 class=\"wp-block-heading alignfull\"><mark style=\"background-color:rgba(0, 0, 0, 0)\" class=\"has-inline-color has-black-color\">Se realiza s\u00e9ptima sesi\u00f3n ordinaria del Consejo Municipal de Desarrollo -COMUDE- presidida por el Sr. Alcalde <a href=\"https:\/\/www.facebook.com\/profile.php?id=100065359905403&amp;__cft__[0]=AZU_nFLpgTdKLj8rYhxm-Vnx0FOAVZSq4bvv2zlpJoYmteOnQiM-YEAcLPgNSw-HEqtKEW8gHmUF_ZPIaeKShsvdbUQqL7gBkyE6frkKxDpEd2gJxR6jOBpE2-35UZGes8-Kj1PH6oMb4XZCiUyMIbHoEmI5N0JTp9Vuyu-F-HyMcdNh2og2un20hAriaPXCuJ0-8-pOmS6VZxPIR2H6enBT&amp;__tn__=-]K-R\">Ram\u00f3n Raymundo<\/a>, Miembros del Honorable Concejo Municipal, Organizaciones Gubernamentales, No Gubernamentales, COCODES y Sociedad Civil.<\/mark><\/h2>\n<\/div>\n\n\n\n<p><\/p>\n\n\n\n<div class=\"wp-block-group has-global-padding is-layout-constrained wp-block-group-is-layout-constrained\">\n<h2 class=\"wp-block-heading alignfull\">En la reuni\u00f3n del Consejo Municipal de Desarrollo -COMUDE- se abordaron varios puntos importantes, dentro de los cuales est\u00e1n:<\/h2>\n<\/div>\n\n\n\n<p><\/p>\n\n\n\n<div class=\"wp-block-group has-global-padding is-layout-constrained wp-block-group-is-layout-constrained\">\n<h2 class=\"wp-block-heading alignfull\"><mark style=\"background-color:rgba(0, 0, 0, 0)\" class=\"has-inline-color has-black-color\">-Informe sobre conservaci\u00f3n de caminos urbano y rural, operaci\u00f3n y mantenimiento de Convoy Municipal.<\/mark><\/h2>\n<\/div>\n\n\n\n<div class=\"wp-block-group has-global-padding is-layout-constrained wp-block-group-is-layout-constrained\">\n<h2 class=\"wp-block-heading\"><mark style=\"background-color:rgba(0, 0, 0, 0)\" class=\"has-inline-color has-black-color\">-Informe sobre proyectos ejecutados en el ejercicio fiscal 2024.<\/mark><\/h2>\n<\/div>\n\n\n\n<div class=\"wp-block-group has-global-padding is-layout-constrained wp-block-group-is-layout-constrained\">\n<h2 class=\"wp-block-heading\"><mark style=\"background-color:rgba(0, 0, 0, 0)\" class=\"has-inline-color has-black-color\">-Informe de estado de proyectos con fondos del CODEDE 2024.<\/mark><\/h2>\n<\/div>\n\n\n\n<div class=\"wp-block-group has-global-padding is-layout-constrained wp-block-group-is-layout-constrained\">\n<div class=\"wp-block-group alignwide has-global-padding is-layout-constrained wp-block-group-is-layout-constrained\">\n<h2 class=\"wp-block-heading alignwide\"><mark style=\"background-color:rgba(0, 0, 0, 0)\" class=\"has-inline-color has-black-color\">-Techo definitivo de inversi\u00f3n 2025 y Priorizaci\u00f3n de nuevos proyectos con fondos de CODEDE.<\/mark><\/h2>\n<\/div>\n<\/div>\n\n\n\n<div class=\"wp-block-group has-global-padding is-layout-constrained wp-block-group-is-layout-constrained\">\n<h2 class=\"wp-block-heading\"><mark style=\"background-color:rgba(0, 0, 0, 0)\" class=\"has-inline-color has-black-color\">-Aprobaci\u00f3n de la priorizaci\u00f3n de nuevos proyectos CODEDE 2025.<\/mark><\/h2>\n<\/div>\n\n\n\n<div class=\"wp-block-group has-global-padding is-layout-constrained wp-block-group-is-layout-constrained\">\n<h2 class=\"wp-block-heading\"><mark style=\"background-color:rgba(0, 0, 0, 0)\" class=\"has-inline-color has-black-color\">-Informe del presidente de la Comisi\u00f3n de Agua de la Municipalidad.<\/mark><\/h2>\n<\/div>\n\n\n\n<div class=\"wp-block-group has-global-padding is-layout-constrained wp-block-group-is-layout-constrained\">\n<h3 class=\"wp-block-heading\"><a href=\"https:\/\/www.facebook.com\/hashtag\/construyendofuturo?__eep__=6&amp;__cft__[0]=AZU_nFLpgTdKLj8rYhxm-Vnx0FOAVZSq4bvv2zlpJoYmteOnQiM-YEAcLPgNSw-HEqtKEW8gHmUF_ZPIaeKShsvdbUQqL7gBkyE6frkKxDpEd2gJxR6jOBpE2-35UZGes8-Kj1PH6oMb4XZCiUyMIbHoEmI5N0JTp9Vuyu-F-HyMcdNh2og2un20hAriaPXCuJ0-8-pOmS6VZxPIR2H6enBT&amp;__tn__=*NK-R\"><mark style=\"background-color:rgba(0, 0, 0, 0);color:#4c1515\" class=\"has-inline-color\">#ConstruyendoFuturo<\/mark><\/a><\/h3>\n<\/div>\n\n\n\n<iframe src=\"https:\/\/www.facebook.com\/plugins\/post.php?href=https%3A%2F%2Fwww.facebook.com%2Fpermalink.php%3Fstory_fbid%3Dpfbid02hHAo7FfCkydwYhnALHLibo7KRxDw9HeuViMmQaz7UmZ5uYtGzuvENBbW9SuwaZgQl%26id%3D100064424092491&#038;show_text=true&#038;width=8000\" width=\"8000\" height=\"900\" style=\"border:none;overflow:hidden\" scrolling=\"no\" frameborder=\"0\" allowfullscreen=\"true\" allow=\"autoplay; clipboard-write; encrypted-media; picture-in-picture; web-share\"><\/iframe>\n\n\n\n<figure class=\"wp-block-image size-full is-resized\"><img  title=\"\" decoding=\"async\" src=\"https:\/\/municipalidaddenebaj.com\/wp-content\/uploads\/2024\/07\/image-1.png\"  alt=\"image-1 S\u00c9PTIMA SESI\u00d3N ORDINARIA  (COMUDE)\"  class=\"wp-image-33245\" style=\"width:1450px;height:auto\"\/><\/figure>\n","protected":false},"excerpt":{"rendered":"<p>\u00a1 Sesi\u00f3n de COMUDE ! Se realiza s\u00e9ptima sesi\u00f3n ordinaria del Consejo Municipal de Desarrollo&#8230;<\/p>\n","protected":false},"author":2,"featured_media":33246,"comment_status":"open","ping_status":"open","sticky":false,"template":"","format":"standard","meta":{"_eb_attr":"","_monsterinsights_skip_tracking":false,"_monsterinsights_sitenote_active":false,"_monsterinsights_sitenote_note":"","_monsterinsights_sitenote_category":0,"footnotes":""},"categories":[1],"tags":[],"class_list":["post-33244","post","type-post","status-publish","format-standard","has-post-thumbnail","hentry","category-uncategorized"],"featured_image_urls":{"full":["https:\/\/municipalidaddenebaj.com\/wp-content\/uploads\/2024\/07\/449488784_874774608013334_7697745154339018437_n.jpg",1080,1080,false],"thumbnail":["https:\/\/municipalidaddenebaj.com\/wp-content\/uploads\/2024\/07\/449488784_874774608013334_7697745154339018437_n-161x161.jpg",161,161,true],"medium":["https:\/\/municipalidaddenebaj.com\/wp-content\/uploads\/2024\/07\/449488784_874774608013334_7697745154339018437_n-350x350.jpg",350,350,true],"medium_large":["https:\/\/municipalidaddenebaj.com\/wp-content\/uploads\/2024\/07\/449488784_874774608013334_7697745154339018437_n-768x768.jpg",640,640,true],"large":["https:\/\/municipalidaddenebaj.com\/wp-content\/uploads\/2024\/07\/449488784_874774608013334_7697745154339018437_n-1024x1024.jpg",510,510,true],"ezd_searrch_thumb16x16":["https:\/\/municipalidaddenebaj.com\/wp-content\/uploads\/2024\/07\/449488784_874774608013334_7697745154339018437_n.jpg",16,16,false],"ezd_searrch_thumb50x50":["https:\/\/municipalidaddenebaj.com\/wp-content\/uploads\/2024\/07\/449488784_874774608013334_7697745154339018437_n.jpg",50,50,false],"1536x1536":["https:\/\/municipalidaddenebaj.com\/wp-content\/uploads\/2024\/07\/449488784_874774608013334_7697745154339018437_n.jpg",1080,1080,false],"2048x2048":["https:\/\/municipalidaddenebaj.com\/wp-content\/uploads\/2024\/07\/449488784_874774608013334_7697745154339018437_n.jpg",1080,1080,false],"covernews-featured":["https:\/\/municipalidaddenebaj.com\/wp-content\/uploads\/2024\/07\/449488784_874774608013334_7697745154339018437_n-1024x1024.jpg",1024,1024,true],"covernews-medium":["https:\/\/municipalidaddenebaj.com\/wp-content\/uploads\/2024\/07\/449488784_874774608013334_7697745154339018437_n-540x340.jpg",540,340,true],"woocommerce_thumbnail":["https:\/\/municipalidaddenebaj.com\/wp-content\/uploads\/2024\/07\/449488784_874774608013334_7697745154339018437_n-300x300.jpg",300,300,true],"woocommerce_single":["https:\/\/municipalidaddenebaj.com\/wp-content\/uploads\/2024\/07\/449488784_874774608013334_7697745154339018437_n-600x600.jpg",600,600,true],"woocommerce_gallery_thumbnail":["https:\/\/municipalidaddenebaj.com\/wp-content\/uploads\/2024\/07\/449488784_874774608013334_7697745154339018437_n-100x100.jpg",100,100,true]},"author_info":{"display_name":"Editor Editor","author_link":"https:\/\/municipalidaddenebaj.com\/?author=2"},"category_info":"<a href=\"https:\/\/municipalidaddenebaj.com\/?cat=1\" rel=\"category\">Uncategorized<\/a>","tag_info":"Uncategorized","comment_count":"0","_links":{"self":[{"href":"https:\/\/municipalidaddenebaj.com\/index.php?rest_route=\/wp\/v2\/posts\/33244","targetHints":{"allow":["GET"]}}],"collection":[{"href":"https:\/\/municipalidaddenebaj.com\/index.php?rest_route=\/wp\/v2\/posts"}],"about":[{"href":"https:\/\/municipalidaddenebaj.com\/index.php?rest_route=\/wp\/v2\/types\/post"}],"author":[{"embeddable":true,"href":"https:\/\/municipalidaddenebaj.com\/index.php?rest_route=\/wp\/v2\/users\/2"}],"replies":[{"embeddable":true,"href":"https:\/\/municipalidaddenebaj.com\/index.php?rest_route=%2Fwp%2Fv2%2Fcomments&post=33244"}],"version-history":[{"count":0,"href":"https:\/\/municipalidaddenebaj.com\/index.php?rest_route=\/wp\/v2\/posts\/33244\/revisions"}],"wp:featuredmedia":[{"embeddable":true,"href":"https:\/\/municipalidaddenebaj.com\/index.php?rest_route=\/wp\/v2\/media\/33246"}],"wp:attachment":[{"href":"https:\/\/municipalidaddenebaj.com\/index.php?rest_route=%2Fwp%2Fv2%2Fmedia&parent=33244"}],"wp:term":[{"taxonomy":"category","embeddable":true,"href":"https:\/\/municipalidaddenebaj.com\/index.php?rest_route=%2Fwp%2Fv2%2Fcategories&post=33244"},{"taxonomy":"post_tag","embeddable":true,"href":"https:\/\/municipalidaddenebaj.com\/index.php?rest_route=%2Fwp%2Fv2%2Ftags&post=33244"}],"curies":[{"name":"wp","href":"https:\/\/api.w.org\/{rel}","templated":true}]}}