{"id":33368,"date":"2024-07-08T14:43:31","date_gmt":"2024-07-08T14:43:31","guid":{"rendered":"https:\/\/municipalidaddenebaj.com\/?p=33368"},"modified":"2024-07-11T17:44:33","modified_gmt":"2024-07-11T17:44:33","slug":"talleres-con-estudiantes-de-distintos-establecimiento-sobre-el-tema-de-migracion","status":"publish","type":"post","link":"https:\/\/municipalidaddenebaj.com\/?p=33368","title":{"rendered":"TALLERES CON ESTUDIANTES  DE DISTINTOS ESTABLECIMIENTO SOBRE EL TEMA DE MIGRACI\u00d3N."},"content":{"rendered":"\n<h4 class=\"wp-block-heading\">\u00a1 Taller con estudiantes !<\/h4>\n\n\n\n<h4 class=\"wp-block-heading\"><mark style=\"background-color:rgba(0, 0, 0, 0)\" class=\"has-inline-color has-black-color\">La Coordinaci\u00f3n del Migrante bajo la Direcci\u00f3n Municipal de Asuntos Sociales y Econ\u00f3micos -DIMASEC- en coordinaci\u00f3n con American Friends, realiza talleres con estudiantes de distintos establecimientos educativos con el tema de la Migraci\u00f3n.<\/mark><\/h4>\n\n\n\n<h4 class=\"wp-block-heading\"><mark style=\"background-color:rgba(0, 0, 0, 0)\" class=\"has-inline-color has-black-color\">Con el objetivo que los jovenes conozcan los riesgos al migrar y motivarlos a que sigan avanzando en su formaci\u00f3n academica <img  title=\"\" decoding=\"async\" height=\"16\" width=\"16\" src=\"https:\/\/static.xx.fbcdn.net\/images\/emoji.php\/v9\/t64\/1\/16\/1f91d.png\"  alt=\"1f91d TALLERES CON ESTUDIANTES  DE DISTINTOS ESTABLECIMIENTO SOBRE EL TEMA DE MIGRACI\u00d3N.\" ><\/mark><\/h4>\n\n\n\n<h4 class=\"wp-block-heading\"><a href=\"https:\/\/www.facebook.com\/hashtag\/construyendofuturo?__eep__=6&amp;__cft__[0]=AZUrb0XZTHhcRSgMLkEPqnCUJEKjg0BQO3tFzwi6QF3ObOYS7LePJy3kGXgHpkfhBneMDH144zlIO3JKEADaEZ4tj7uMwHqlEbQjNw-7U-KdGu7bf-BGXXNMhmzu-kgqUDzGMMKD_8CUed4WljA_mDItSgXSNxN2ieBAEBm2wk4tbY-nwJKWIm2ikFdV5f4PYN0rrP6YbQMjdCeiaYxc5arD&amp;__tn__=*NK-R\">#ConstruyendoFuturo<\/a><\/h4>\n\n\n\n<iframe src=\"https:\/\/www.facebook.com\/plugins\/post.php?href=https%3A%2F%2Fwww.facebook.com%2Fpermalink.php%3Fstory_fbid%3Dpfbid0oBYhiV8XWRQWNb64Q8C7UKuCbWiFbxTiwFX1Fcrajs5pNuBupvA3S7yRRNtoQGFHl%26id%3D100064424092491&#038;show_text=true&#038;width=7000\" width=\"7000\" height=\"970\" style=\"border:none;overflow:hidden\" scrolling=\"no\" frameborder=\"0\" allowfullscreen=\"true\" allow=\"autoplay; clipboard-write; encrypted-media; picture-in-picture; web-share\"><\/iframe>\n\n\n\n<figure class=\"wp-block-image size-full is-resized\"><img  title=\"\" decoding=\"async\" src=\"https:\/\/municipalidaddenebaj.com\/wp-content\/uploads\/2024\/07\/image-7.png\"  alt=\"image-7 TALLERES CON ESTUDIANTES  DE DISTINTOS ESTABLECIMIENTO SOBRE EL TEMA DE MIGRACI\u00d3N.\"  class=\"wp-image-33369\" style=\"width:1450px;height:auto\"\/><\/figure>\n","protected":false},"excerpt":{"rendered":"<p>\u00a1 Taller con estudiantes ! La Coordinaci\u00f3n del Migrante bajo la Direcci\u00f3n Municipal de Asuntos&#8230;<\/p>\n","protected":false},"author":2,"featured_media":33370,"comment_status":"open","ping_status":"open","sticky":false,"template":"","format":"standard","meta":{"_eb_attr":"","_monsterinsights_skip_tracking":false,"_monsterinsights_sitenote_active":false,"_monsterinsights_sitenote_note":"","_monsterinsights_sitenote_category":0,"footnotes":""},"categories":[1],"tags":[],"class_list":["post-33368","post","type-post","status-publish","format-standard","has-post-thumbnail","hentry","category-uncategorized"],"featured_image_urls":{"full":["https:\/\/municipalidaddenebaj.com\/wp-content\/uploads\/2024\/07\/449952573_876708597819935_8781917938554978080_n.jpg",1080,1080,false],"thumbnail":["https:\/\/municipalidaddenebaj.com\/wp-content\/uploads\/2024\/07\/449952573_876708597819935_8781917938554978080_n-161x161.jpg",161,161,true],"medium":["https:\/\/municipalidaddenebaj.com\/wp-content\/uploads\/2024\/07\/449952573_876708597819935_8781917938554978080_n-350x350.jpg",350,350,true],"medium_large":["https:\/\/municipalidaddenebaj.com\/wp-content\/uploads\/2024\/07\/449952573_876708597819935_8781917938554978080_n-768x768.jpg",640,640,true],"large":["https:\/\/municipalidaddenebaj.com\/wp-content\/uploads\/2024\/07\/449952573_876708597819935_8781917938554978080_n-1024x1024.jpg",510,510,true],"ezd_searrch_thumb16x16":["https:\/\/municipalidaddenebaj.com\/wp-content\/uploads\/2024\/07\/449952573_876708597819935_8781917938554978080_n.jpg",16,16,false],"ezd_searrch_thumb50x50":["https:\/\/municipalidaddenebaj.com\/wp-content\/uploads\/2024\/07\/449952573_876708597819935_8781917938554978080_n.jpg",50,50,false],"1536x1536":["https:\/\/municipalidaddenebaj.com\/wp-content\/uploads\/2024\/07\/449952573_876708597819935_8781917938554978080_n.jpg",1080,1080,false],"2048x2048":["https:\/\/municipalidaddenebaj.com\/wp-content\/uploads\/2024\/07\/449952573_876708597819935_8781917938554978080_n.jpg",1080,1080,false],"covernews-featured":["https:\/\/municipalidaddenebaj.com\/wp-content\/uploads\/2024\/07\/449952573_876708597819935_8781917938554978080_n-1024x1024.jpg",1024,1024,true],"covernews-medium":["https:\/\/municipalidaddenebaj.com\/wp-content\/uploads\/2024\/07\/449952573_876708597819935_8781917938554978080_n-540x340.jpg",540,340,true],"woocommerce_thumbnail":["https:\/\/municipalidaddenebaj.com\/wp-content\/uploads\/2024\/07\/449952573_876708597819935_8781917938554978080_n-300x300.jpg",300,300,true],"woocommerce_single":["https:\/\/municipalidaddenebaj.com\/wp-content\/uploads\/2024\/07\/449952573_876708597819935_8781917938554978080_n-600x600.jpg",600,600,true],"woocommerce_gallery_thumbnail":["https:\/\/municipalidaddenebaj.com\/wp-content\/uploads\/2024\/07\/449952573_876708597819935_8781917938554978080_n-100x100.jpg",100,100,true]},"author_info":{"display_name":"Editor Editor","author_link":"https:\/\/municipalidaddenebaj.com\/?author=2"},"category_info":"<a href=\"https:\/\/municipalidaddenebaj.com\/?cat=1\" rel=\"category\">Uncategorized<\/a>","tag_info":"Uncategorized","comment_count":"0","_links":{"self":[{"href":"https:\/\/municipalidaddenebaj.com\/index.php?rest_route=\/wp\/v2\/posts\/33368","targetHints":{"allow":["GET"]}}],"collection":[{"href":"https:\/\/municipalidaddenebaj.com\/index.php?rest_route=\/wp\/v2\/posts"}],"about":[{"href":"https:\/\/municipalidaddenebaj.com\/index.php?rest_route=\/wp\/v2\/types\/post"}],"author":[{"embeddable":true,"href":"https:\/\/municipalidaddenebaj.com\/index.php?rest_route=\/wp\/v2\/users\/2"}],"replies":[{"embeddable":true,"href":"https:\/\/municipalidaddenebaj.com\/index.php?rest_route=%2Fwp%2Fv2%2Fcomments&post=33368"}],"version-history":[{"count":0,"href":"https:\/\/municipalidaddenebaj.com\/index.php?rest_route=\/wp\/v2\/posts\/33368\/revisions"}],"wp:featuredmedia":[{"embeddable":true,"href":"https:\/\/municipalidaddenebaj.com\/index.php?rest_route=\/wp\/v2\/media\/33370"}],"wp:attachment":[{"href":"https:\/\/municipalidaddenebaj.com\/index.php?rest_route=%2Fwp%2Fv2%2Fmedia&parent=33368"}],"wp:term":[{"taxonomy":"category","embeddable":true,"href":"https:\/\/municipalidaddenebaj.com\/index.php?rest_route=%2Fwp%2Fv2%2Fcategories&post=33368"},{"taxonomy":"post_tag","embeddable":true,"href":"https:\/\/municipalidaddenebaj.com\/index.php?rest_route=%2Fwp%2Fv2%2Ftags&post=33368"}],"curies":[{"name":"wp","href":"https:\/\/api.w.org\/{rel}","templated":true}]}}