{"id":33376,"date":"2024-07-08T22:39:21","date_gmt":"2024-07-08T22:39:21","guid":{"rendered":"https:\/\/municipalidaddenebaj.com\/?p=33376"},"modified":"2024-07-11T17:43:46","modified_gmt":"2024-07-11T17:43:46","slug":"talleres-para-elaboracion-de-veladoras","status":"publish","type":"post","link":"https:\/\/municipalidaddenebaj.com\/?p=33376","title":{"rendered":"TALLERES PARA ELABORACI\u00d3N DE VELADORAS."},"content":{"rendered":"\n<h4 class=\"wp-block-heading\"><mark style=\"background-color:rgba(0, 0, 0, 0)\" class=\"has-inline-color has-black-color\">La Direcci\u00f3n Municipal de la Mujer -DMM- realiza talleres para elaboraci\u00f3n de veladoras arom\u00e1ticas con Mujeres en la Aldea Vatzsuchil y la Aldea la Laguna Tzalbal, con el objetivo de ampliar cononocimientos y la generaci\u00f3n de ingresos adicionales en Coordinaci\u00f3n con la SOSEP.<\/mark><\/h4>\n\n\n\n<h4 class=\"wp-block-heading\"><a href=\"https:\/\/www.facebook.com\/hashtag\/construyendofuturo?__eep__=6&amp;__cft__[0]=AZVpguitLVwTRDp3mQJ091Qm_L9nmUejhPlCtsPXyKRZ3FDMxiuCCDnkV0L8R-Q6PPntKoqkSDS4Hk1-mGezmXF3pbZiDU7oPASA2mVxzf5_1mhpdyHhDX2VdCfNYxKp71-UdQJ21Rc62RDfDbDn0JaiBseCplxyqw2OfyVcAlHvWbVSSnLmkzE3kfVn7nMsVcI7-qYX9tVwMGkT10ns7DRj&amp;__tn__=*NK-R\">#ConstruyendoFuturo<\/a><\/h4>\n\n\n\n<p><\/p>\n\n\n\n<iframe src=\"https:\/\/www.facebook.com\/plugins\/post.php?href=https%3A%2F%2Fwww.facebook.com%2Fpermalink.php%3Fstory_fbid%3Dpfbid0DEvgiRvCZCLzZNMwjrTb9xswKpZ1wncHc6cso14fJ78HHLaMhCgwCp6A3BCQg6Zpl%26id%3D100064424092491&#038;show_text=true&#038;width=7000\" width=\"7000\" height=\"900\" style=\"border:none;overflow:hidden\" scrolling=\"no\" frameborder=\"0\" allowfullscreen=\"true\" allow=\"autoplay; clipboard-write; encrypted-media; picture-in-picture; web-share\"><\/iframe>\n\n\n\n<figure class=\"wp-block-image size-full is-resized\"><img  title=\"\" decoding=\"async\" src=\"https:\/\/municipalidaddenebaj.com\/wp-content\/uploads\/2024\/07\/image-8.png\"  alt=\"image-8 TALLERES PARA ELABORACI\u00d3N DE VELADORAS.\"  class=\"wp-image-33377\" style=\"width:1450px;height:auto\"\/><\/figure>\n","protected":false},"excerpt":{"rendered":"<p>La Direcci\u00f3n Municipal de la Mujer -DMM- realiza talleres para elaboraci\u00f3n de veladoras arom\u00e1ticas con&#8230;<\/p>\n","protected":false},"author":2,"featured_media":33378,"comment_status":"open","ping_status":"open","sticky":false,"template":"","format":"standard","meta":{"_eb_attr":"","_monsterinsights_skip_tracking":false,"_monsterinsights_sitenote_active":false,"_monsterinsights_sitenote_note":"","_monsterinsights_sitenote_category":0,"footnotes":""},"categories":[1],"tags":[],"class_list":["post-33376","post","type-post","status-publish","format-standard","has-post-thumbnail","hentry","category-uncategorized"],"featured_image_urls":{"full":["https:\/\/municipalidaddenebaj.com\/wp-content\/uploads\/2024\/07\/450238573_877848014372660_4830467906556228139_n.jpg",1080,1080,false],"thumbnail":["https:\/\/municipalidaddenebaj.com\/wp-content\/uploads\/2024\/07\/450238573_877848014372660_4830467906556228139_n-161x161.jpg",161,161,true],"medium":["https:\/\/municipalidaddenebaj.com\/wp-content\/uploads\/2024\/07\/450238573_877848014372660_4830467906556228139_n-350x350.jpg",350,350,true],"medium_large":["https:\/\/municipalidaddenebaj.com\/wp-content\/uploads\/2024\/07\/450238573_877848014372660_4830467906556228139_n-768x768.jpg",640,640,true],"large":["https:\/\/municipalidaddenebaj.com\/wp-content\/uploads\/2024\/07\/450238573_877848014372660_4830467906556228139_n-1024x1024.jpg",510,510,true],"ezd_searrch_thumb16x16":["https:\/\/municipalidaddenebaj.com\/wp-content\/uploads\/2024\/07\/450238573_877848014372660_4830467906556228139_n.jpg",16,16,false],"ezd_searrch_thumb50x50":["https:\/\/municipalidaddenebaj.com\/wp-content\/uploads\/2024\/07\/450238573_877848014372660_4830467906556228139_n.jpg",50,50,false],"1536x1536":["https:\/\/municipalidaddenebaj.com\/wp-content\/uploads\/2024\/07\/450238573_877848014372660_4830467906556228139_n.jpg",1080,1080,false],"2048x2048":["https:\/\/municipalidaddenebaj.com\/wp-content\/uploads\/2024\/07\/450238573_877848014372660_4830467906556228139_n.jpg",1080,1080,false],"covernews-featured":["https:\/\/municipalidaddenebaj.com\/wp-content\/uploads\/2024\/07\/450238573_877848014372660_4830467906556228139_n-1024x1024.jpg",1024,1024,true],"covernews-medium":["https:\/\/municipalidaddenebaj.com\/wp-content\/uploads\/2024\/07\/450238573_877848014372660_4830467906556228139_n-540x340.jpg",540,340,true],"woocommerce_thumbnail":["https:\/\/municipalidaddenebaj.com\/wp-content\/uploads\/2024\/07\/450238573_877848014372660_4830467906556228139_n-300x300.jpg",300,300,true],"woocommerce_single":["https:\/\/municipalidaddenebaj.com\/wp-content\/uploads\/2024\/07\/450238573_877848014372660_4830467906556228139_n-600x600.jpg",600,600,true],"woocommerce_gallery_thumbnail":["https:\/\/municipalidaddenebaj.com\/wp-content\/uploads\/2024\/07\/450238573_877848014372660_4830467906556228139_n-100x100.jpg",100,100,true]},"author_info":{"display_name":"Editor Editor","author_link":"https:\/\/municipalidaddenebaj.com\/?author=2"},"category_info":"<a href=\"https:\/\/municipalidaddenebaj.com\/?cat=1\" rel=\"category\">Uncategorized<\/a>","tag_info":"Uncategorized","comment_count":"0","_links":{"self":[{"href":"https:\/\/municipalidaddenebaj.com\/index.php?rest_route=\/wp\/v2\/posts\/33376","targetHints":{"allow":["GET"]}}],"collection":[{"href":"https:\/\/municipalidaddenebaj.com\/index.php?rest_route=\/wp\/v2\/posts"}],"about":[{"href":"https:\/\/municipalidaddenebaj.com\/index.php?rest_route=\/wp\/v2\/types\/post"}],"author":[{"embeddable":true,"href":"https:\/\/municipalidaddenebaj.com\/index.php?rest_route=\/wp\/v2\/users\/2"}],"replies":[{"embeddable":true,"href":"https:\/\/municipalidaddenebaj.com\/index.php?rest_route=%2Fwp%2Fv2%2Fcomments&post=33376"}],"version-history":[{"count":0,"href":"https:\/\/municipalidaddenebaj.com\/index.php?rest_route=\/wp\/v2\/posts\/33376\/revisions"}],"wp:featuredmedia":[{"embeddable":true,"href":"https:\/\/municipalidaddenebaj.com\/index.php?rest_route=\/wp\/v2\/media\/33378"}],"wp:attachment":[{"href":"https:\/\/municipalidaddenebaj.com\/index.php?rest_route=%2Fwp%2Fv2%2Fmedia&parent=33376"}],"wp:term":[{"taxonomy":"category","embeddable":true,"href":"https:\/\/municipalidaddenebaj.com\/index.php?rest_route=%2Fwp%2Fv2%2Fcategories&post=33376"},{"taxonomy":"post_tag","embeddable":true,"href":"https:\/\/municipalidaddenebaj.com\/index.php?rest_route=%2Fwp%2Fv2%2Ftags&post=33376"}],"curies":[{"name":"wp","href":"https:\/\/api.w.org\/{rel}","templated":true}]}}