{"id":33393,"date":"2024-07-09T21:31:24","date_gmt":"2024-07-09T21:31:24","guid":{"rendered":"https:\/\/municipalidaddenebaj.com\/?p=33393"},"modified":"2024-07-11T17:42:14","modified_gmt":"2024-07-11T17:42:14","slug":"estudio-topografico-canton-villala","status":"publish","type":"post","link":"https:\/\/municipalidaddenebaj.com\/?p=33393","title":{"rendered":"ESTUDIO TOPOGR\u00c1FICO CANT\u00d3N VILLALA."},"content":{"rendered":"\n<h4 class=\"wp-block-heading\">\u00a1 Estudio Topogr\u00e1fico !<\/h4>\n\n\n\n<h4 class=\"wp-block-heading\"><mark style=\"background-color:rgba(0, 0, 0, 0)\" class=\"has-inline-color has-black-color\">La Direcci\u00f3n Municipal de Planificaci\u00f3n -DMP- realiz\u00e1 estudio topogr\u00e1fico en el cant\u00f3n Villal\u00e1, con la finalidad de evaluar las condiciones del suelo y del \u00e1rea, para formulaci\u00f3n y ejecuci\u00f3n de proyecto pavimentaci\u00f3n.<\/mark><\/h4>\n\n\n\n<h4 class=\"wp-block-heading\"><mark style=\"background-color:rgba(0, 0, 0, 0)\" class=\"has-inline-color has-black-color\">Con el objetivo de beneficiar a vecinos de nuestro municipio con calles en buen estado, para uso peatonal y vehicular.<\/mark><\/h4>\n\n\n\n<h4 class=\"wp-block-heading\"><a href=\"https:\/\/www.facebook.com\/hashtag\/construyendofuturo?__eep__=6&amp;__cft__[0]=AZVov-pGg2S1q7vzF9ZbkEGQP8rwH-Lq5j-bbjbmAd4hD4816Jmw8gM9c9qyXxYKBez_Eoz2TAIjy5wgov2u9Sy98BqyTGP1Ea-z-Ik7w9wefgNCBc2VTw0uwX9lzkmQTzKTHZnWN9v9xXutDAfVs0GG2NwLQoY-U8HNsAmYaCnbbtpkLl6JxGuS0kHgw9H4NH4JIt8DWzaptVWZ5xr5ylkt&amp;__tn__=*NK-R\">#ConstruyendoFuturo<\/a><\/h4>\n\n\n\n<iframe src=\"https:\/\/www.facebook.com\/plugins\/post.php?href=https%3A%2F%2Fwww.facebook.com%2Fpermalink.php%3Fstory_fbid%3Dpfbid02iGQ7BLFuwccAtTo1ptrhd5mzSJby6R8jnkZtTWabrXUd5bT9v2hDzBfvry87aguWl%26id%3D100064424092491&#038;show_text=true&#038;width=9000\" width=\"9000\" height=\"980\" style=\"border:none;overflow:hidden\" scrolling=\"no\" frameborder=\"0\" allowfullscreen=\"true\" allow=\"autoplay; clipboard-write; encrypted-media; picture-in-picture; web-share\"><\/iframe>\n\n\n\n<figure class=\"wp-block-image size-full is-resized\"><img  title=\"\" decoding=\"async\" src=\"https:\/\/municipalidaddenebaj.com\/wp-content\/uploads\/2024\/07\/image-12.png\"  alt=\"image-12 ESTUDIO TOPOGR\u00c1FICO CANT\u00d3N VILLALA.\"  class=\"wp-image-33394\" style=\"width:1450px;height:auto\"\/><\/figure>\n","protected":false},"excerpt":{"rendered":"<p>\u00a1 Estudio Topogr\u00e1fico ! La Direcci\u00f3n Municipal de Planificaci\u00f3n -DMP- realiz\u00e1 estudio topogr\u00e1fico en el&#8230;<\/p>\n","protected":false},"author":2,"featured_media":33404,"comment_status":"open","ping_status":"open","sticky":false,"template":"","format":"standard","meta":{"_eb_attr":"","_monsterinsights_skip_tracking":false,"_monsterinsights_sitenote_active":false,"_monsterinsights_sitenote_note":"","_monsterinsights_sitenote_category":0,"footnotes":""},"categories":[1],"tags":[],"class_list":["post-33393","post","type-post","status-publish","format-standard","has-post-thumbnail","hentry","category-uncategorized"],"featured_image_urls":{"full":["https:\/\/municipalidaddenebaj.com\/wp-content\/uploads\/2024\/07\/450502832_878619644295497_2655959915243787984_n-1-e1720624094407.jpg",370,370,false],"thumbnail":["https:\/\/municipalidaddenebaj.com\/wp-content\/uploads\/2024\/07\/450502832_878619644295497_2655959915243787984_n-1-161x161.jpg",161,161,true],"medium":["https:\/\/municipalidaddenebaj.com\/wp-content\/uploads\/2024\/07\/450502832_878619644295497_2655959915243787984_n-1-350x350.jpg",350,350,true],"medium_large":["https:\/\/municipalidaddenebaj.com\/wp-content\/uploads\/2024\/07\/450502832_878619644295497_2655959915243787984_n-1-768x768.jpg",640,640,true],"large":["https:\/\/municipalidaddenebaj.com\/wp-content\/uploads\/2024\/07\/450502832_878619644295497_2655959915243787984_n-1-1024x1024.jpg",510,510,true],"ezd_searrch_thumb16x16":["https:\/\/municipalidaddenebaj.com\/wp-content\/uploads\/2024\/07\/450502832_878619644295497_2655959915243787984_n-1-e1720624094407.jpg",16,16,false],"ezd_searrch_thumb50x50":["https:\/\/municipalidaddenebaj.com\/wp-content\/uploads\/2024\/07\/450502832_878619644295497_2655959915243787984_n-1-e1720624094407.jpg",50,50,false],"1536x1536":["https:\/\/municipalidaddenebaj.com\/wp-content\/uploads\/2024\/07\/450502832_878619644295497_2655959915243787984_n-1-e1720624094407.jpg",370,370,false],"2048x2048":["https:\/\/municipalidaddenebaj.com\/wp-content\/uploads\/2024\/07\/450502832_878619644295497_2655959915243787984_n-1-e1720624094407.jpg",370,370,false],"covernews-featured":["https:\/\/municipalidaddenebaj.com\/wp-content\/uploads\/2024\/07\/450502832_878619644295497_2655959915243787984_n-1-1024x1024.jpg",1024,1024,true],"covernews-medium":["https:\/\/municipalidaddenebaj.com\/wp-content\/uploads\/2024\/07\/450502832_878619644295497_2655959915243787984_n-1-540x340.jpg",540,340,true],"woocommerce_thumbnail":["https:\/\/municipalidaddenebaj.com\/wp-content\/uploads\/2024\/07\/450502832_878619644295497_2655959915243787984_n-1-e1720624094407-300x300.jpg",300,300,true],"woocommerce_single":["https:\/\/municipalidaddenebaj.com\/wp-content\/uploads\/2024\/07\/450502832_878619644295497_2655959915243787984_n-1-e1720624094407.jpg",370,370,false],"woocommerce_gallery_thumbnail":["https:\/\/municipalidaddenebaj.com\/wp-content\/uploads\/2024\/07\/450502832_878619644295497_2655959915243787984_n-1-e1720624094407-100x100.jpg",100,100,true]},"author_info":{"display_name":"Editor Editor","author_link":"https:\/\/municipalidaddenebaj.com\/?author=2"},"category_info":"<a href=\"https:\/\/municipalidaddenebaj.com\/?cat=1\" rel=\"category\">Uncategorized<\/a>","tag_info":"Uncategorized","comment_count":"0","_links":{"self":[{"href":"https:\/\/municipalidaddenebaj.com\/index.php?rest_route=\/wp\/v2\/posts\/33393","targetHints":{"allow":["GET"]}}],"collection":[{"href":"https:\/\/municipalidaddenebaj.com\/index.php?rest_route=\/wp\/v2\/posts"}],"about":[{"href":"https:\/\/municipalidaddenebaj.com\/index.php?rest_route=\/wp\/v2\/types\/post"}],"author":[{"embeddable":true,"href":"https:\/\/municipalidaddenebaj.com\/index.php?rest_route=\/wp\/v2\/users\/2"}],"replies":[{"embeddable":true,"href":"https:\/\/municipalidaddenebaj.com\/index.php?rest_route=%2Fwp%2Fv2%2Fcomments&post=33393"}],"version-history":[{"count":0,"href":"https:\/\/municipalidaddenebaj.com\/index.php?rest_route=\/wp\/v2\/posts\/33393\/revisions"}],"wp:featuredmedia":[{"embeddable":true,"href":"https:\/\/municipalidaddenebaj.com\/index.php?rest_route=\/wp\/v2\/media\/33404"}],"wp:attachment":[{"href":"https:\/\/municipalidaddenebaj.com\/index.php?rest_route=%2Fwp%2Fv2%2Fmedia&parent=33393"}],"wp:term":[{"taxonomy":"category","embeddable":true,"href":"https:\/\/municipalidaddenebaj.com\/index.php?rest_route=%2Fwp%2Fv2%2Fcategories&post=33393"},{"taxonomy":"post_tag","embeddable":true,"href":"https:\/\/municipalidaddenebaj.com\/index.php?rest_route=%2Fwp%2Fv2%2Ftags&post=33393"}],"curies":[{"name":"wp","href":"https:\/\/api.w.org\/{rel}","templated":true}]}}