{"id":33437,"date":"2024-07-11T16:06:21","date_gmt":"2024-07-11T16:06:21","guid":{"rendered":"https:\/\/municipalidaddenebaj.com\/?p=33437"},"modified":"2024-07-11T17:40:52","modified_gmt":"2024-07-11T17:40:52","slug":"lanzamiento-de-campana-reforestacion","status":"publish","type":"post","link":"https:\/\/municipalidaddenebaj.com\/?p=33437","title":{"rendered":"LANZAMIENTO DE CAMPA\u00d1A REFORESTACI\u00d3N"},"content":{"rendered":"\n<h4 class=\"wp-block-heading\">Lanzamiento de campa\u00f1a de Reforestaci\u00f3n! <img  title=\"\" decoding=\"async\" height=\"16\" width=\"16\"  alt=\"1f332 LANZAMIENTO DE CAMPA\u00d1A REFORESTACI\u00d3N\"  src=\"https:\/\/static.xx.fbcdn.net\/images\/emoji.php\/v9\/tea\/1\/16\/1f332.png\"><img  title=\"\" decoding=\"async\" height=\"16\" width=\"16\"  alt=\"1f333 LANZAMIENTO DE CAMPA\u00d1A REFORESTACI\u00d3N\"  src=\"https:\/\/static.xx.fbcdn.net\/images\/emoji.php\/v9\/t6b\/1\/16\/1f333.png\"><\/h4>\n\n\n\n<h4 class=\"wp-block-heading\"><mark style=\"background-color:rgba(0, 0, 0, 0)\" class=\"has-inline-color has-black-color\">Junto a cooperativa COSAMI, se realiza lanzamiento de campa\u00f1a de Reforestaci\u00f3n \u00abCUIDANDO LA CASA COM\u00daN \u00bb con participaci\u00f3n de integrantes de Alcald\u00eda Ind\u00edgena, COSAMI y DIMOT.<\/mark><\/h4>\n\n\n\n<h4 class=\"wp-block-heading\"><mark style=\"background-color:rgba(0, 0, 0, 0)\" class=\"has-inline-color has-black-color\">Recibiendo 3,200 \u00e1rboles para el vivero Municipal, las cuales fueron donadas por COSAMI, y continuar con las acciones de reforestaci\u00f3n.<\/mark><\/h4>\n\n\n\n<h4 class=\"wp-block-heading\"># Por Nebaj.<\/h4>\n\n\n\n<iframe src=\"https:\/\/www.facebook.com\/plugins\/post.php?href=https%3A%2F%2Fwww.facebook.com%2Fpermalink.php%3Fstory_fbid%3Dpfbid0DSBBT1aHhX3Zemp72X8DgXswSxAPigAHEtZZyVCFvbzwoQfACsfQtTBQWGANK541l%26id%3D100064424092491&#038;show_text=true&#038;width=9000\" width=\"9000\" height=\"910\" style=\"border:none;overflow:hidden\" scrolling=\"no\" frameborder=\"0\" allowfullscreen=\"true\" allow=\"autoplay; clipboard-write; encrypted-media; picture-in-picture; web-share\"><\/iframe>\n\n\n\n<figure class=\"wp-block-image size-large is-resized\"><img  title=\"\" decoding=\"async\" src=\"https:\/\/municipalidaddenebaj.com\/wp-content\/uploads\/2024\/07\/image-13-1-500x24.png\"  alt=\"image-13-1-500x24 LANZAMIENTO DE CAMPA\u00d1A REFORESTACI\u00d3N\"  class=\"wp-image-33442\" style=\"width:1450px;height:auto\"\/><\/figure>\n","protected":false},"excerpt":{"rendered":"<p>Lanzamiento de campa\u00f1a de Reforestaci\u00f3n! Junto a cooperativa COSAMI, se realiza lanzamiento de campa\u00f1a de&#8230;<\/p>\n","protected":false},"author":2,"featured_media":33440,"comment_status":"open","ping_status":"open","sticky":false,"template":"","format":"standard","meta":{"_eb_attr":"","_monsterinsights_skip_tracking":false,"_monsterinsights_sitenote_active":false,"_monsterinsights_sitenote_note":"","_monsterinsights_sitenote_category":0,"footnotes":""},"categories":[1],"tags":[],"class_list":["post-33437","post","type-post","status-publish","format-standard","has-post-thumbnail","hentry","category-uncategorized"],"featured_image_urls":{"full":["https:\/\/municipalidaddenebaj.com\/wp-content\/uploads\/2024\/07\/450553565_879178320906296_8289907728584214671_n.jpg",1080,1080,false],"thumbnail":["https:\/\/municipalidaddenebaj.com\/wp-content\/uploads\/2024\/07\/450553565_879178320906296_8289907728584214671_n-200x200.jpg",200,200,true],"medium":["https:\/\/municipalidaddenebaj.com\/wp-content\/uploads\/2024\/07\/450553565_879178320906296_8289907728584214671_n-597x597.jpg",594,594,true],"medium_large":["https:\/\/municipalidaddenebaj.com\/wp-content\/uploads\/2024\/07\/450553565_879178320906296_8289907728584214671_n-768x768.jpg",640,640,true],"large":["https:\/\/municipalidaddenebaj.com\/wp-content\/uploads\/2024\/07\/450553565_879178320906296_8289907728584214671_n-500x499.jpg",500,499,true],"ezd_searrch_thumb16x16":["https:\/\/municipalidaddenebaj.com\/wp-content\/uploads\/2024\/07\/450553565_879178320906296_8289907728584214671_n.jpg",16,16,false],"ezd_searrch_thumb50x50":["https:\/\/municipalidaddenebaj.com\/wp-content\/uploads\/2024\/07\/450553565_879178320906296_8289907728584214671_n.jpg",50,50,false],"1536x1536":["https:\/\/municipalidaddenebaj.com\/wp-content\/uploads\/2024\/07\/450553565_879178320906296_8289907728584214671_n.jpg",1080,1080,false],"2048x2048":["https:\/\/municipalidaddenebaj.com\/wp-content\/uploads\/2024\/07\/450553565_879178320906296_8289907728584214671_n.jpg",1080,1080,false],"covernews-featured":["https:\/\/municipalidaddenebaj.com\/wp-content\/uploads\/2024\/07\/450553565_879178320906296_8289907728584214671_n-1024x1024.jpg",1024,1024,true],"covernews-medium":["https:\/\/municipalidaddenebaj.com\/wp-content\/uploads\/2024\/07\/450553565_879178320906296_8289907728584214671_n-540x340.jpg",540,340,true],"woocommerce_thumbnail":["https:\/\/municipalidaddenebaj.com\/wp-content\/uploads\/2024\/07\/450553565_879178320906296_8289907728584214671_n-300x300.jpg",300,300,true],"woocommerce_single":["https:\/\/municipalidaddenebaj.com\/wp-content\/uploads\/2024\/07\/450553565_879178320906296_8289907728584214671_n-600x600.jpg",600,600,true],"woocommerce_gallery_thumbnail":["https:\/\/municipalidaddenebaj.com\/wp-content\/uploads\/2024\/07\/450553565_879178320906296_8289907728584214671_n-100x100.jpg",100,100,true]},"author_info":{"display_name":"Editor Editor","author_link":"https:\/\/municipalidaddenebaj.com\/?author=2"},"category_info":"<a href=\"https:\/\/municipalidaddenebaj.com\/?cat=1\" rel=\"category\">Uncategorized<\/a>","tag_info":"Uncategorized","comment_count":"0","_links":{"self":[{"href":"https:\/\/municipalidaddenebaj.com\/index.php?rest_route=\/wp\/v2\/posts\/33437","targetHints":{"allow":["GET"]}}],"collection":[{"href":"https:\/\/municipalidaddenebaj.com\/index.php?rest_route=\/wp\/v2\/posts"}],"about":[{"href":"https:\/\/municipalidaddenebaj.com\/index.php?rest_route=\/wp\/v2\/types\/post"}],"author":[{"embeddable":true,"href":"https:\/\/municipalidaddenebaj.com\/index.php?rest_route=\/wp\/v2\/users\/2"}],"replies":[{"embeddable":true,"href":"https:\/\/municipalidaddenebaj.com\/index.php?rest_route=%2Fwp%2Fv2%2Fcomments&post=33437"}],"version-history":[{"count":0,"href":"https:\/\/municipalidaddenebaj.com\/index.php?rest_route=\/wp\/v2\/posts\/33437\/revisions"}],"wp:featuredmedia":[{"embeddable":true,"href":"https:\/\/municipalidaddenebaj.com\/index.php?rest_route=\/wp\/v2\/media\/33440"}],"wp:attachment":[{"href":"https:\/\/municipalidaddenebaj.com\/index.php?rest_route=%2Fwp%2Fv2%2Fmedia&parent=33437"}],"wp:term":[{"taxonomy":"category","embeddable":true,"href":"https:\/\/municipalidaddenebaj.com\/index.php?rest_route=%2Fwp%2Fv2%2Fcategories&post=33437"},{"taxonomy":"post_tag","embeddable":true,"href":"https:\/\/municipalidaddenebaj.com\/index.php?rest_route=%2Fwp%2Fv2%2Ftags&post=33437"}],"curies":[{"name":"wp","href":"https:\/\/api.w.org\/{rel}","templated":true}]}}