{"id":33448,"date":"2024-07-11T16:14:37","date_gmt":"2024-07-11T16:14:37","guid":{"rendered":"https:\/\/municipalidaddenebaj.com\/?p=33448"},"modified":"2024-07-11T17:37:45","modified_gmt":"2024-07-11T17:37:45","slug":"jornada-de-limpieza-8","status":"publish","type":"post","link":"https:\/\/municipalidaddenebaj.com\/?p=33448","title":{"rendered":"JORNADA DE LIMPIEZA"},"content":{"rendered":"\n<h2 class=\"wp-block-heading\">\u00a1Jornadas de Limpieza!<\/h2>\n\n\n\n<h4 class=\"wp-block-heading\">Por instrucciones del Sr. Alcalde <a href=\"https:\/\/www.facebook.com\/profile.php?id=100065359905403&amp;__cft__[0]=AZURQrn_ql1M7q1GA-IPyxBiIvjchok88M_m0rz7FTqa8gTgZAQ5gNevEHVTI3JashaKaM9ngLmzYbDv7gTmDTwRJr_5qsNzjZ9iN7AB9ea0qQJVej2j5MeOKvtfvZkJEZShCycEzRMfFG2Yax8oE8BXpVfDM5uFPiaXeDeqF1rSq81aCivnjXY-9cK8k28tEd8lG3CMkBYKJDrrrC9mze80&amp;__tn__=-]K-R\">Ram\u00f3n Raymundo<\/a> y Honorable Concejo, la Municipalidad de Nebaj a trav\u00e9s de la Direcci\u00f3n Municipal de Servicios P\u00fablicos -DMSP- llevaron a cabo la limpieza y fumigaci\u00f3n en las \u00e1reas del cementerio general, se le di\u00f3 mantenimiento a las cercan\u00edas del Estadio Miguel Garc\u00eda Granados y se habilitaron los ba\u00f1os p\u00fablicos que por un largo tiempo estuvieron sin uso y sin mantenimiento.<\/h4>\n\n\n\n<h4 class=\"wp-block-heading\"><a href=\"https:\/\/www.facebook.com\/hashtag\/pornebaj?__eep__=6&amp;__cft__[0]=AZURQrn_ql1M7q1GA-IPyxBiIvjchok88M_m0rz7FTqa8gTgZAQ5gNevEHVTI3JashaKaM9ngLmzYbDv7gTmDTwRJr_5qsNzjZ9iN7AB9ea0qQJVej2j5MeOKvtfvZkJEZShCycEzRMfFG2Yax8oE8BXpVfDM5uFPiaXeDeqF1rSq81aCivnjXY-9cK8k28tEd8lG3CMkBYKJDrrrC9mze80&amp;__tn__=*NK-R\">#PorNebaj<\/a><\/h4>\n\n\n\n<iframe src=\"https:\/\/www.facebook.com\/plugins\/post.php?href=https%3A%2F%2Fwww.facebook.com%2Fpermalink.php%3Fstory_fbid%3Dpfbid0ydzYAqjS6qSaUXQX5kjJLKQB4dqyFY8w5jMpu4Ppey4Miq3Mhx5Vhac4rfFkGyQ3l%26id%3D100064424092491&#038;show_text=true&#038;width=9000\" width=\"9000\" height=\"950\" style=\"border:none;overflow:hidden\" scrolling=\"no\" frameborder=\"0\" allowfullscreen=\"true\" allow=\"autoplay; clipboard-write; encrypted-media; picture-in-picture; web-share\"><\/iframe>\n\n\n\n<figure class=\"wp-block-image size-large is-resized\"><img  title=\"\" decoding=\"async\" src=\"https:\/\/municipalidaddenebaj.com\/wp-content\/uploads\/2024\/07\/image-17-500x24.png\"  alt=\"image-17-500x24 JORNADA DE LIMPIEZA\"  class=\"wp-image-33449\" style=\"width:1450px;height:auto\"\/><\/figure>\n","protected":false},"excerpt":{"rendered":"<p>\u00a1Jornadas de Limpieza! Por instrucciones del Sr. Alcalde Ram\u00f3n Raymundo y Honorable Concejo, la Municipalidad&#8230;<\/p>\n","protected":false},"author":2,"featured_media":33450,"comment_status":"open","ping_status":"open","sticky":false,"template":"","format":"standard","meta":{"_eb_attr":"","_monsterinsights_skip_tracking":false,"_monsterinsights_sitenote_active":false,"_monsterinsights_sitenote_note":"","_monsterinsights_sitenote_category":0,"footnotes":""},"categories":[1],"tags":[],"class_list":["post-33448","post","type-post","status-publish","format-standard","has-post-thumbnail","hentry","category-uncategorized"],"featured_image_urls":{"full":["https:\/\/municipalidaddenebaj.com\/wp-content\/uploads\/2024\/07\/450434825_879697327521062_3391030664334385818_n.jpg",1080,1080,false],"thumbnail":["https:\/\/municipalidaddenebaj.com\/wp-content\/uploads\/2024\/07\/450434825_879697327521062_3391030664334385818_n-200x200.jpg",200,200,true],"medium":["https:\/\/municipalidaddenebaj.com\/wp-content\/uploads\/2024\/07\/450434825_879697327521062_3391030664334385818_n-597x597.jpg",594,594,true],"medium_large":["https:\/\/municipalidaddenebaj.com\/wp-content\/uploads\/2024\/07\/450434825_879697327521062_3391030664334385818_n-768x768.jpg",640,640,true],"large":["https:\/\/municipalidaddenebaj.com\/wp-content\/uploads\/2024\/07\/450434825_879697327521062_3391030664334385818_n-500x499.jpg",500,499,true],"ezd_searrch_thumb16x16":["https:\/\/municipalidaddenebaj.com\/wp-content\/uploads\/2024\/07\/450434825_879697327521062_3391030664334385818_n.jpg",16,16,false],"ezd_searrch_thumb50x50":["https:\/\/municipalidaddenebaj.com\/wp-content\/uploads\/2024\/07\/450434825_879697327521062_3391030664334385818_n.jpg",50,50,false],"1536x1536":["https:\/\/municipalidaddenebaj.com\/wp-content\/uploads\/2024\/07\/450434825_879697327521062_3391030664334385818_n.jpg",1080,1080,false],"2048x2048":["https:\/\/municipalidaddenebaj.com\/wp-content\/uploads\/2024\/07\/450434825_879697327521062_3391030664334385818_n.jpg",1080,1080,false],"covernews-featured":["https:\/\/municipalidaddenebaj.com\/wp-content\/uploads\/2024\/07\/450434825_879697327521062_3391030664334385818_n-1024x1024.jpg",1024,1024,true],"covernews-medium":["https:\/\/municipalidaddenebaj.com\/wp-content\/uploads\/2024\/07\/450434825_879697327521062_3391030664334385818_n-540x340.jpg",540,340,true],"woocommerce_thumbnail":["https:\/\/municipalidaddenebaj.com\/wp-content\/uploads\/2024\/07\/450434825_879697327521062_3391030664334385818_n-300x300.jpg",300,300,true],"woocommerce_single":["https:\/\/municipalidaddenebaj.com\/wp-content\/uploads\/2024\/07\/450434825_879697327521062_3391030664334385818_n-600x600.jpg",600,600,true],"woocommerce_gallery_thumbnail":["https:\/\/municipalidaddenebaj.com\/wp-content\/uploads\/2024\/07\/450434825_879697327521062_3391030664334385818_n-100x100.jpg",100,100,true]},"author_info":{"display_name":"Editor Editor","author_link":"https:\/\/municipalidaddenebaj.com\/?author=2"},"category_info":"<a href=\"https:\/\/municipalidaddenebaj.com\/?cat=1\" rel=\"category\">Uncategorized<\/a>","tag_info":"Uncategorized","comment_count":"0","_links":{"self":[{"href":"https:\/\/municipalidaddenebaj.com\/index.php?rest_route=\/wp\/v2\/posts\/33448","targetHints":{"allow":["GET"]}}],"collection":[{"href":"https:\/\/municipalidaddenebaj.com\/index.php?rest_route=\/wp\/v2\/posts"}],"about":[{"href":"https:\/\/municipalidaddenebaj.com\/index.php?rest_route=\/wp\/v2\/types\/post"}],"author":[{"embeddable":true,"href":"https:\/\/municipalidaddenebaj.com\/index.php?rest_route=\/wp\/v2\/users\/2"}],"replies":[{"embeddable":true,"href":"https:\/\/municipalidaddenebaj.com\/index.php?rest_route=%2Fwp%2Fv2%2Fcomments&post=33448"}],"version-history":[{"count":0,"href":"https:\/\/municipalidaddenebaj.com\/index.php?rest_route=\/wp\/v2\/posts\/33448\/revisions"}],"wp:featuredmedia":[{"embeddable":true,"href":"https:\/\/municipalidaddenebaj.com\/index.php?rest_route=\/wp\/v2\/media\/33450"}],"wp:attachment":[{"href":"https:\/\/municipalidaddenebaj.com\/index.php?rest_route=%2Fwp%2Fv2%2Fmedia&parent=33448"}],"wp:term":[{"taxonomy":"category","embeddable":true,"href":"https:\/\/municipalidaddenebaj.com\/index.php?rest_route=%2Fwp%2Fv2%2Fcategories&post=33448"},{"taxonomy":"post_tag","embeddable":true,"href":"https:\/\/municipalidaddenebaj.com\/index.php?rest_route=%2Fwp%2Fv2%2Ftags&post=33448"}],"curies":[{"name":"wp","href":"https:\/\/api.w.org\/{rel}","templated":true}]}}