{"id":33495,"date":"2024-07-11T20:19:34","date_gmt":"2024-07-11T20:19:34","guid":{"rendered":"https:\/\/municipalidaddenebaj.com\/?p=33495"},"modified":"2024-07-11T20:20:13","modified_gmt":"2024-07-11T20:20:13","slug":"coordinacion-institucional","status":"publish","type":"post","link":"https:\/\/municipalidaddenebaj.com\/?p=33495","title":{"rendered":"COORDINACI\u00d3N INSTITUCIONAL"},"content":{"rendered":"\n<h4 class=\"wp-block-heading\"><strong><mark style=\"background-color:rgba(0, 0, 0, 0)\" class=\"has-inline-color has-black-color\">El Se\u00f1or Alcalde Municipal, <a href=\"https:\/\/www.facebook.com\/profile.php?id=100065359905403&amp;__cft__[0]=AZXOZNJX6-ytk8cw8itzeRxQ5LRfnHvmyZ-JpAcW3O3GqP5-ByVP1zE2Nk0UKfpPCHDeeYX2RNIZ_h7LuXXwNlnfKU2FFW9fu8KkJTq7G80abOlSFC-wWVZX0FMgH39O5CuV2iWWtF8G5tlCm-B65bAmUIHGB-kStJ7hWFG26HIaADGIGBKDgMfpBN1i8NnXUMFQlIWjQAYwSghxEizYhSBp&amp;__tn__=-]K-R\">Ram\u00f3n Raymundo<\/a>, se re\u00fane con Ing. Axel Efra\u00edn de Le\u00f3n Ram\u00edrez, Director Ejecutivo y funcionarios del Registro de Informaci\u00f3n Catastral \u201cRIC\u201d, con el objeto de establecer ruta para la coordinaci\u00f3n institucional en materia de Catastro y de Ordenamiento Territorial.<\/mark><\/strong><\/h4>\n\n\n\n<iframe src=\"https:\/\/www.facebook.com\/plugins\/post.php?href=https%3A%2F%2Fwww.facebook.com%2Fpermalink.php%3Fstory_fbid%3Dpfbid024uZbFuUqgNBptwgp3iLEEWLXS9b5AABuse9Kvj2Kx8uPfGqBxKUQKPPF1TvmuEAol%26id%3D100064424092491&#038;show_text=true&#038;width=9000\" width=\"820\" height=\"930\" style=\"border:none;overflow:hidden\" scrolling=\"no\" frameborder=\"0\" allowfullscreen=\"true\" allow=\"autoplay; clipboard-write; encrypted-media; picture-in-picture; web-share\"><\/iframe>\n\n\n\n<figure class=\"wp-block-image size-large is-resized\"><img  title=\"\" decoding=\"async\" src=\"https:\/\/municipalidaddenebaj.com\/wp-content\/uploads\/2024\/07\/image-18-400x20.png\"  alt=\"image-18-400x20 COORDINACI\u00d3N INSTITUCIONAL\"  class=\"wp-image-33496\" style=\"width:1450px;height:auto\"\/><\/figure>\n\n\n\n<p><\/p>\n","protected":false},"excerpt":{"rendered":"<p>El Se\u00f1or Alcalde Municipal, Ram\u00f3n Raymundo, se re\u00fane con Ing. Axel Efra\u00edn de Le\u00f3n Ram\u00edrez,&#8230;<\/p>\n","protected":false},"author":2,"featured_media":33499,"comment_status":"open","ping_status":"open","sticky":false,"template":"","format":"standard","meta":{"_eb_attr":"","_monsterinsights_skip_tracking":false,"_monsterinsights_sitenote_active":false,"_monsterinsights_sitenote_note":"","_monsterinsights_sitenote_category":0,"footnotes":""},"categories":[1],"tags":[],"class_list":["post-33495","post","type-post","status-publish","format-standard","has-post-thumbnail","hentry","category-uncategorized"],"featured_image_urls":{"full":["https:\/\/municipalidaddenebaj.com\/wp-content\/uploads\/2024\/07\/449954318_879774130846715_7169322342158071970_n.jpg",1080,1080,false],"thumbnail":["https:\/\/municipalidaddenebaj.com\/wp-content\/uploads\/2024\/07\/449954318_879774130846715_7169322342158071970_n-200x200.jpg",200,200,true],"medium":["https:\/\/municipalidaddenebaj.com\/wp-content\/uploads\/2024\/07\/449954318_879774130846715_7169322342158071970_n-500x500.jpg",500,500,true],"medium_large":["https:\/\/municipalidaddenebaj.com\/wp-content\/uploads\/2024\/07\/449954318_879774130846715_7169322342158071970_n-768x768.jpg",640,640,true],"large":["https:\/\/municipalidaddenebaj.com\/wp-content\/uploads\/2024\/07\/449954318_879774130846715_7169322342158071970_n-400x400.jpg",400,400,true],"ezd_searrch_thumb16x16":["https:\/\/municipalidaddenebaj.com\/wp-content\/uploads\/2024\/07\/449954318_879774130846715_7169322342158071970_n.jpg",16,16,false],"ezd_searrch_thumb50x50":["https:\/\/municipalidaddenebaj.com\/wp-content\/uploads\/2024\/07\/449954318_879774130846715_7169322342158071970_n.jpg",50,50,false],"1536x1536":["https:\/\/municipalidaddenebaj.com\/wp-content\/uploads\/2024\/07\/449954318_879774130846715_7169322342158071970_n.jpg",1080,1080,false],"2048x2048":["https:\/\/municipalidaddenebaj.com\/wp-content\/uploads\/2024\/07\/449954318_879774130846715_7169322342158071970_n.jpg",1080,1080,false],"covernews-featured":["https:\/\/municipalidaddenebaj.com\/wp-content\/uploads\/2024\/07\/449954318_879774130846715_7169322342158071970_n-1024x1024.jpg",1024,1024,true],"covernews-medium":["https:\/\/municipalidaddenebaj.com\/wp-content\/uploads\/2024\/07\/449954318_879774130846715_7169322342158071970_n-540x340.jpg",540,340,true],"woocommerce_thumbnail":["https:\/\/municipalidaddenebaj.com\/wp-content\/uploads\/2024\/07\/449954318_879774130846715_7169322342158071970_n-300x300.jpg",300,300,true],"woocommerce_single":["https:\/\/municipalidaddenebaj.com\/wp-content\/uploads\/2024\/07\/449954318_879774130846715_7169322342158071970_n-600x600.jpg",600,600,true],"woocommerce_gallery_thumbnail":["https:\/\/municipalidaddenebaj.com\/wp-content\/uploads\/2024\/07\/449954318_879774130846715_7169322342158071970_n-100x100.jpg",100,100,true]},"author_info":{"display_name":"Editor Editor","author_link":"https:\/\/municipalidaddenebaj.com\/?author=2"},"category_info":"<a href=\"https:\/\/municipalidaddenebaj.com\/?cat=1\" rel=\"category\">Uncategorized<\/a>","tag_info":"Uncategorized","comment_count":"0","_links":{"self":[{"href":"https:\/\/municipalidaddenebaj.com\/index.php?rest_route=\/wp\/v2\/posts\/33495","targetHints":{"allow":["GET"]}}],"collection":[{"href":"https:\/\/municipalidaddenebaj.com\/index.php?rest_route=\/wp\/v2\/posts"}],"about":[{"href":"https:\/\/municipalidaddenebaj.com\/index.php?rest_route=\/wp\/v2\/types\/post"}],"author":[{"embeddable":true,"href":"https:\/\/municipalidaddenebaj.com\/index.php?rest_route=\/wp\/v2\/users\/2"}],"replies":[{"embeddable":true,"href":"https:\/\/municipalidaddenebaj.com\/index.php?rest_route=%2Fwp%2Fv2%2Fcomments&post=33495"}],"version-history":[{"count":0,"href":"https:\/\/municipalidaddenebaj.com\/index.php?rest_route=\/wp\/v2\/posts\/33495\/revisions"}],"wp:featuredmedia":[{"embeddable":true,"href":"https:\/\/municipalidaddenebaj.com\/index.php?rest_route=\/wp\/v2\/media\/33499"}],"wp:attachment":[{"href":"https:\/\/municipalidaddenebaj.com\/index.php?rest_route=%2Fwp%2Fv2%2Fmedia&parent=33495"}],"wp:term":[{"taxonomy":"category","embeddable":true,"href":"https:\/\/municipalidaddenebaj.com\/index.php?rest_route=%2Fwp%2Fv2%2Fcategories&post=33495"},{"taxonomy":"post_tag","embeddable":true,"href":"https:\/\/municipalidaddenebaj.com\/index.php?rest_route=%2Fwp%2Fv2%2Ftags&post=33495"}],"curies":[{"name":"wp","href":"https:\/\/api.w.org\/{rel}","templated":true}]}}