{"id":33519,"date":"2024-07-11T23:17:14","date_gmt":"2024-07-11T23:17:14","guid":{"rendered":"https:\/\/municipalidaddenebaj.com\/?p=33519"},"modified":"2024-07-11T23:17:41","modified_gmt":"2024-07-11T23:17:41","slug":"reunion","status":"publish","type":"post","link":"https:\/\/municipalidaddenebaj.com\/?p=33519","title":{"rendered":"REUNI\u00d3N"},"content":{"rendered":"\n<h3 class=\"wp-block-heading\"><mark style=\"background-color:rgba(0, 0, 0, 0)\" class=\"has-inline-color has-black-color\">El Se\u00f1or Alcalde Municipal, <a href=\"https:\/\/www.facebook.com\/profile.php?id=100065359905403&amp;__cft__[0]=AZWaFW4yO-Qeg_ONZvyGwsxpaaiREnROV1pPWYLSHC42DkzPT87dlENIBc9gwMXk99Qsb6hlYPONtRxr26vmVHcR0TPolv9syenVjMLNMHdFNla84-WKlSJfBfSmiUCayWXNZ4djZYnbQg2kBZfxrgP5cdsV9NDSbgR2jhVoCpH-mJB1nUliu2YMxnJjpfBlkVIWoW_GpMwmUkiM1bfL91TT&amp;__tn__=-]K-R\">Ram\u00f3n Raymundo<\/a> y Honorable Concejo, a trav\u00e9s de la Direcci\u00f3n Municipal de Ordenamiento Territorial -DIMOT-, sostuvieron reuni\u00f3n con la Subsecretaria, Licenciada Mar\u00eda \u00c1ngela Leal, as\u00ed como con las Direcciones de Mitigaci\u00f3n, de Preparaci\u00f3n y de Gesti\u00f3n de Riesgo de la Coordinadora Nacional para la Reducci\u00f3n de Desastres \u00abSE-CONRED\u00bb, en la ciudad de Guatemala, con el objeto en darle seguimiento a las Evaluaciones de Sitios de 13 comunidades, caso Sajsiban, asi como la evaluacion del Puente denominado Sumal\u00e1 del Sector 6.<\/mark><\/h3>\n\n\n\n<h2 class=\"wp-block-heading\"><a href=\"https:\/\/www.facebook.com\/hashtag\/pornebaj?__eep__=6&amp;__cft__[0]=AZWaFW4yO-Qeg_ONZvyGwsxpaaiREnROV1pPWYLSHC42DkzPT87dlENIBc9gwMXk99Qsb6hlYPONtRxr26vmVHcR0TPolv9syenVjMLNMHdFNla84-WKlSJfBfSmiUCayWXNZ4djZYnbQg2kBZfxrgP5cdsV9NDSbgR2jhVoCpH-mJB1nUliu2YMxnJjpfBlkVIWoW_GpMwmUkiM1bfL91TT&amp;__tn__=*NK-R\">#PorNebaj<\/a><\/h2>\n\n\n\n<iframe src=\"https:\/\/www.facebook.com\/plugins\/post.php?href=https%3A%2F%2Fwww.facebook.com%2Fpermalink.php%3Fstory_fbid%3Dpfbid02PReK99JJCKk9ihPTPWt7bcFCarebtXgRcvQ1KAGo5Csfp7k9t2mh6znZ8vnCe95Ul%26id%3D100064424092491&#038;show_text=true&#038;width=9000\" width=\"9000\" height=\"1000\" style=\"border:none;overflow:hidden\" scrolling=\"no\" frameborder=\"0\" allowfullscreen=\"true\" allow=\"autoplay; clipboard-write; encrypted-media; picture-in-picture; web-share\"><\/iframe>\n\n\n\n<figure class=\"wp-block-image size-large is-resized\"><img  title=\"\" decoding=\"async\" src=\"https:\/\/municipalidaddenebaj.com\/wp-content\/uploads\/2024\/07\/image-19-510x25.png\"  alt=\"image-19-510x25 REUNI\u00d3N\"  class=\"wp-image-33520\" style=\"width:1450px;height:auto\"\/><\/figure>\n\n\n\n<p><\/p>\n","protected":false},"excerpt":{"rendered":"<p>El Se\u00f1or Alcalde Municipal, Ram\u00f3n Raymundo y Honorable Concejo, a trav\u00e9s de la Direcci\u00f3n Municipal&#8230;<\/p>\n","protected":false},"author":2,"featured_media":0,"comment_status":"open","ping_status":"open","sticky":false,"template":"","format":"standard","meta":{"_eb_attr":"","_monsterinsights_skip_tracking":false,"_monsterinsights_sitenote_active":false,"_monsterinsights_sitenote_note":"","_monsterinsights_sitenote_category":0,"footnotes":""},"categories":[1],"tags":[],"class_list":["post-33519","post","type-post","status-publish","format-standard","hentry","category-uncategorized"],"featured_image_urls":{"full":"","thumbnail":"","medium":"","medium_large":"","large":"","ezd_searrch_thumb16x16":"","ezd_searrch_thumb50x50":"","1536x1536":"","2048x2048":"","covernews-featured":"","covernews-medium":"","woocommerce_thumbnail":"","woocommerce_single":"","woocommerce_gallery_thumbnail":""},"author_info":{"display_name":"Editor Editor","author_link":"https:\/\/municipalidaddenebaj.com\/?author=2"},"category_info":"<a href=\"https:\/\/municipalidaddenebaj.com\/?cat=1\" rel=\"category\">Uncategorized<\/a>","tag_info":"Uncategorized","comment_count":"0","_links":{"self":[{"href":"https:\/\/municipalidaddenebaj.com\/index.php?rest_route=\/wp\/v2\/posts\/33519","targetHints":{"allow":["GET"]}}],"collection":[{"href":"https:\/\/municipalidaddenebaj.com\/index.php?rest_route=\/wp\/v2\/posts"}],"about":[{"href":"https:\/\/municipalidaddenebaj.com\/index.php?rest_route=\/wp\/v2\/types\/post"}],"author":[{"embeddable":true,"href":"https:\/\/municipalidaddenebaj.com\/index.php?rest_route=\/wp\/v2\/users\/2"}],"replies":[{"embeddable":true,"href":"https:\/\/municipalidaddenebaj.com\/index.php?rest_route=%2Fwp%2Fv2%2Fcomments&post=33519"}],"version-history":[{"count":0,"href":"https:\/\/municipalidaddenebaj.com\/index.php?rest_route=\/wp\/v2\/posts\/33519\/revisions"}],"wp:attachment":[{"href":"https:\/\/municipalidaddenebaj.com\/index.php?rest_route=%2Fwp%2Fv2%2Fmedia&parent=33519"}],"wp:term":[{"taxonomy":"category","embeddable":true,"href":"https:\/\/municipalidaddenebaj.com\/index.php?rest_route=%2Fwp%2Fv2%2Fcategories&post=33519"},{"taxonomy":"post_tag","embeddable":true,"href":"https:\/\/municipalidaddenebaj.com\/index.php?rest_route=%2Fwp%2Fv2%2Ftags&post=33519"}],"curies":[{"name":"wp","href":"https:\/\/api.w.org\/{rel}","templated":true}]}}