{"id":33559,"date":"2024-07-15T14:27:24","date_gmt":"2024-07-15T14:27:24","guid":{"rendered":"https:\/\/municipalidaddenebaj.com\/?p=33559"},"modified":"2024-07-15T14:27:27","modified_gmt":"2024-07-15T14:27:27","slug":"taller-con-estudiantes","status":"publish","type":"post","link":"https:\/\/municipalidaddenebaj.com\/?p=33559","title":{"rendered":"TALLER CON ESTUDIANTES"},"content":{"rendered":"\n<h2 class=\"wp-block-heading\">\u00a1Taller con estudiantes !<\/h2>\n\n\n\n<h2 class=\"wp-block-heading\"><mark style=\"background-color:rgba(0, 0, 0, 0)\" class=\"has-inline-color has-black-color\">La Coordinaci\u00f3n del Migrante bajo la Direcci\u00f3n Municipal de Asuntos Sociales y Econ\u00f3micos -DIMASEC- realiza talleres con estudiantes de distintos establecimientos educativos con el tema de la Migraci\u00f3n.<\/mark><\/h2>\n\n\n\n<h2 class=\"wp-block-heading\"><mark style=\"background-color:rgba(0, 0, 0, 0)\" class=\"has-inline-color has-black-color\">Con el objetivo que los j\u00f3venes conozcan los riesgos al migrar y motivarlos a que sigan avanzando en su formaci\u00f3n academica.<\/mark><\/h2>\n\n\n\n<h2 class=\"wp-block-heading\"><a href=\"https:\/\/www.facebook.com\/hashtag\/construyendofuturo?__eep__=6&amp;__cft__[0]=AZVGG-6reIIBW6mCsBWX3x8mMooZfdYFwZYhVeBFgigvCooe0k5mP1vEPf7fBGHMcn467Af5twOS5I61cRaBtwTd915UCrmkhYKuivY1Iq5Vijpj7qesTyYZuQ07mFzMgTd8CQXdV8AWIZHEXx6Nw6gxwk04YmBNgF7cHsUjpPTkBDDiJj9SB_KHk6GmyvyjxL-2jg-zeHVskNPIWvwD78nv&amp;__tn__=*NK-R\">#ConstruyendoFuturo<\/a><\/h2>\n\n\n\n<h2 class=\"wp-block-heading\"><\/h2>\n\n\n\n<iframe src=\"https:\/\/www.facebook.com\/plugins\/post.php?href=https%3A%2F%2Fwww.facebook.com%2Fpermalink.php%3Fstory_fbid%3Dpfbid02nCS7PcuEwAByY2MYqijQ5C5BEL32nuSg8UPQ9fXAoLbfS47c3bV7Z4KZN7UDoWDNl%26id%3D100064424092491&#038;show_text=true&#038;width=9000\" width=\"9000\" height=\"871\" style=\"border:none;overflow:hidden\" scrolling=\"no\" frameborder=\"0\" allowfullscreen=\"true\" allow=\"autoplay; clipboard-write; encrypted-media; picture-in-picture; web-share\"><\/iframe>\n\n\n\n<figure class=\"wp-block-image size-full is-resized\"><img  title=\"\" decoding=\"async\" src=\"https:\/\/municipalidaddenebaj.com\/wp-content\/uploads\/2024\/07\/image-20.png\"  alt=\"image-20 TALLER CON ESTUDIANTES\"  class=\"wp-image-33561\" style=\"width:1450px;height:auto\"\/><\/figure>\n","protected":false},"excerpt":{"rendered":"<p>\u00a1Taller con estudiantes ! La Coordinaci\u00f3n del Migrante bajo la Direcci\u00f3n Municipal de Asuntos Sociales&#8230;<\/p>\n","protected":false},"author":2,"featured_media":0,"comment_status":"open","ping_status":"open","sticky":false,"template":"","format":"standard","meta":{"_eb_attr":"","_monsterinsights_skip_tracking":false,"_monsterinsights_sitenote_active":false,"_monsterinsights_sitenote_note":"","_monsterinsights_sitenote_category":0,"footnotes":""},"categories":[1],"tags":[],"class_list":["post-33559","post","type-post","status-publish","format-standard","hentry","category-uncategorized"],"featured_image_urls":{"full":"","thumbnail":"","medium":"","medium_large":"","large":"","ezd_searrch_thumb16x16":"","ezd_searrch_thumb50x50":"","1536x1536":"","2048x2048":"","covernews-featured":"","covernews-medium":"","woocommerce_thumbnail":"","woocommerce_single":"","woocommerce_gallery_thumbnail":""},"author_info":{"display_name":"Editor Editor","author_link":"https:\/\/municipalidaddenebaj.com\/?author=2"},"category_info":"<a href=\"https:\/\/municipalidaddenebaj.com\/?cat=1\" rel=\"category\">Uncategorized<\/a>","tag_info":"Uncategorized","comment_count":"0","_links":{"self":[{"href":"https:\/\/municipalidaddenebaj.com\/index.php?rest_route=\/wp\/v2\/posts\/33559","targetHints":{"allow":["GET"]}}],"collection":[{"href":"https:\/\/municipalidaddenebaj.com\/index.php?rest_route=\/wp\/v2\/posts"}],"about":[{"href":"https:\/\/municipalidaddenebaj.com\/index.php?rest_route=\/wp\/v2\/types\/post"}],"author":[{"embeddable":true,"href":"https:\/\/municipalidaddenebaj.com\/index.php?rest_route=\/wp\/v2\/users\/2"}],"replies":[{"embeddable":true,"href":"https:\/\/municipalidaddenebaj.com\/index.php?rest_route=%2Fwp%2Fv2%2Fcomments&post=33559"}],"version-history":[{"count":0,"href":"https:\/\/municipalidaddenebaj.com\/index.php?rest_route=\/wp\/v2\/posts\/33559\/revisions"}],"wp:attachment":[{"href":"https:\/\/municipalidaddenebaj.com\/index.php?rest_route=%2Fwp%2Fv2%2Fmedia&parent=33559"}],"wp:term":[{"taxonomy":"category","embeddable":true,"href":"https:\/\/municipalidaddenebaj.com\/index.php?rest_route=%2Fwp%2Fv2%2Fcategories&post=33559"},{"taxonomy":"post_tag","embeddable":true,"href":"https:\/\/municipalidaddenebaj.com\/index.php?rest_route=%2Fwp%2Fv2%2Ftags&post=33559"}],"curies":[{"name":"wp","href":"https:\/\/api.w.org\/{rel}","templated":true}]}}