{"id":34460,"date":"2024-07-18T20:16:31","date_gmt":"2024-07-18T20:16:31","guid":{"rendered":"https:\/\/municipalidaddenebaj.com\/?p=34460"},"modified":"2024-07-18T20:17:20","modified_gmt":"2024-07-18T20:17:20","slug":"participacion-de-la-marimba-municipal","status":"publish","type":"post","link":"https:\/\/municipalidaddenebaj.com\/?p=34460","title":{"rendered":"PARTICIPACI\u00d3N DE LA MARIMBA MUNICIPAL."},"content":{"rendered":"\n<h2 class=\"wp-block-heading\"><mark style=\"background-color:rgba(0, 0, 0, 0)\" class=\"has-inline-color has-black-color\">Integrantes de la Marimba Municipal, bajo la Direcci\u00f3n Municipal de la Ni\u00f1ez, Adolescencia y Juventud DIMUNAJ, participar en el Aniversario del Instituto Nacional de Educaci\u00f3n Diversificada INED, con la finalidad de brindar un ambiente agradable a trav\u00e9s de distintas melod\u00edas y festejar un a\u00f1o m\u00e1s de ense\u00f1anza a j\u00f3venes de nuestro municipio.<\/mark><\/h2>\n\n\n\n<h2 class=\"wp-block-heading\"><a href=\"https:\/\/www.facebook.com\/hashtag\/pornebaj?__eep__=6&amp;__cft__[0]=AZX2kp3wZicfEeQmDzX8pJZAxWXkwXVvtz96HDUXCmiM8gK1vTv9kIfq7y_OQr3K4jYThl97odXOVMYcIkbCU8MsPw6Fs4u8OLivGcex0QPchehMq8W5yevybGMUHk-VjrxYpQyBsrUYiqi3EB4Y6JeCUmbt5KQZF_4nlqxRSh52Nsdjzq1jRtINmdUpgChD1b5gR2QMGdB1GmDBey9c2Uku&amp;__tn__=*NK-R\">#PorNebaj<\/a><\/h2>\n\n\n\n<iframe src=\"https:\/\/www.facebook.com\/plugins\/post.php?href=https%3A%2F%2Fwww.facebook.com%2Fpermalink.php%3Fstory_fbid%3Dpfbid02NgctfeL6p5vEqfqEXy1cJ7i9KrtDAS6xoq5KnqLz59xpVPBeGAeDznwayNZBnsMjl%26id%3D100064424092491&#038;show_text=true&#038;width=9000\" width=\"9000\" height=\"955\" style=\"border:none;overflow:hidden\" scrolling=\"no\" frameborder=\"0\" allowfullscreen=\"true\" allow=\"autoplay; clipboard-write; encrypted-media; picture-in-picture; web-share\"><\/iframe>\n\n\n\n<figure class=\"wp-block-image size-full is-resized\"><img  title=\"\" decoding=\"async\" src=\"https:\/\/municipalidaddenebaj.com\/wp-content\/uploads\/2024\/07\/image-27.png\"  alt=\"image-27 PARTICIPACI\u00d3N DE LA MARIMBA MUNICIPAL.\"  class=\"wp-image-34461\" style=\"width:1450px;height:auto\"\/><\/figure>\n\n\n\n<p><\/p>\n\n\n\n<p><\/p>\n","protected":false},"excerpt":{"rendered":"<p>Integrantes de la Marimba Municipal, bajo la Direcci\u00f3n Municipal de la Ni\u00f1ez, Adolescencia y Juventud&#8230;<\/p>\n","protected":false},"author":2,"featured_media":34464,"comment_status":"open","ping_status":"open","sticky":false,"template":"","format":"standard","meta":{"_eb_attr":"","_monsterinsights_skip_tracking":false,"_monsterinsights_sitenote_active":false,"_monsterinsights_sitenote_note":"","_monsterinsights_sitenote_category":0,"footnotes":""},"categories":[1],"tags":[],"class_list":["post-34460","post","type-post","status-publish","format-standard","has-post-thumbnail","hentry","category-uncategorized"],"featured_image_urls":{"full":["https:\/\/municipalidaddenebaj.com\/wp-content\/uploads\/2024\/07\/449436127_884152790408849_6984683641118119497_n-1.jpg",1080,1080,false],"thumbnail":["https:\/\/municipalidaddenebaj.com\/wp-content\/uploads\/2024\/07\/449436127_884152790408849_6984683641118119497_n-1-400x400.jpg",400,400,true],"medium":["https:\/\/municipalidaddenebaj.com\/wp-content\/uploads\/2024\/07\/449436127_884152790408849_6984683641118119497_n-1-594x594.jpg",594,594,true],"medium_large":["https:\/\/municipalidaddenebaj.com\/wp-content\/uploads\/2024\/07\/449436127_884152790408849_6984683641118119497_n-1-768x768.jpg",640,640,true],"large":["https:\/\/municipalidaddenebaj.com\/wp-content\/uploads\/2024\/07\/449436127_884152790408849_6984683641118119497_n-1-510x510.jpg",510,510,true],"ezd_searrch_thumb16x16":["https:\/\/municipalidaddenebaj.com\/wp-content\/uploads\/2024\/07\/449436127_884152790408849_6984683641118119497_n-1.jpg",16,16,false],"ezd_searrch_thumb50x50":["https:\/\/municipalidaddenebaj.com\/wp-content\/uploads\/2024\/07\/449436127_884152790408849_6984683641118119497_n-1.jpg",50,50,false],"1536x1536":["https:\/\/municipalidaddenebaj.com\/wp-content\/uploads\/2024\/07\/449436127_884152790408849_6984683641118119497_n-1.jpg",1080,1080,false],"2048x2048":["https:\/\/municipalidaddenebaj.com\/wp-content\/uploads\/2024\/07\/449436127_884152790408849_6984683641118119497_n-1.jpg",1080,1080,false],"covernews-featured":["https:\/\/municipalidaddenebaj.com\/wp-content\/uploads\/2024\/07\/449436127_884152790408849_6984683641118119497_n-1-1024x1024.jpg",1024,1024,true],"covernews-medium":["https:\/\/municipalidaddenebaj.com\/wp-content\/uploads\/2024\/07\/449436127_884152790408849_6984683641118119497_n-1-540x340.jpg",540,340,true],"woocommerce_thumbnail":["https:\/\/municipalidaddenebaj.com\/wp-content\/uploads\/2024\/07\/449436127_884152790408849_6984683641118119497_n-1-300x300.jpg",300,300,true],"woocommerce_single":["https:\/\/municipalidaddenebaj.com\/wp-content\/uploads\/2024\/07\/449436127_884152790408849_6984683641118119497_n-1-600x600.jpg",600,600,true],"woocommerce_gallery_thumbnail":["https:\/\/municipalidaddenebaj.com\/wp-content\/uploads\/2024\/07\/449436127_884152790408849_6984683641118119497_n-1-100x100.jpg",100,100,true]},"author_info":{"display_name":"Editor Editor","author_link":"https:\/\/municipalidaddenebaj.com\/?author=2"},"category_info":"<a href=\"https:\/\/municipalidaddenebaj.com\/?cat=1\" rel=\"category\">Uncategorized<\/a>","tag_info":"Uncategorized","comment_count":"0","_links":{"self":[{"href":"https:\/\/municipalidaddenebaj.com\/index.php?rest_route=\/wp\/v2\/posts\/34460","targetHints":{"allow":["GET"]}}],"collection":[{"href":"https:\/\/municipalidaddenebaj.com\/index.php?rest_route=\/wp\/v2\/posts"}],"about":[{"href":"https:\/\/municipalidaddenebaj.com\/index.php?rest_route=\/wp\/v2\/types\/post"}],"author":[{"embeddable":true,"href":"https:\/\/municipalidaddenebaj.com\/index.php?rest_route=\/wp\/v2\/users\/2"}],"replies":[{"embeddable":true,"href":"https:\/\/municipalidaddenebaj.com\/index.php?rest_route=%2Fwp%2Fv2%2Fcomments&post=34460"}],"version-history":[{"count":0,"href":"https:\/\/municipalidaddenebaj.com\/index.php?rest_route=\/wp\/v2\/posts\/34460\/revisions"}],"wp:featuredmedia":[{"embeddable":true,"href":"https:\/\/municipalidaddenebaj.com\/index.php?rest_route=\/wp\/v2\/media\/34464"}],"wp:attachment":[{"href":"https:\/\/municipalidaddenebaj.com\/index.php?rest_route=%2Fwp%2Fv2%2Fmedia&parent=34460"}],"wp:term":[{"taxonomy":"category","embeddable":true,"href":"https:\/\/municipalidaddenebaj.com\/index.php?rest_route=%2Fwp%2Fv2%2Fcategories&post=34460"},{"taxonomy":"post_tag","embeddable":true,"href":"https:\/\/municipalidaddenebaj.com\/index.php?rest_route=%2Fwp%2Fv2%2Ftags&post=34460"}],"curies":[{"name":"wp","href":"https:\/\/api.w.org\/{rel}","templated":true}]}}