{"id":34791,"date":"2024-07-24T22:43:55","date_gmt":"2024-07-24T22:43:55","guid":{"rendered":"https:\/\/municipalidaddenebaj.com\/?p=34791"},"modified":"2024-07-24T22:43:57","modified_gmt":"2024-07-24T22:43:57","slug":"feria-artesanal-2","status":"publish","type":"post","link":"https:\/\/municipalidaddenebaj.com\/?p=34791","title":{"rendered":"FERIA ARTESANAL"},"content":{"rendered":"\n<h2 class=\"wp-block-heading\"><mark style=\"background-color:rgba(0, 0, 0, 0)\" class=\"has-inline-color has-black-color\">La Municipalidad de Nebaj a trav\u00e9s de la Direcci\u00f3n Municipal de la Mujer -DMM- realiz\u00e1 Feria Artesanal con el objetivo de fortalecer emprendimientos de mujeres y aumentar la capacidad de ingresos para el sustento de su familia.<\/mark><\/h2>\n\n\n\n<h2 class=\"wp-block-heading\"><a href=\"https:\/\/www.facebook.com\/hashtag\/construyendofuturo?__eep__=6&amp;__cft__[0]=AZXQ8iUoYBUdlAE1uHIO6gABfp3wfiQmagppWPwKnteo7E_EfS7ZtUzlq3yF3axPXLR7RvVEOBV_VosSQ2O8Uq4dH2YEvgdH0IJQ_bFLLP_gnzuE3HCtvJnEDyy1rlgnscZnO2sn01wzP5JQ7ho4GHeciAxikKwcjIKSV-e2094btYRz2wHY9Z_D0xAIwJNLeYxxr5E8OV0bUMIoSGIu9Vr7&amp;__tn__=*NK-R\">#ConstruyendoFuturo<\/a><\/h2>\n\n\n\n<iframe src=\"https:\/\/www.facebook.com\/plugins\/post.php?href=https%3A%2F%2Fwww.facebook.com%2Fpermalink.php%3Fstory_fbid%3Dpfbid031uvbXSRjQrRqA1boNk7oDVYjnjBbYqqGh13uQWLT4MP8SY9rE6e76Jz9oBYAjaUwl%26id%3D100064424092491&#038;show_text=true&#038;width=9000\" width=\"9000\" height=\"846\" style=\"border:none;overflow:hidden\" scrolling=\"no\" frameborder=\"0\" allowfullscreen=\"true\" allow=\"autoplay; clipboard-write; encrypted-media; picture-in-picture; web-share\"><\/iframe>\n\n\n\n<figure class=\"wp-block-image size-full is-resized\"><img  title=\"\" decoding=\"async\" src=\"https:\/\/municipalidaddenebaj.com\/wp-content\/uploads\/2024\/07\/image-34.png\"  alt=\"image-34 FERIA ARTESANAL\"  class=\"wp-image-34794\" style=\"width:1450px;height:auto\"\/><\/figure>\n","protected":false},"excerpt":{"rendered":"<p>La Municipalidad de Nebaj a trav\u00e9s de la Direcci\u00f3n Municipal de la Mujer -DMM- realiz\u00e1&#8230;<\/p>\n","protected":false},"author":2,"featured_media":0,"comment_status":"open","ping_status":"open","sticky":false,"template":"","format":"standard","meta":{"_eb_attr":"","_monsterinsights_skip_tracking":false,"_monsterinsights_sitenote_active":false,"_monsterinsights_sitenote_note":"","_monsterinsights_sitenote_category":0,"footnotes":""},"categories":[1],"tags":[],"class_list":["post-34791","post","type-post","status-publish","format-standard","hentry","category-uncategorized"],"featured_image_urls":{"full":"","thumbnail":"","medium":"","medium_large":"","large":"","ezd_searrch_thumb16x16":"","ezd_searrch_thumb50x50":"","1536x1536":"","2048x2048":"","covernews-featured":"","covernews-medium":"","woocommerce_thumbnail":"","woocommerce_single":"","woocommerce_gallery_thumbnail":""},"author_info":{"display_name":"Editor Editor","author_link":"https:\/\/municipalidaddenebaj.com\/?author=2"},"category_info":"<a href=\"https:\/\/municipalidaddenebaj.com\/?cat=1\" rel=\"category\">Uncategorized<\/a>","tag_info":"Uncategorized","comment_count":"0","_links":{"self":[{"href":"https:\/\/municipalidaddenebaj.com\/index.php?rest_route=\/wp\/v2\/posts\/34791","targetHints":{"allow":["GET"]}}],"collection":[{"href":"https:\/\/municipalidaddenebaj.com\/index.php?rest_route=\/wp\/v2\/posts"}],"about":[{"href":"https:\/\/municipalidaddenebaj.com\/index.php?rest_route=\/wp\/v2\/types\/post"}],"author":[{"embeddable":true,"href":"https:\/\/municipalidaddenebaj.com\/index.php?rest_route=\/wp\/v2\/users\/2"}],"replies":[{"embeddable":true,"href":"https:\/\/municipalidaddenebaj.com\/index.php?rest_route=%2Fwp%2Fv2%2Fcomments&post=34791"}],"version-history":[{"count":0,"href":"https:\/\/municipalidaddenebaj.com\/index.php?rest_route=\/wp\/v2\/posts\/34791\/revisions"}],"wp:attachment":[{"href":"https:\/\/municipalidaddenebaj.com\/index.php?rest_route=%2Fwp%2Fv2%2Fmedia&parent=34791"}],"wp:term":[{"taxonomy":"category","embeddable":true,"href":"https:\/\/municipalidaddenebaj.com\/index.php?rest_route=%2Fwp%2Fv2%2Fcategories&post=34791"},{"taxonomy":"post_tag","embeddable":true,"href":"https:\/\/municipalidaddenebaj.com\/index.php?rest_route=%2Fwp%2Fv2%2Ftags&post=34791"}],"curies":[{"name":"wp","href":"https:\/\/api.w.org\/{rel}","templated":true}]}}