{"id":34945,"date":"2024-08-01T16:31:49","date_gmt":"2024-08-01T16:31:49","guid":{"rendered":"https:\/\/municipalidaddenebaj.com\/?p=34945"},"modified":"2024-08-01T16:31:50","modified_gmt":"2024-08-01T16:31:50","slug":"participacion-en-juegos-olimpicos-paris-2024","status":"publish","type":"post","link":"https:\/\/municipalidaddenebaj.com\/?p=34945","title":{"rendered":"PARTICIPACI\u00d3N  EN JUEGOS OL\u00cdMPICOS PAR\u00cdS 2024."},"content":{"rendered":"\n<h2 class=\"wp-block-heading\"><strong>El Sr. Alcalde Municipal <a href=\"https:\/\/www.facebook.com\/profile.php?id=100065359905403&amp;__cft__[0]=AZViuuqbsQe4N8Qwwizcaw6o_qj-zXwvKP9S840afxJf7UbPV_nUAcUjwu0P8Usj9VDzkl44w-0GzFPlXwiKTJF4RzlTe_baMbDEM4ISDPreDMfbHmAC7rygoGMs-J3GLiXNHT9Fr8MZIuTkEWEuWm-_Xf9YRFLfXRVcPk64E0mGB42stkgunQYPuHPZiGc-ZzbtlUZ71ISVNjYW9My0sRTL&amp;__tn__=-]K-R\">Ram\u00f3n Raymundo<\/a> y Honorable Concejo, felicitan al Nebajense, Jean Pierre Brol por su destacada participaci\u00f3n en los Juegos Ol\u00edmpicos Par\u00eds 2024 y por haber ganado la Medalla de bronce para Guatemala.<\/strong><\/h2>\n\n\n\n<h2 class=\"wp-block-heading\"><a href=\"https:\/\/www.facebook.com\/hashtag\/construyendofuturo?__eep__=6&amp;__cft__[0]=AZViuuqbsQe4N8Qwwizcaw6o_qj-zXwvKP9S840afxJf7UbPV_nUAcUjwu0P8Usj9VDzkl44w-0GzFPlXwiKTJF4RzlTe_baMbDEM4ISDPreDMfbHmAC7rygoGMs-J3GLiXNHT9Fr8MZIuTkEWEuWm-_Xf9YRFLfXRVcPk64E0mGB42stkgunQYPuHPZiGc-ZzbtlUZ71ISVNjYW9My0sRTL&amp;__tn__=*NK-R\">#ConstruyendoFuturo<\/a><\/h2>\n\n\n\n<p><\/p>\n\n\n\n<iframe src=\"https:\/\/www.facebook.com\/plugins\/post.php?href=https%3A%2F%2Fwww.facebook.com%2Fpermalink.php%3Fstory_fbid%3Dpfbid021dYmvcWhzAVAbQ1d1xufivrxPUDU4oLF2nvLrDVqLNCiK6dpHk6JuBUzrPPtq1xVl%26id%3D100064424092491&#038;show_text=true&#038;width=9000\" width=\"9000\" height=\"673\" style=\"border:none;overflow:hidden\" scrolling=\"no\" frameborder=\"0\" allowfullscreen=\"true\" allow=\"autoplay; clipboard-write; encrypted-media; picture-in-picture; web-share\"><\/iframe>\n\n\n\n<figure class=\"wp-block-image size-full is-resized\"><img  title=\"\" decoding=\"async\" src=\"https:\/\/municipalidaddenebaj.com\/wp-content\/uploads\/2024\/08\/image.png\"  alt=\"image PARTICIPACI\u00d3N  EN JUEGOS OL\u00cdMPICOS PAR\u00cdS 2024.\"  class=\"wp-image-34947\" style=\"width:1450px;height:auto\"\/><\/figure>\n","protected":false},"excerpt":{"rendered":"<p>El Sr. Alcalde Municipal Ram\u00f3n Raymundo y Honorable Concejo, felicitan al Nebajense, Jean Pierre Brol&#8230;<\/p>\n","protected":false},"author":2,"featured_media":34946,"comment_status":"open","ping_status":"open","sticky":false,"template":"","format":"standard","meta":{"_eb_attr":"","_monsterinsights_skip_tracking":false,"_monsterinsights_sitenote_active":false,"_monsterinsights_sitenote_note":"","_monsterinsights_sitenote_category":0,"footnotes":""},"categories":[1],"tags":[],"class_list":["post-34945","post","type-post","status-publish","format-standard","has-post-thumbnail","hentry","category-uncategorized"],"featured_image_urls":{"full":["https:\/\/municipalidaddenebaj.com\/wp-content\/uploads\/2024\/08\/453514805_892873109536817_2002137298941400906_n.jpg",986,1280,false],"thumbnail":["https:\/\/municipalidaddenebaj.com\/wp-content\/uploads\/2024\/08\/453514805_892873109536817_2002137298941400906_n-400x400.jpg",400,400,true],"medium":["https:\/\/municipalidaddenebaj.com\/wp-content\/uploads\/2024\/08\/453514805_892873109536817_2002137298941400906_n-458x594.jpg",458,594,true],"medium_large":["https:\/\/municipalidaddenebaj.com\/wp-content\/uploads\/2024\/08\/453514805_892873109536817_2002137298941400906_n-768x997.jpg",640,831,true],"large":["https:\/\/municipalidaddenebaj.com\/wp-content\/uploads\/2024\/08\/453514805_892873109536817_2002137298941400906_n-393x510.jpg",393,510,true],"ezd_searrch_thumb16x16":["https:\/\/municipalidaddenebaj.com\/wp-content\/uploads\/2024\/08\/453514805_892873109536817_2002137298941400906_n.jpg",12,16,false],"ezd_searrch_thumb50x50":["https:\/\/municipalidaddenebaj.com\/wp-content\/uploads\/2024\/08\/453514805_892873109536817_2002137298941400906_n.jpg",39,50,false],"1536x1536":["https:\/\/municipalidaddenebaj.com\/wp-content\/uploads\/2024\/08\/453514805_892873109536817_2002137298941400906_n.jpg",986,1280,false],"2048x2048":["https:\/\/municipalidaddenebaj.com\/wp-content\/uploads\/2024\/08\/453514805_892873109536817_2002137298941400906_n.jpg",986,1280,false],"covernews-featured":["https:\/\/municipalidaddenebaj.com\/wp-content\/uploads\/2024\/08\/453514805_892873109536817_2002137298941400906_n.jpg",986,1280,false],"covernews-medium":["https:\/\/municipalidaddenebaj.com\/wp-content\/uploads\/2024\/08\/453514805_892873109536817_2002137298941400906_n-540x340.jpg",540,340,true],"woocommerce_thumbnail":["https:\/\/municipalidaddenebaj.com\/wp-content\/uploads\/2024\/08\/453514805_892873109536817_2002137298941400906_n-300x300.jpg",300,300,true],"woocommerce_single":["https:\/\/municipalidaddenebaj.com\/wp-content\/uploads\/2024\/08\/453514805_892873109536817_2002137298941400906_n-600x779.jpg",600,779,true],"woocommerce_gallery_thumbnail":["https:\/\/municipalidaddenebaj.com\/wp-content\/uploads\/2024\/08\/453514805_892873109536817_2002137298941400906_n-100x100.jpg",100,100,true]},"author_info":{"display_name":"Editor Editor","author_link":"https:\/\/municipalidaddenebaj.com\/?author=2"},"category_info":"<a href=\"https:\/\/municipalidaddenebaj.com\/?cat=1\" rel=\"category\">Uncategorized<\/a>","tag_info":"Uncategorized","comment_count":"0","_links":{"self":[{"href":"https:\/\/municipalidaddenebaj.com\/index.php?rest_route=\/wp\/v2\/posts\/34945","targetHints":{"allow":["GET"]}}],"collection":[{"href":"https:\/\/municipalidaddenebaj.com\/index.php?rest_route=\/wp\/v2\/posts"}],"about":[{"href":"https:\/\/municipalidaddenebaj.com\/index.php?rest_route=\/wp\/v2\/types\/post"}],"author":[{"embeddable":true,"href":"https:\/\/municipalidaddenebaj.com\/index.php?rest_route=\/wp\/v2\/users\/2"}],"replies":[{"embeddable":true,"href":"https:\/\/municipalidaddenebaj.com\/index.php?rest_route=%2Fwp%2Fv2%2Fcomments&post=34945"}],"version-history":[{"count":0,"href":"https:\/\/municipalidaddenebaj.com\/index.php?rest_route=\/wp\/v2\/posts\/34945\/revisions"}],"wp:featuredmedia":[{"embeddable":true,"href":"https:\/\/municipalidaddenebaj.com\/index.php?rest_route=\/wp\/v2\/media\/34946"}],"wp:attachment":[{"href":"https:\/\/municipalidaddenebaj.com\/index.php?rest_route=%2Fwp%2Fv2%2Fmedia&parent=34945"}],"wp:term":[{"taxonomy":"category","embeddable":true,"href":"https:\/\/municipalidaddenebaj.com\/index.php?rest_route=%2Fwp%2Fv2%2Fcategories&post=34945"},{"taxonomy":"post_tag","embeddable":true,"href":"https:\/\/municipalidaddenebaj.com\/index.php?rest_route=%2Fwp%2Fv2%2Ftags&post=34945"}],"curies":[{"name":"wp","href":"https:\/\/api.w.org\/{rel}","templated":true}]}}