{"id":35030,"date":"2024-08-02T18:43:28","date_gmt":"2024-08-02T18:43:28","guid":{"rendered":"https:\/\/municipalidaddenebaj.com\/?p=35030"},"modified":"2024-08-02T18:49:30","modified_gmt":"2024-08-02T18:49:30","slug":"colocacion-de-rejillas","status":"publish","type":"post","link":"https:\/\/municipalidaddenebaj.com\/?p=35030","title":{"rendered":"COLOCACI\u00d3N  DE REJILLAS"},"content":{"rendered":"\n<h2 class=\"wp-block-heading\"><strong><mark style=\"background-color:rgba(0, 0, 0, 0)\" class=\"has-inline-color has-black-color\">La Direcci\u00f3n Municipal de Servicios P\u00fablicos -DMSP-realiza la colocaci\u00f3n de rejillas en el cant\u00f3n Xolacul, con el objetivo de brindar espacios adecuado para vendedores que se ubicar\u00e1n en el lugar por las fiestas agostinas, y prevenir cualquier tipo de inundaci\u00f3n o colapso de tragantes ante las lluvias.<\/mark><\/strong><\/h2>\n\n\n\n<h2 class=\"wp-block-heading\"><a href=\"https:\/\/www.facebook.com\/hashtag\/construyendofuturo?__eep__=6&amp;__cft__[0]=AZVCc4tr-oZtx0pLS917_RzA_J7ovkhz9TOj6ifMlXnOXWvv0eWsb-aadU_Z3WE_sO2X_BvzlYw5Bot6vfcLlVETU3PSR73YCgwu67DniCkEm3BR0puo79z-XtDKx8qEfDGeMOOjr6UEqrAx0x9PQGAv_GqnHHI1TaB2qS3BLBqjuTqxBE5Twm9vH7xnCJtpUGc-QGUNA_VaeG6zCANXuMtv&amp;__tn__=*NK-R\">#ConstruyendoFuturo<\/a><\/h2>\n\n\n\n<iframe src=\"https:\/\/www.facebook.com\/plugins\/post.php?href=https%3A%2F%2Fwww.facebook.com%2Fpermalink.php%3Fstory_fbid%3Dpfbid02PwMvt68v4TSTbuUFBcoLuynLBoGUFxmJVmjMRb9D37V7ZV8yR5uCWZhG2xyhbVN2l%26id%3D100064424092491&#038;show_text=true&#038;width=9000\" width=\"9000\" height=\"900\" style=\"border:none;overflow:hidden\" scrolling=\"no\" frameborder=\"0\" allowfullscreen=\"true\" allow=\"autoplay; clipboard-write; encrypted-media; picture-in-picture; web-share\"><\/iframe>\n\n\n\n<figure class=\"wp-block-image size-full is-resized\"><img  title=\"\" decoding=\"async\" src=\"https:\/\/municipalidaddenebaj.com\/wp-content\/uploads\/2024\/08\/image-1.png\"  alt=\"image-1 COLOCACI\u00d3N  DE REJILLAS\"  class=\"wp-image-35032\" style=\"width:1450px;height:auto\"\/><\/figure>\n","protected":false},"excerpt":{"rendered":"<p>La Direcci\u00f3n Municipal de Servicios P\u00fablicos -DMSP-realiza la colocaci\u00f3n de rejillas en el cant\u00f3n Xolacul,&#8230;<\/p>\n","protected":false},"author":2,"featured_media":0,"comment_status":"open","ping_status":"open","sticky":false,"template":"","format":"standard","meta":{"_eb_attr":"","_monsterinsights_skip_tracking":false,"_monsterinsights_sitenote_active":false,"_monsterinsights_sitenote_note":"","_monsterinsights_sitenote_category":0,"footnotes":""},"categories":[1],"tags":[],"class_list":["post-35030","post","type-post","status-publish","format-standard","hentry","category-uncategorized"],"featured_image_urls":{"full":"","thumbnail":"","medium":"","medium_large":"","large":"","ezd_searrch_thumb16x16":"","ezd_searrch_thumb50x50":"","1536x1536":"","2048x2048":"","covernews-featured":"","covernews-medium":"","woocommerce_thumbnail":"","woocommerce_single":"","woocommerce_gallery_thumbnail":""},"author_info":{"display_name":"Editor Editor","author_link":"https:\/\/municipalidaddenebaj.com\/?author=2"},"category_info":"<a href=\"https:\/\/municipalidaddenebaj.com\/?cat=1\" rel=\"category\">Uncategorized<\/a>","tag_info":"Uncategorized","comment_count":"0","_links":{"self":[{"href":"https:\/\/municipalidaddenebaj.com\/index.php?rest_route=\/wp\/v2\/posts\/35030","targetHints":{"allow":["GET"]}}],"collection":[{"href":"https:\/\/municipalidaddenebaj.com\/index.php?rest_route=\/wp\/v2\/posts"}],"about":[{"href":"https:\/\/municipalidaddenebaj.com\/index.php?rest_route=\/wp\/v2\/types\/post"}],"author":[{"embeddable":true,"href":"https:\/\/municipalidaddenebaj.com\/index.php?rest_route=\/wp\/v2\/users\/2"}],"replies":[{"embeddable":true,"href":"https:\/\/municipalidaddenebaj.com\/index.php?rest_route=%2Fwp%2Fv2%2Fcomments&post=35030"}],"version-history":[{"count":0,"href":"https:\/\/municipalidaddenebaj.com\/index.php?rest_route=\/wp\/v2\/posts\/35030\/revisions"}],"wp:attachment":[{"href":"https:\/\/municipalidaddenebaj.com\/index.php?rest_route=%2Fwp%2Fv2%2Fmedia&parent=35030"}],"wp:term":[{"taxonomy":"category","embeddable":true,"href":"https:\/\/municipalidaddenebaj.com\/index.php?rest_route=%2Fwp%2Fv2%2Fcategories&post=35030"},{"taxonomy":"post_tag","embeddable":true,"href":"https:\/\/municipalidaddenebaj.com\/index.php?rest_route=%2Fwp%2Fv2%2Ftags&post=35030"}],"curies":[{"name":"wp","href":"https:\/\/api.w.org\/{rel}","templated":true}]}}