{"id":35245,"date":"2024-08-06T14:31:21","date_gmt":"2024-08-06T14:31:21","guid":{"rendered":"https:\/\/municipalidaddenebaj.com\/?p=35245"},"modified":"2024-08-06T14:39:31","modified_gmt":"2024-08-06T14:39:31","slug":"taller-sobre-el-tema-aguas-residuales","status":"publish","type":"post","link":"https:\/\/municipalidaddenebaj.com\/?p=35245","title":{"rendered":"TALLER SOBRE EL TEMA  DE AGUAS RESIDUALES."},"content":{"rendered":"\n<h2 class=\"wp-block-heading\"><strong><mark style=\"background-color:rgba(0, 0, 0, 0)\" class=\"has-inline-color has-black-color\">La Direcci\u00f3n Municipal de Agua y Saneamiento DIMAS particip\u00f3 en un taller organizado por Helvetas, junto a F\u00e1brica TAVICO y Ecodigestores Quich\u00e9.<\/mark><\/strong><\/h2>\n\n\n\n<h2 class=\"wp-block-heading\"><strong><mark style=\"background-color:rgba(0, 0, 0, 0)\" class=\"has-inline-color has-black-color\">En dicho taller se trat\u00f3 el tema de: Alternativas de Productos y Servicios de Tratamiento de Aguas Residuales, con el objetivo de compartir conocimientos sobre manejo de aguas residuales en comunidades que a\u00fan no cuentan con sistema de drenaje, evitar enfermedades y otros posibles problemas que puedan afectar a los pobladores.<\/mark><\/strong><\/h2>\n\n\n\n<h2 class=\"wp-block-heading\"><a href=\"https:\/\/www.facebook.com\/hashtag\/pornebaj?__eep__=6&amp;__cft__[0]=AZXT4HVGHzQJiXAObP_rB6Z--XD5OxqWUGMqdg_zjKHI865gDS9FI7lTijiioi7qHZyQ85wMn_l2zTzhJ-yIqJYMhfpYu8wwySeICtABwwGKmYRyHopUUT0rMhZ33VPJSrL2tAD22evwwEtRRkS19MCpGdDGkcL_1cN4KAEaFX5ZWnj6wMrFbnnQ2OWAvRlZdkfqpOKXy1h1Z0c271Z90ofh&amp;__tn__=*NK-R\">#PorNebaj<\/a><\/h2>\n\n\n\n<iframe src=\"https:\/\/www.facebook.com\/plugins\/post.php?href=https%3A%2F%2Fwww.facebook.com%2Fpermalink.php%3Fstory_fbid%3Dpfbid033zidJb3BTtGPsgXotijS5nDqbGzAv8m8Jii5favh17WsoMEqLZy7fATZjUCrSPWWl%26id%3D100064424092491&#038;show_text=true&#038;width=9000\" width=\"9000\" height=\"920\" style=\"border:none;overflow:hidden\" scrolling=\"no\" frameborder=\"0\" allowfullscreen=\"true\" allow=\"autoplay; clipboard-write; encrypted-media; picture-in-picture; web-share\"><\/iframe>\n\n\n\n<figure class=\"wp-block-image size-full is-resized\"><img  title=\"\" decoding=\"async\" src=\"https:\/\/municipalidaddenebaj.com\/wp-content\/uploads\/2024\/08\/image-9.png\"  alt=\"image-9 TALLER SOBRE EL TEMA  DE AGUAS RESIDUALES.\"  class=\"wp-image-35246\" style=\"width:1450px;height:auto\"\/><\/figure>\n","protected":false},"excerpt":{"rendered":"<p>La Direcci\u00f3n Municipal de Agua y Saneamiento DIMAS particip\u00f3 en un taller organizado por Helvetas,&#8230;<\/p>\n","protected":false},"author":2,"featured_media":35247,"comment_status":"open","ping_status":"open","sticky":false,"template":"","format":"standard","meta":{"_eb_attr":"","_monsterinsights_skip_tracking":false,"_monsterinsights_sitenote_active":false,"_monsterinsights_sitenote_note":"","_monsterinsights_sitenote_category":0,"footnotes":""},"categories":[1],"tags":[],"class_list":["post-35245","post","type-post","status-publish","format-standard","has-post-thumbnail","hentry","category-uncategorized"],"featured_image_urls":{"full":["https:\/\/municipalidaddenebaj.com\/wp-content\/uploads\/2024\/08\/454307914_896009439223184_7454848023350057644_n.jpg",1080,1080,false],"thumbnail":["https:\/\/municipalidaddenebaj.com\/wp-content\/uploads\/2024\/08\/454307914_896009439223184_7454848023350057644_n-400x400.jpg",400,400,true],"medium":["https:\/\/municipalidaddenebaj.com\/wp-content\/uploads\/2024\/08\/454307914_896009439223184_7454848023350057644_n-594x594.jpg",594,594,true],"medium_large":["https:\/\/municipalidaddenebaj.com\/wp-content\/uploads\/2024\/08\/454307914_896009439223184_7454848023350057644_n-768x768.jpg",640,640,true],"large":["https:\/\/municipalidaddenebaj.com\/wp-content\/uploads\/2024\/08\/454307914_896009439223184_7454848023350057644_n-510x510.jpg",510,510,true],"ezd_searrch_thumb16x16":["https:\/\/municipalidaddenebaj.com\/wp-content\/uploads\/2024\/08\/454307914_896009439223184_7454848023350057644_n.jpg",16,16,false],"ezd_searrch_thumb50x50":["https:\/\/municipalidaddenebaj.com\/wp-content\/uploads\/2024\/08\/454307914_896009439223184_7454848023350057644_n.jpg",50,50,false],"1536x1536":["https:\/\/municipalidaddenebaj.com\/wp-content\/uploads\/2024\/08\/454307914_896009439223184_7454848023350057644_n.jpg",1080,1080,false],"2048x2048":["https:\/\/municipalidaddenebaj.com\/wp-content\/uploads\/2024\/08\/454307914_896009439223184_7454848023350057644_n.jpg",1080,1080,false],"covernews-featured":["https:\/\/municipalidaddenebaj.com\/wp-content\/uploads\/2024\/08\/454307914_896009439223184_7454848023350057644_n-1024x1024.jpg",1024,1024,true],"covernews-medium":["https:\/\/municipalidaddenebaj.com\/wp-content\/uploads\/2024\/08\/454307914_896009439223184_7454848023350057644_n-540x340.jpg",540,340,true],"woocommerce_thumbnail":["https:\/\/municipalidaddenebaj.com\/wp-content\/uploads\/2024\/08\/454307914_896009439223184_7454848023350057644_n-300x300.jpg",300,300,true],"woocommerce_single":["https:\/\/municipalidaddenebaj.com\/wp-content\/uploads\/2024\/08\/454307914_896009439223184_7454848023350057644_n-600x600.jpg",600,600,true],"woocommerce_gallery_thumbnail":["https:\/\/municipalidaddenebaj.com\/wp-content\/uploads\/2024\/08\/454307914_896009439223184_7454848023350057644_n-100x100.jpg",100,100,true]},"author_info":{"display_name":"Editor Editor","author_link":"https:\/\/municipalidaddenebaj.com\/?author=2"},"category_info":"<a href=\"https:\/\/municipalidaddenebaj.com\/?cat=1\" rel=\"category\">Uncategorized<\/a>","tag_info":"Uncategorized","comment_count":"0","_links":{"self":[{"href":"https:\/\/municipalidaddenebaj.com\/index.php?rest_route=\/wp\/v2\/posts\/35245","targetHints":{"allow":["GET"]}}],"collection":[{"href":"https:\/\/municipalidaddenebaj.com\/index.php?rest_route=\/wp\/v2\/posts"}],"about":[{"href":"https:\/\/municipalidaddenebaj.com\/index.php?rest_route=\/wp\/v2\/types\/post"}],"author":[{"embeddable":true,"href":"https:\/\/municipalidaddenebaj.com\/index.php?rest_route=\/wp\/v2\/users\/2"}],"replies":[{"embeddable":true,"href":"https:\/\/municipalidaddenebaj.com\/index.php?rest_route=%2Fwp%2Fv2%2Fcomments&post=35245"}],"version-history":[{"count":0,"href":"https:\/\/municipalidaddenebaj.com\/index.php?rest_route=\/wp\/v2\/posts\/35245\/revisions"}],"wp:featuredmedia":[{"embeddable":true,"href":"https:\/\/municipalidaddenebaj.com\/index.php?rest_route=\/wp\/v2\/media\/35247"}],"wp:attachment":[{"href":"https:\/\/municipalidaddenebaj.com\/index.php?rest_route=%2Fwp%2Fv2%2Fmedia&parent=35245"}],"wp:term":[{"taxonomy":"category","embeddable":true,"href":"https:\/\/municipalidaddenebaj.com\/index.php?rest_route=%2Fwp%2Fv2%2Fcategories&post=35245"},{"taxonomy":"post_tag","embeddable":true,"href":"https:\/\/municipalidaddenebaj.com\/index.php?rest_route=%2Fwp%2Fv2%2Ftags&post=35245"}],"curies":[{"name":"wp","href":"https:\/\/api.w.org\/{rel}","templated":true}]}}