{"id":35264,"date":"2024-08-06T16:15:56","date_gmt":"2024-08-06T16:15:56","guid":{"rendered":"https:\/\/municipalidaddenebaj.com\/?p=35264"},"modified":"2024-08-06T16:15:57","modified_gmt":"2024-08-06T16:15:57","slug":"35264","status":"publish","type":"post","link":"https:\/\/municipalidaddenebaj.com\/?p=35264","title":{"rendered":""},"content":{"rendered":"\n<h2 class=\"wp-block-heading\"><strong><mark style=\"background-color:rgba(0, 0, 0, 0)\" class=\"has-inline-color has-black-color\">El Sr. Alcalde <a href=\"https:\/\/www.facebook.com\/profile.php?id=100065359905403&amp;__cft__[0]=AZXQQK8sM_0-VhjetLE1zl5KReJe1lHr5JERVQihy3qLDiYxphpXRi7sL2vzcKB5miG50WldzMhuvWCBrvBVA92taYi2UV7pxKpHs53JaqKVDD-YQo50uyZAqLsz1uIK4o5aWqAcBOHwh35oNTnxKkCBHKUamWcA0sdksJsbxaU16v6X2XA2qpftDn8n4D6yMKA6rQsE3G6jHkEt2oGXpjCQ&amp;__tn__=-]K-R\">Ram\u00f3n Raymundo<\/a> y su Honorable Concejo Municipal, respaldando a la se\u00f1orita clavellina en su participaci\u00f3n en las distintas actividades para la elecci\u00f3n y coronaci\u00f3n de se\u00f1orita Quich\u00e9, que se llevar\u00e1 a cabo en Santa Cruz del Quich\u00e9.<\/mark><\/strong><\/h2>\n\n\n\n<iframe src=\"https:\/\/www.facebook.com\/plugins\/post.php?href=https%3A%2F%2Fwww.facebook.com%2Fpermalink.php%3Fstory_fbid%3Dpfbid02khqmaFfgQUS8gdZbzFtxqovs6oN8oU49CZymtUQ5usqtCN2dLrBzPFMGSyhsd1Aol%26id%3D100064424092491&#038;show_text=true&#038;width=9000\" width=\"9000\" height=\"628\" style=\"border:none;overflow:hidden\" scrolling=\"no\" frameborder=\"0\" allowfullscreen=\"true\" allow=\"autoplay; clipboard-write; encrypted-media; picture-in-picture; web-share\"><\/iframe>\n\n\n\n<figure class=\"wp-block-image size-full is-resized\"><img  title=\"\" decoding=\"async\" src=\"https:\/\/municipalidaddenebaj.com\/wp-content\/uploads\/2024\/08\/image-10.png\"  alt=\"image-10 \"  class=\"wp-image-35265\" style=\"width:1450px;height:auto\"\/><\/figure>\n","protected":false},"excerpt":{"rendered":"<p>El Sr. Alcalde Ram\u00f3n Raymundo y su Honorable Concejo Municipal, respaldando a la se\u00f1orita clavellina&#8230;<\/p>\n","protected":false},"author":2,"featured_media":35266,"comment_status":"open","ping_status":"open","sticky":false,"template":"","format":"standard","meta":{"_eb_attr":"","_monsterinsights_skip_tracking":false,"_monsterinsights_sitenote_active":false,"_monsterinsights_sitenote_note":"","_monsterinsights_sitenote_category":0,"footnotes":""},"categories":[1],"tags":[],"class_list":["post-35264","post","type-post","status-publish","format-standard","has-post-thumbnail","hentry","category-uncategorized"],"featured_image_urls":{"full":["https:\/\/municipalidaddenebaj.com\/wp-content\/uploads\/2024\/08\/454498869_896029792554482_457791226810507474_n.jpg",1716,2048,false],"thumbnail":["https:\/\/municipalidaddenebaj.com\/wp-content\/uploads\/2024\/08\/454498869_896029792554482_457791226810507474_n-400x400.jpg",400,400,true],"medium":["https:\/\/municipalidaddenebaj.com\/wp-content\/uploads\/2024\/08\/454498869_896029792554482_457791226810507474_n-498x594.jpg",498,594,true],"medium_large":["https:\/\/municipalidaddenebaj.com\/wp-content\/uploads\/2024\/08\/454498869_896029792554482_457791226810507474_n-768x917.jpg",640,764,true],"large":["https:\/\/municipalidaddenebaj.com\/wp-content\/uploads\/2024\/08\/454498869_896029792554482_457791226810507474_n-427x510.jpg",427,510,true],"ezd_searrch_thumb16x16":["https:\/\/municipalidaddenebaj.com\/wp-content\/uploads\/2024\/08\/454498869_896029792554482_457791226810507474_n.jpg",13,16,false],"ezd_searrch_thumb50x50":["https:\/\/municipalidaddenebaj.com\/wp-content\/uploads\/2024\/08\/454498869_896029792554482_457791226810507474_n.jpg",42,50,false],"1536x1536":["https:\/\/municipalidaddenebaj.com\/wp-content\/uploads\/2024\/08\/454498869_896029792554482_457791226810507474_n-1287x1536.jpg",1287,1536,true],"2048x2048":["https:\/\/municipalidaddenebaj.com\/wp-content\/uploads\/2024\/08\/454498869_896029792554482_457791226810507474_n.jpg",1716,2048,false],"covernews-featured":["https:\/\/municipalidaddenebaj.com\/wp-content\/uploads\/2024\/08\/454498869_896029792554482_457791226810507474_n-1024x1222.jpg",1024,1222,true],"covernews-medium":["https:\/\/municipalidaddenebaj.com\/wp-content\/uploads\/2024\/08\/454498869_896029792554482_457791226810507474_n-540x340.jpg",540,340,true],"woocommerce_thumbnail":["https:\/\/municipalidaddenebaj.com\/wp-content\/uploads\/2024\/08\/454498869_896029792554482_457791226810507474_n-300x300.jpg",300,300,true],"woocommerce_single":["https:\/\/municipalidaddenebaj.com\/wp-content\/uploads\/2024\/08\/454498869_896029792554482_457791226810507474_n-600x716.jpg",600,716,true],"woocommerce_gallery_thumbnail":["https:\/\/municipalidaddenebaj.com\/wp-content\/uploads\/2024\/08\/454498869_896029792554482_457791226810507474_n-100x100.jpg",100,100,true]},"author_info":{"display_name":"Editor Editor","author_link":"https:\/\/municipalidaddenebaj.com\/?author=2"},"category_info":"<a href=\"https:\/\/municipalidaddenebaj.com\/?cat=1\" rel=\"category\">Uncategorized<\/a>","tag_info":"Uncategorized","comment_count":"0","_links":{"self":[{"href":"https:\/\/municipalidaddenebaj.com\/index.php?rest_route=\/wp\/v2\/posts\/35264","targetHints":{"allow":["GET"]}}],"collection":[{"href":"https:\/\/municipalidaddenebaj.com\/index.php?rest_route=\/wp\/v2\/posts"}],"about":[{"href":"https:\/\/municipalidaddenebaj.com\/index.php?rest_route=\/wp\/v2\/types\/post"}],"author":[{"embeddable":true,"href":"https:\/\/municipalidaddenebaj.com\/index.php?rest_route=\/wp\/v2\/users\/2"}],"replies":[{"embeddable":true,"href":"https:\/\/municipalidaddenebaj.com\/index.php?rest_route=%2Fwp%2Fv2%2Fcomments&post=35264"}],"version-history":[{"count":0,"href":"https:\/\/municipalidaddenebaj.com\/index.php?rest_route=\/wp\/v2\/posts\/35264\/revisions"}],"wp:featuredmedia":[{"embeddable":true,"href":"https:\/\/municipalidaddenebaj.com\/index.php?rest_route=\/wp\/v2\/media\/35266"}],"wp:attachment":[{"href":"https:\/\/municipalidaddenebaj.com\/index.php?rest_route=%2Fwp%2Fv2%2Fmedia&parent=35264"}],"wp:term":[{"taxonomy":"category","embeddable":true,"href":"https:\/\/municipalidaddenebaj.com\/index.php?rest_route=%2Fwp%2Fv2%2Fcategories&post=35264"},{"taxonomy":"post_tag","embeddable":true,"href":"https:\/\/municipalidaddenebaj.com\/index.php?rest_route=%2Fwp%2Fv2%2Ftags&post=35264"}],"curies":[{"name":"wp","href":"https:\/\/api.w.org\/{rel}","templated":true}]}}