{"id":35302,"date":"2024-08-08T18:43:12","date_gmt":"2024-08-08T18:43:12","guid":{"rendered":"https:\/\/municipalidaddenebaj.com\/?p=35302"},"modified":"2024-08-08T18:46:21","modified_gmt":"2024-08-08T18:46:21","slug":"malacates-trebol-shop-2","status":"publish","type":"post","link":"https:\/\/municipalidaddenebaj.com\/?p=35302","title":{"rendered":"MALACATES TR\u00c9BOL SHOP"},"content":{"rendered":"\n<h2 class=\"wp-block-heading\"><strong><mark style=\"background-color:rgba(0, 0, 0, 0)\" class=\"has-inline-color has-black-color\">El Sr. Alcalde Municipal Ram\u00f3n Raymundo y Honorable Concejo Municipal a trav\u00e9s del Comit\u00e9 de Fiestas Agostinas te invitan al cierre de feria con el Concierto de Malacates Tr\u00e9bol Shop.<\/mark><\/strong><\/h2>\n\n\n\n<h2 class=\"wp-block-heading\">Tickets ya en preventa en la Tesorer\u00eda Municipal.<\/h2>\n\n\n\n<h2 class=\"wp-block-heading\"><a href=\"https:\/\/www.facebook.com\/hashtag\/construyendofuturo?__eep__=6&amp;__cft__[0]=AZV3sgxKopugJamULj2xv6XTiPPVYMzUeiIH2HGPmX74j4-pD3GOkdFGDuJX9kNIMGWDkqWtSA8CJHksY3LR-LK59gSUXuCyPUspqp4mNeR352r7W5VucY6DNz7biNEpSJMO3HWEx3lbF9Yg-HmYhnhofXJBxTWiKDmJ72eAKQLe4gN_y8ajtA-LsuwQD2WAhoB64dNzFDv0OhpbhqDBbxCH&amp;__tn__=*NK-R\">#ConstruyendoFuturo<\/a><\/h2>\n\n\n\n<iframe src=\"https:\/\/www.facebook.com\/plugins\/post.php?href=https%3A%2F%2Fwww.facebook.com%2Fpermalink.php%3Fstory_fbid%3Dpfbid0tjBtuz3vye93cnHBY2Xshjiy2Cq5dSasoL1HzZK88WSaR4MHvggnwvweAKHSYrhul%26id%3D100064424092491&#038;show_text=true&#038;width=9000\" width=\"9000\" height=\"689\" style=\"border:none;overflow:hidden\" scrolling=\"no\" frameborder=\"0\" allowfullscreen=\"true\" allow=\"autoplay; clipboard-write; encrypted-media; picture-in-picture; web-share\"><\/iframe>\n\n\n\n<figure class=\"wp-block-image size-full is-resized\"><img  title=\"\" decoding=\"async\" src=\"https:\/\/municipalidaddenebaj.com\/wp-content\/uploads\/2024\/08\/image-12.png\"  alt=\"image-12 MALACATES TR\u00c9BOL SHOP\"  class=\"wp-image-35303\" style=\"width:1450px;height:auto\"\/><\/figure>\n","protected":false},"excerpt":{"rendered":"<p>El Sr. Alcalde Municipal Ram\u00f3n Raymundo y Honorable Concejo Municipal a trav\u00e9s del Comit\u00e9 de&#8230;<\/p>\n","protected":false},"author":2,"featured_media":35304,"comment_status":"open","ping_status":"open","sticky":false,"template":"","format":"standard","meta":{"_eb_attr":"","_monsterinsights_skip_tracking":false,"_monsterinsights_sitenote_active":false,"_monsterinsights_sitenote_note":"","_monsterinsights_sitenote_category":0,"footnotes":""},"categories":[1],"tags":[],"class_list":["post-35302","post","type-post","status-publish","format-standard","has-post-thumbnail","hentry","category-uncategorized"],"featured_image_urls":{"full":["https:\/\/municipalidaddenebaj.com\/wp-content\/uploads\/2024\/08\/454343021_896835169140611_4224306304914747535_n.jpg",1093,1600,false],"thumbnail":["https:\/\/municipalidaddenebaj.com\/wp-content\/uploads\/2024\/08\/454343021_896835169140611_4224306304914747535_n-400x400.jpg",400,400,true],"medium":["https:\/\/municipalidaddenebaj.com\/wp-content\/uploads\/2024\/08\/454343021_896835169140611_4224306304914747535_n-406x594.jpg",406,594,true],"medium_large":["https:\/\/municipalidaddenebaj.com\/wp-content\/uploads\/2024\/08\/454343021_896835169140611_4224306304914747535_n-768x1124.jpg",640,937,true],"large":["https:\/\/municipalidaddenebaj.com\/wp-content\/uploads\/2024\/08\/454343021_896835169140611_4224306304914747535_n-348x510.jpg",348,510,true],"ezd_searrch_thumb16x16":["https:\/\/municipalidaddenebaj.com\/wp-content\/uploads\/2024\/08\/454343021_896835169140611_4224306304914747535_n.jpg",11,16,false],"ezd_searrch_thumb50x50":["https:\/\/municipalidaddenebaj.com\/wp-content\/uploads\/2024\/08\/454343021_896835169140611_4224306304914747535_n.jpg",34,50,false],"1536x1536":["https:\/\/municipalidaddenebaj.com\/wp-content\/uploads\/2024\/08\/454343021_896835169140611_4224306304914747535_n-1049x1536.jpg",1049,1536,true],"2048x2048":["https:\/\/municipalidaddenebaj.com\/wp-content\/uploads\/2024\/08\/454343021_896835169140611_4224306304914747535_n.jpg",1093,1600,false],"covernews-featured":["https:\/\/municipalidaddenebaj.com\/wp-content\/uploads\/2024\/08\/454343021_896835169140611_4224306304914747535_n-1024x1499.jpg",1024,1499,true],"covernews-medium":["https:\/\/municipalidaddenebaj.com\/wp-content\/uploads\/2024\/08\/454343021_896835169140611_4224306304914747535_n-540x340.jpg",540,340,true],"woocommerce_thumbnail":["https:\/\/municipalidaddenebaj.com\/wp-content\/uploads\/2024\/08\/454343021_896835169140611_4224306304914747535_n-300x300.jpg",300,300,true],"woocommerce_single":["https:\/\/municipalidaddenebaj.com\/wp-content\/uploads\/2024\/08\/454343021_896835169140611_4224306304914747535_n-600x878.jpg",600,878,true],"woocommerce_gallery_thumbnail":["https:\/\/municipalidaddenebaj.com\/wp-content\/uploads\/2024\/08\/454343021_896835169140611_4224306304914747535_n-100x100.jpg",100,100,true]},"author_info":{"display_name":"Editor Editor","author_link":"https:\/\/municipalidaddenebaj.com\/?author=2"},"category_info":"<a href=\"https:\/\/municipalidaddenebaj.com\/?cat=1\" rel=\"category\">Uncategorized<\/a>","tag_info":"Uncategorized","comment_count":"0","_links":{"self":[{"href":"https:\/\/municipalidaddenebaj.com\/index.php?rest_route=\/wp\/v2\/posts\/35302","targetHints":{"allow":["GET"]}}],"collection":[{"href":"https:\/\/municipalidaddenebaj.com\/index.php?rest_route=\/wp\/v2\/posts"}],"about":[{"href":"https:\/\/municipalidaddenebaj.com\/index.php?rest_route=\/wp\/v2\/types\/post"}],"author":[{"embeddable":true,"href":"https:\/\/municipalidaddenebaj.com\/index.php?rest_route=\/wp\/v2\/users\/2"}],"replies":[{"embeddable":true,"href":"https:\/\/municipalidaddenebaj.com\/index.php?rest_route=%2Fwp%2Fv2%2Fcomments&post=35302"}],"version-history":[{"count":0,"href":"https:\/\/municipalidaddenebaj.com\/index.php?rest_route=\/wp\/v2\/posts\/35302\/revisions"}],"wp:featuredmedia":[{"embeddable":true,"href":"https:\/\/municipalidaddenebaj.com\/index.php?rest_route=\/wp\/v2\/media\/35304"}],"wp:attachment":[{"href":"https:\/\/municipalidaddenebaj.com\/index.php?rest_route=%2Fwp%2Fv2%2Fmedia&parent=35302"}],"wp:term":[{"taxonomy":"category","embeddable":true,"href":"https:\/\/municipalidaddenebaj.com\/index.php?rest_route=%2Fwp%2Fv2%2Fcategories&post=35302"},{"taxonomy":"post_tag","embeddable":true,"href":"https:\/\/municipalidaddenebaj.com\/index.php?rest_route=%2Fwp%2Fv2%2Ftags&post=35302"}],"curies":[{"name":"wp","href":"https:\/\/api.w.org\/{rel}","templated":true}]}}