{"id":35407,"date":"2024-08-19T18:56:22","date_gmt":"2024-08-19T18:56:22","guid":{"rendered":"https:\/\/municipalidaddenebaj.com\/?p=35407"},"modified":"2024-08-20T22:02:46","modified_gmt":"2024-08-20T22:02:46","slug":"35407","status":"publish","type":"post","link":"https:\/\/municipalidaddenebaj.com\/?p=35407","title":{"rendered":"CAPACITACI\u00d3N  SOBRE PROGRAMAS AGR\u00cdCOLAS."},"content":{"rendered":"\n<div class=\"wp-block-blockspare-blockspare-container alignfull blockspare-35b43601-f839-4\" blockspare-animation=\"\"><style>.blockspare-35b43601-f839-4 > .blockspare-block-container-wrapper{background-color:#f9f9f9;padding-top:20px;padding-right:20px;padding-bottom:20px;padding-left:20px;margin-top:30px;margin-right:0px;margin-bottom:30px;margin-left:0px;border-radius:0}.blockspare-35b43601-f839-4 .blockspare-image-wrap{background-image:none}<\/style><div class=\"blockspare-block-container-wrapper blockspare-hover-item\"><div class=\"blockspare-container-background blockspare-image-wrap has-background-opacity-100 has-background-opacity\"><\/div><div class=\"blockspare-container\"><div class=\"blockspare-inner-blocks blockspare-inner-wrapper-blocks\">\n<div class=\"wp-block-group is-vertical is-layout-flex wp-container-core-group-is-layout-fe9cc265 wp-block-group-is-layout-flex\">\n<h3 class=\"wp-block-heading\"><mark style=\"background-color:rgba(0, 0, 0, 0)\" class=\"has-inline-color has-black-color\"><strong>La Direcci\u00f3n Municipal de la Mujer -DMM- en coordinaci\u00f3n con el personal Departamental de Popay\u00e1n.<\/strong><\/mark><\/h3>\n<\/div>\n<\/div><\/div><\/div><\/div>\n\n\n\n<div class=\"wp-block-blockspare-blockspare-container alignfull blockspare-01ffcd28-3115-4\" blockspare-animation=\"\"><style>.blockspare-01ffcd28-3115-4 > .blockspare-block-container-wrapper{background-color:#f9f9f9;padding-top:20px;padding-right:20px;padding-bottom:20px;padding-left:20px;margin-top:30px;margin-right:0px;margin-bottom:30px;margin-left:0px;border-radius:0}.blockspare-01ffcd28-3115-4 .blockspare-image-wrap{background-image:none}<\/style><div class=\"blockspare-block-container-wrapper blockspare-hover-item\"><div class=\"blockspare-container-background blockspare-image-wrap has-background-opacity-100 has-background-opacity\"><\/div><div class=\"blockspare-container\"><div class=\"blockspare-inner-blocks blockspare-inner-wrapper-blocks\">\n<div class=\"wp-block-group is-vertical is-layout-flex wp-container-core-group-is-layout-fe9cc265 wp-block-group-is-layout-flex\">\n<h3 class=\"wp-block-heading\"><mark style=\"background-color:rgba(0, 0, 0, 0)\" class=\"has-inline-color has-black-color\">Realizaron una capacitaci\u00f3n sobre Programa agricola que impulsan la diversidad de nuevos cultivos y nuevos productores en el antiplano occidental con la participaci\u00f3n de 13 personas.<\/mark><\/h3>\n<\/div>\n<\/div><\/div><\/div><\/div>\n\n\n\n<div class=\"wp-block-blockspare-blockspare-container alignfull blockspare-9e79137b-b7ab-4\" blockspare-animation=\"\"><style>.blockspare-9e79137b-b7ab-4 > .blockspare-block-container-wrapper{background-color:#f9f9f9;padding-top:20px;padding-right:20px;padding-bottom:20px;padding-left:20px;margin-top:30px;margin-right:0px;margin-bottom:30px;margin-left:0px;border-radius:0}.blockspare-9e79137b-b7ab-4 .blockspare-image-wrap{background-image:none}<\/style><div class=\"blockspare-block-container-wrapper blockspare-hover-item\"><div class=\"blockspare-container-background blockspare-image-wrap has-background-opacity-100 has-background-opacity\"><\/div><div class=\"blockspare-container\"><div class=\"blockspare-inner-blocks blockspare-inner-wrapper-blocks\">\n<div class=\"wp-block-group is-vertical is-layout-flex wp-container-core-group-is-layout-fe9cc265 wp-block-group-is-layout-flex\">\n<h3 class=\"wp-block-heading\"><mark style=\"background-color:rgba(0, 0, 0, 0)\" class=\"has-inline-color has-black-color\">Con la finalidad que las personas tengan el conocimiento de como sembrar y mantener sus \u00e1rboles frutales bien cuidados de cualquier tipo de plagas.<\/mark><\/h3>\n<\/div>\n<\/div><\/div><\/div><\/div>\n\n\n\n<div class=\"wp-block-blockspare-blockspare-container alignfull blockspare-7aaf35b6-7c2b-4\" blockspare-animation=\"\"><style>.blockspare-7aaf35b6-7c2b-4 > .blockspare-block-container-wrapper{background-color:#f9f9f9;padding-top:20px;padding-right:20px;padding-bottom:20px;padding-left:20px;margin-top:30px;margin-right:0px;margin-bottom:30px;margin-left:0px;border-radius:0}.blockspare-7aaf35b6-7c2b-4 .blockspare-image-wrap{background-image:none}<\/style><div class=\"blockspare-block-container-wrapper blockspare-hover-item\"><div class=\"blockspare-container-background blockspare-image-wrap has-background-opacity-100 has-background-opacity\"><\/div><div class=\"blockspare-container\"><div class=\"blockspare-inner-blocks blockspare-inner-wrapper-blocks\">\n<h2 class=\"wp-block-heading\"><a href=\"https:\/\/www.facebook.com\/hashtag\/pornebaj?__eep__=6&amp;__cft__[0]=AZVNFbii8KJjMw7dL9lmY1lK8fm1RBOvdyj4FsV0k1eRw2nKJlichOiUORNNozWZrQugxbQvrgeDfFvfnhYGZAYkD0jEpnZzOtJHKWFofmmmgPAZCrEVB4dYEDXQcu9jpnqrONCsKeXXLSs0-bvkpATSCiboSejIqVpkAKpq4dJ0O6ipgq334R01LWDI5urnfDvoDgfty621GShHzToWRT7W&amp;__tn__=*NK-R\">#PorNebaj<\/a><\/h2>\n<\/div><\/div><\/div><\/div>\n\n\n\n<iframe src=\"https:\/\/www.facebook.com\/plugins\/post.php?href=https%3A%2F%2Fwww.facebook.com%2Fpermalink.php%3Fstory_fbid%3Dpfbid0MvC13VZKW31yaCxQNR7XPK1UG5U2nfcXPigYL2tjKKfQ1Bo3PWiBgoU2AVM3S5K2l%26id%3D100064424092491&#038;show_text=true&#038;width=9000\" width=\"9000\" height=\"860\" style=\"border:none;overflow:hidden\" scrolling=\"no\" frameborder=\"0\" allowfullscreen=\"true\" allow=\"autoplay; clipboard-write; encrypted-media; picture-in-picture; web-share\"><\/iframe>\n\n\n\n<figure class=\"wp-block-image size-full is-resized\"><img  title=\"\" decoding=\"async\" src=\"https:\/\/municipalidaddenebaj.com\/wp-content\/uploads\/2024\/08\/image-16.png\"  alt=\"image-16 CAPACITACI\u00d3N  SOBRE PROGRAMAS AGR\u00cdCOLAS.\"  class=\"wp-image-35408\" style=\"width:1450px;height:auto\"\/><\/figure>\n\n\n\n<p><\/p>\n","protected":false},"excerpt":{"rendered":"","protected":false},"author":2,"featured_media":0,"comment_status":"open","ping_status":"open","sticky":false,"template":"","format":"standard","meta":{"_eb_attr":"","_monsterinsights_skip_tracking":false,"_monsterinsights_sitenote_active":false,"_monsterinsights_sitenote_note":"","_monsterinsights_sitenote_category":0,"footnotes":""},"categories":[1],"tags":[],"class_list":["post-35407","post","type-post","status-publish","format-standard","hentry","category-uncategorized"],"featured_image_urls":{"full":"","thumbnail":"","medium":"","medium_large":"","large":"","ezd_searrch_thumb16x16":"","ezd_searrch_thumb50x50":"","1536x1536":"","2048x2048":"","covernews-featured":"","covernews-medium":"","woocommerce_thumbnail":"","woocommerce_single":"","woocommerce_gallery_thumbnail":""},"author_info":{"display_name":"Editor Editor","author_link":"https:\/\/municipalidaddenebaj.com\/?author=2"},"category_info":"<a href=\"https:\/\/municipalidaddenebaj.com\/?cat=1\" rel=\"category\">Uncategorized<\/a>","tag_info":"Uncategorized","comment_count":"0","_links":{"self":[{"href":"https:\/\/municipalidaddenebaj.com\/index.php?rest_route=\/wp\/v2\/posts\/35407","targetHints":{"allow":["GET"]}}],"collection":[{"href":"https:\/\/municipalidaddenebaj.com\/index.php?rest_route=\/wp\/v2\/posts"}],"about":[{"href":"https:\/\/municipalidaddenebaj.com\/index.php?rest_route=\/wp\/v2\/types\/post"}],"author":[{"embeddable":true,"href":"https:\/\/municipalidaddenebaj.com\/index.php?rest_route=\/wp\/v2\/users\/2"}],"replies":[{"embeddable":true,"href":"https:\/\/municipalidaddenebaj.com\/index.php?rest_route=%2Fwp%2Fv2%2Fcomments&post=35407"}],"version-history":[{"count":0,"href":"https:\/\/municipalidaddenebaj.com\/index.php?rest_route=\/wp\/v2\/posts\/35407\/revisions"}],"wp:attachment":[{"href":"https:\/\/municipalidaddenebaj.com\/index.php?rest_route=%2Fwp%2Fv2%2Fmedia&parent=35407"}],"wp:term":[{"taxonomy":"category","embeddable":true,"href":"https:\/\/municipalidaddenebaj.com\/index.php?rest_route=%2Fwp%2Fv2%2Fcategories&post=35407"},{"taxonomy":"post_tag","embeddable":true,"href":"https:\/\/municipalidaddenebaj.com\/index.php?rest_route=%2Fwp%2Fv2%2Ftags&post=35407"}],"curies":[{"name":"wp","href":"https:\/\/api.w.org\/{rel}","templated":true}]}}