{"id":35611,"date":"2024-08-26T16:20:09","date_gmt":"2024-08-26T16:20:09","guid":{"rendered":"https:\/\/municipalidaddenebaj.com\/?p=35611"},"modified":"2024-08-26T16:31:50","modified_gmt":"2024-08-26T16:31:50","slug":"taller-de-fortalecimiento","status":"publish","type":"post","link":"https:\/\/municipalidaddenebaj.com\/?p=35611","title":{"rendered":"TALLER DE FORTALECIMIENTO"},"content":{"rendered":"\n<div class=\"wp-block-blockspare-blockspare-container alignfull blockspare-d70c88c6-9ac9-4\" blockspare-animation=\"\"><style>.blockspare-d70c88c6-9ac9-4 > .blockspare-block-container-wrapper{background-color:#f9f9f9;padding-top:20px;padding-right:20px;padding-bottom:20px;padding-left:20px;margin-top:30px;margin-right:0px;margin-bottom:30px;margin-left:0px;border-radius:0}.blockspare-d70c88c6-9ac9-4 .blockspare-image-wrap{background-image:none}<\/style><div class=\"blockspare-block-container-wrapper blockspare-hover-item\"><div class=\"blockspare-container-background blockspare-image-wrap has-background-opacity-100 has-background-opacity\"><\/div><div class=\"blockspare-container\"><div class=\"blockspare-inner-blocks blockspare-inner-wrapper-blocks\">\n<p style=\"font-size:21px\"><strong><mark style=\"background-color:rgba(0, 0, 0, 0)\" class=\"has-inline-color has-black-color\">La Municipalidad de Nebaj a trav\u00e9s de la Oficina Municipal de Gesti\u00f3n Integral de Riesgo de Desastre -OMGIRD- de la Direcci\u00f3n Municipal de Ordenamiento Territorial -DIMOT- realiza Taller de Fortalecimiento sobre Gesti\u00f3n del Riesgo en las Comunidades de Vi\u00b4campanaVitz, Sumalito Palop Grande. con el objetivo de mejorar capacidades para la gesti\u00f3n de emergencias por lluvias.<\/mark><\/strong><\/p>\n<\/div><\/div><\/div><\/div>\n\n\n\n<div class=\"wp-block-blockspare-blockspare-container alignfull blockspare-3470a9b5-b7dd-4\" blockspare-animation=\"\"><style>.blockspare-3470a9b5-b7dd-4 > .blockspare-block-container-wrapper{background-color:#f9f9f9;padding-top:20px;padding-right:20px;padding-bottom:20px;padding-left:20px;margin-top:30px;margin-right:0px;margin-bottom:30px;margin-left:0px;border-radius:0}.blockspare-3470a9b5-b7dd-4 .blockspare-image-wrap{background-image:none}<\/style><div class=\"blockspare-block-container-wrapper blockspare-hover-item\"><div class=\"blockspare-container-background blockspare-image-wrap has-background-opacity-100 has-background-opacity\"><\/div><div class=\"blockspare-container\"><div class=\"blockspare-inner-blocks blockspare-inner-wrapper-blocks\">\n<h2 class=\"wp-block-heading\"><a href=\"https:\/\/www.facebook.com\/hashtag\/pornebaj?__eep__=6&amp;__cft__[0]=AZUxqWHGCZ21BQN6TbtG3VoquLixqKKhpxGfwd1boBgT_aOCU9KGMO2i5qqBq1r-hNRi1t0ZxRfQTnCbmkVSqoybchcGH2Oyf3mypqUFe0wSKm26d1jIlDvRNHntGRz7UR39bG6NCdoauKJSTJ17JkwcCpdALjYgS-r-ywigVCGfjXwJxlK-IS_L_cDZZ92PLko_MRmxHkZWLlIo341eM8v2&amp;__tn__=*NK-R\">#PorNebaj<\/a><\/h2>\n\n\n\n<iframe src=\"https:\/\/www.facebook.com\/plugins\/post.php?href=https%3A%2F%2Fwww.facebook.com%2Fpermalink.php%3Fstory_fbid%3Dpfbid02KzaaPnoC9e7d9uMApbU5HKRSeu2jDF3T6SPW6bSEF6Linecs4u74jeBonxcSuuzWl%26id%3D100064424092491&#038;show_text=true&#038;width=9000\" width=\"9000\" height=\"890\" style=\"border:none;overflow:hidden\" scrolling=\"no\" frameborder=\"0\" allowfullscreen=\"true\" allow=\"autoplay; clipboard-write; encrypted-media; picture-in-picture; web-share\"><\/iframe>\n\n\n\n<p><br><figure class=\"wp-block-image size-full is-resized\"><img  title=\"\" decoding=\"async\" class=\"wp-image-35612\" style=\"width: 1450px;\" src=\"https:\/\/municipalidaddenebaj.com\/wp-content\/uploads\/2024\/08\/image-21.png\"  alt=\"image-21 TALLER DE FORTALECIMIENTO\" ><\/figure><br><\/p>\n<\/div><\/div><\/div><\/div>\n\n\n\n<p><\/p>\n","protected":false},"excerpt":{"rendered":"","protected":false},"author":2,"featured_media":35613,"comment_status":"open","ping_status":"open","sticky":false,"template":"","format":"standard","meta":{"_eb_attr":"","_monsterinsights_skip_tracking":false,"_monsterinsights_sitenote_active":false,"_monsterinsights_sitenote_note":"","_monsterinsights_sitenote_category":0,"footnotes":""},"categories":[1],"tags":[],"class_list":["post-35611","post","type-post","status-publish","format-standard","has-post-thumbnail","hentry","category-uncategorized"],"featured_image_urls":{"full":["https:\/\/municipalidaddenebaj.com\/wp-content\/uploads\/2024\/08\/456769933_907548118069316_280089639582118820_n.jpg",1080,1080,false],"thumbnail":["https:\/\/municipalidaddenebaj.com\/wp-content\/uploads\/2024\/08\/456769933_907548118069316_280089639582118820_n-400x400.jpg",400,400,true],"medium":["https:\/\/municipalidaddenebaj.com\/wp-content\/uploads\/2024\/08\/456769933_907548118069316_280089639582118820_n-594x594.jpg",594,594,true],"medium_large":["https:\/\/municipalidaddenebaj.com\/wp-content\/uploads\/2024\/08\/456769933_907548118069316_280089639582118820_n-768x768.jpg",640,640,true],"large":["https:\/\/municipalidaddenebaj.com\/wp-content\/uploads\/2024\/08\/456769933_907548118069316_280089639582118820_n-510x510.jpg",510,510,true],"ezd_searrch_thumb16x16":["https:\/\/municipalidaddenebaj.com\/wp-content\/uploads\/2024\/08\/456769933_907548118069316_280089639582118820_n.jpg",16,16,false],"ezd_searrch_thumb50x50":["https:\/\/municipalidaddenebaj.com\/wp-content\/uploads\/2024\/08\/456769933_907548118069316_280089639582118820_n.jpg",50,50,false],"1536x1536":["https:\/\/municipalidaddenebaj.com\/wp-content\/uploads\/2024\/08\/456769933_907548118069316_280089639582118820_n.jpg",1080,1080,false],"2048x2048":["https:\/\/municipalidaddenebaj.com\/wp-content\/uploads\/2024\/08\/456769933_907548118069316_280089639582118820_n.jpg",1080,1080,false],"covernews-featured":["https:\/\/municipalidaddenebaj.com\/wp-content\/uploads\/2024\/08\/456769933_907548118069316_280089639582118820_n-1024x1024.jpg",1024,1024,true],"covernews-medium":["https:\/\/municipalidaddenebaj.com\/wp-content\/uploads\/2024\/08\/456769933_907548118069316_280089639582118820_n-540x340.jpg",540,340,true],"woocommerce_thumbnail":["https:\/\/municipalidaddenebaj.com\/wp-content\/uploads\/2024\/08\/456769933_907548118069316_280089639582118820_n-300x300.jpg",300,300,true],"woocommerce_single":["https:\/\/municipalidaddenebaj.com\/wp-content\/uploads\/2024\/08\/456769933_907548118069316_280089639582118820_n-600x600.jpg",600,600,true],"woocommerce_gallery_thumbnail":["https:\/\/municipalidaddenebaj.com\/wp-content\/uploads\/2024\/08\/456769933_907548118069316_280089639582118820_n-100x100.jpg",100,100,true]},"author_info":{"display_name":"Editor Editor","author_link":"https:\/\/municipalidaddenebaj.com\/?author=2"},"category_info":"<a href=\"https:\/\/municipalidaddenebaj.com\/?cat=1\" rel=\"category\">Uncategorized<\/a>","tag_info":"Uncategorized","comment_count":"0","_links":{"self":[{"href":"https:\/\/municipalidaddenebaj.com\/index.php?rest_route=\/wp\/v2\/posts\/35611","targetHints":{"allow":["GET"]}}],"collection":[{"href":"https:\/\/municipalidaddenebaj.com\/index.php?rest_route=\/wp\/v2\/posts"}],"about":[{"href":"https:\/\/municipalidaddenebaj.com\/index.php?rest_route=\/wp\/v2\/types\/post"}],"author":[{"embeddable":true,"href":"https:\/\/municipalidaddenebaj.com\/index.php?rest_route=\/wp\/v2\/users\/2"}],"replies":[{"embeddable":true,"href":"https:\/\/municipalidaddenebaj.com\/index.php?rest_route=%2Fwp%2Fv2%2Fcomments&post=35611"}],"version-history":[{"count":0,"href":"https:\/\/municipalidaddenebaj.com\/index.php?rest_route=\/wp\/v2\/posts\/35611\/revisions"}],"wp:featuredmedia":[{"embeddable":true,"href":"https:\/\/municipalidaddenebaj.com\/index.php?rest_route=\/wp\/v2\/media\/35613"}],"wp:attachment":[{"href":"https:\/\/municipalidaddenebaj.com\/index.php?rest_route=%2Fwp%2Fv2%2Fmedia&parent=35611"}],"wp:term":[{"taxonomy":"category","embeddable":true,"href":"https:\/\/municipalidaddenebaj.com\/index.php?rest_route=%2Fwp%2Fv2%2Fcategories&post=35611"},{"taxonomy":"post_tag","embeddable":true,"href":"https:\/\/municipalidaddenebaj.com\/index.php?rest_route=%2Fwp%2Fv2%2Ftags&post=35611"}],"curies":[{"name":"wp","href":"https:\/\/api.w.org\/{rel}","templated":true}]}}