{"id":35707,"date":"2024-08-29T17:44:23","date_gmt":"2024-08-29T17:44:23","guid":{"rendered":"https:\/\/municipalidaddenebaj.com\/?p=35707"},"modified":"2024-09-04T17:51:54","modified_gmt":"2024-09-04T17:51:54","slug":"35707","status":"publish","type":"post","link":"https:\/\/municipalidaddenebaj.com\/?p=35707","title":{"rendered":"TALLER  DE ELABORACI\u00d3N  DE JAB\u00d3N"},"content":{"rendered":"\n<div class=\"wp-block-group is-vertical is-layout-flex wp-container-core-group-is-layout-fe9cc265 wp-block-group-is-layout-flex\">\n<div class=\"wp-block-group has-global-padding is-layout-constrained wp-block-group-is-layout-constrained\">\n<h3 class=\"wp-block-heading\">La <a href=\"https:\/\/www.facebook.com\/profile.php?id=100064424092491&amp;__cft__[0]=AZVb9ZRntHESnHQPQ5S0YZVtuy05cBjPJQNkFUCfGKT-YcWDdKrhJsDOVZVaiYj_KgY-5AxIt-Rno4eqVVi9DkOMZdCPHLDmYQw0jIFe4UARy1e86BRlQubuQeQpkvEETGBzIK12UR89wOaoSUEPQ_gsfQczrY-2A4HgSJYyFHXzZ9tOLJsKrOD6n-YliQeQP2nFnqBIm3sOg49vLpafQvEC&amp;__tn__=-]K-R\">Municipalidad de Nebaj<\/a> a trav\u00e9s de la Direcci\u00f3n Municipal de la Mujer -DMM- en coordinaci\u00f3n con SOSEP realizaron un Taller de Elaboraci\u00f3n de jab\u00f3n l\u00edquido para Ropa, con el tema de Autoestima en la aldea Chuch\u00e9.<\/h3>\n\n\n\n<h3 class=\"wp-block-heading\">Y Elaboraci\u00f3n de Dulces T\u00edpicos de man\u00eda en la Aldea Tzalbal.<\/h3>\n\n\n\n<h3 class=\"wp-block-heading\">Impartido por el Extencionista Socio Productivo de SOSEP y la T\u00e9cnica Departamental de la Direcci\u00f3n de Mejoramiento de las condiciones socio econ\u00f3mico de la mujer.<\/h3>\n\n\n\n<h3 class=\"wp-block-heading\">Con <a><\/a>la finalidad que las mujeres puedan emprender un negocio y tener sustento para sus familias.<\/h3>\n\n\n\n<h3 class=\"wp-block-heading has-text-align-left\"><a href=\"https:\/\/www.facebook.com\/hashtag\/construyendofuturo?__eep__=6&amp;__cft__[0]=AZVb9ZRntHESnHQPQ5S0YZVtuy05cBjPJQNkFUCfGKT-YcWDdKrhJsDOVZVaiYj_KgY-5AxIt-Rno4eqVVi9DkOMZdCPHLDmYQw0jIFe4UARy1e86BRlQubuQeQpkvEETGBzIK12UR89wOaoSUEPQ_gsfQczrY-2A4HgSJYyFHXzZ9tOLJsKrOD6n-YliQeQP2nFnqBIm3sOg49vLpafQvEC&amp;__tn__=*NK-R\">#ConstruyendoFuturo<\/a><\/h3>\n<\/div>\n<\/div>\n\n\n\n<iframe src=\"https:\/\/www.facebook.com\/plugins\/post.php?href=https%3A%2F%2Fwww.facebook.com%2Fpermalink.php%3Fstory_fbid%3Dpfbid0drzPLPSsj3Gfb94n81dSF4WstvyHWsshL2QX6BUjkWv1kaK1tTUVju5G3cj4mPJyl%26id%3D100064424092491&#038;show_text=true&#038;width=9000\" width=\"9000\" height=\"900\" style=\"border:none;overflow:hidden\" scrolling=\"no\" frameborder=\"0\" allowfullscreen=\"true\" allow=\"autoplay; clipboard-write; encrypted-media; picture-in-picture; web-share\"><\/iframe>\n\n\n\n<figure class=\"wp-block-image size-full is-resized\"><img  title=\"\" decoding=\"async\" src=\"https:\/\/municipalidaddenebaj.com\/wp-content\/uploads\/2024\/09\/image-5.png\"  alt=\"image-5 TALLER  DE ELABORACI\u00d3N  DE JAB\u00d3N\"  class=\"wp-image-35993\" style=\"width:1450px;height:auto\"\/><\/figure>\n","protected":false},"excerpt":{"rendered":"<p>La Municipalidad de Nebaj a trav\u00e9s de la Direcci\u00f3n Municipal de la Mujer -DMM- en&#8230;<\/p>\n","protected":false},"author":2,"featured_media":35991,"comment_status":"open","ping_status":"open","sticky":false,"template":"","format":"standard","meta":{"_eb_attr":"","_monsterinsights_skip_tracking":false,"_monsterinsights_sitenote_active":false,"_monsterinsights_sitenote_note":"","_monsterinsights_sitenote_category":0,"footnotes":""},"categories":[1],"tags":[],"class_list":["post-35707","post","type-post","status-publish","format-standard","has-post-thumbnail","hentry","category-uncategorized"],"featured_image_urls":{"full":["https:\/\/municipalidaddenebaj.com\/wp-content\/uploads\/2024\/08\/457247857_911314354359359_9120393501610168739_n.jpg",1080,1080,false],"thumbnail":["https:\/\/municipalidaddenebaj.com\/wp-content\/uploads\/2024\/08\/457247857_911314354359359_9120393501610168739_n-400x400.jpg",400,400,true],"medium":["https:\/\/municipalidaddenebaj.com\/wp-content\/uploads\/2024\/08\/457247857_911314354359359_9120393501610168739_n-594x594.jpg",594,594,true],"medium_large":["https:\/\/municipalidaddenebaj.com\/wp-content\/uploads\/2024\/08\/457247857_911314354359359_9120393501610168739_n-768x768.jpg",640,640,true],"large":["https:\/\/municipalidaddenebaj.com\/wp-content\/uploads\/2024\/08\/457247857_911314354359359_9120393501610168739_n-510x510.jpg",510,510,true],"ezd_searrch_thumb16x16":["https:\/\/municipalidaddenebaj.com\/wp-content\/uploads\/2024\/08\/457247857_911314354359359_9120393501610168739_n.jpg",16,16,false],"ezd_searrch_thumb50x50":["https:\/\/municipalidaddenebaj.com\/wp-content\/uploads\/2024\/08\/457247857_911314354359359_9120393501610168739_n.jpg",50,50,false],"1536x1536":["https:\/\/municipalidaddenebaj.com\/wp-content\/uploads\/2024\/08\/457247857_911314354359359_9120393501610168739_n.jpg",1080,1080,false],"2048x2048":["https:\/\/municipalidaddenebaj.com\/wp-content\/uploads\/2024\/08\/457247857_911314354359359_9120393501610168739_n.jpg",1080,1080,false],"covernews-featured":["https:\/\/municipalidaddenebaj.com\/wp-content\/uploads\/2024\/08\/457247857_911314354359359_9120393501610168739_n.jpg",1024,1024,false],"covernews-medium":["https:\/\/municipalidaddenebaj.com\/wp-content\/uploads\/2024\/08\/457247857_911314354359359_9120393501610168739_n.jpg",340,340,false],"woocommerce_thumbnail":["https:\/\/municipalidaddenebaj.com\/wp-content\/uploads\/2024\/08\/457247857_911314354359359_9120393501610168739_n-300x300.jpg",300,300,true],"woocommerce_single":["https:\/\/municipalidaddenebaj.com\/wp-content\/uploads\/2024\/08\/457247857_911314354359359_9120393501610168739_n-600x600.jpg",600,600,true],"woocommerce_gallery_thumbnail":["https:\/\/municipalidaddenebaj.com\/wp-content\/uploads\/2024\/08\/457247857_911314354359359_9120393501610168739_n-100x100.jpg",100,100,true]},"author_info":{"display_name":"Editor Editor","author_link":"https:\/\/municipalidaddenebaj.com\/?author=2"},"category_info":"<a href=\"https:\/\/municipalidaddenebaj.com\/?cat=1\" rel=\"category\">Uncategorized<\/a>","tag_info":"Uncategorized","comment_count":"0","_links":{"self":[{"href":"https:\/\/municipalidaddenebaj.com\/index.php?rest_route=\/wp\/v2\/posts\/35707","targetHints":{"allow":["GET"]}}],"collection":[{"href":"https:\/\/municipalidaddenebaj.com\/index.php?rest_route=\/wp\/v2\/posts"}],"about":[{"href":"https:\/\/municipalidaddenebaj.com\/index.php?rest_route=\/wp\/v2\/types\/post"}],"author":[{"embeddable":true,"href":"https:\/\/municipalidaddenebaj.com\/index.php?rest_route=\/wp\/v2\/users\/2"}],"replies":[{"embeddable":true,"href":"https:\/\/municipalidaddenebaj.com\/index.php?rest_route=%2Fwp%2Fv2%2Fcomments&post=35707"}],"version-history":[{"count":0,"href":"https:\/\/municipalidaddenebaj.com\/index.php?rest_route=\/wp\/v2\/posts\/35707\/revisions"}],"wp:featuredmedia":[{"embeddable":true,"href":"https:\/\/municipalidaddenebaj.com\/index.php?rest_route=\/wp\/v2\/media\/35991"}],"wp:attachment":[{"href":"https:\/\/municipalidaddenebaj.com\/index.php?rest_route=%2Fwp%2Fv2%2Fmedia&parent=35707"}],"wp:term":[{"taxonomy":"category","embeddable":true,"href":"https:\/\/municipalidaddenebaj.com\/index.php?rest_route=%2Fwp%2Fv2%2Fcategories&post=35707"},{"taxonomy":"post_tag","embeddable":true,"href":"https:\/\/municipalidaddenebaj.com\/index.php?rest_route=%2Fwp%2Fv2%2Ftags&post=35707"}],"curies":[{"name":"wp","href":"https:\/\/api.w.org\/{rel}","templated":true}]}}