{"id":36127,"date":"2024-09-05T17:36:51","date_gmt":"2024-09-05T17:36:51","guid":{"rendered":"https:\/\/municipalidaddenebaj.com\/?p=36127"},"modified":"2024-09-05T17:38:01","modified_gmt":"2024-09-05T17:38:01","slug":"36127","status":"publish","type":"post","link":"https:\/\/municipalidaddenebaj.com\/?p=36127","title":{"rendered":"ENTREGA DE SILLAS DE RUEDA"},"content":{"rendered":"\n<div class=\"wp-block-group has-global-padding is-layout-constrained wp-block-group-is-layout-constrained\">\n<h2 class=\"wp-block-heading\">El Sr. Alcalde <a href=\"https:\/\/www.facebook.com\/profile.php?id=100065359905403&amp;__cft__[0]=AZVEAGcb296S_3CwOEU-s2EHsSPBUbxtR3oX0yx7N1roYor4-3Mba1kOPER-APieJ95NPN_IVIq4dehfozXohGDil24_1uQw3NA0WZOZHiUgT-sIOsDqqsEh92IrkoZwKHxGyCvUKGzdJwS1SY7lRbT6wJP4iJsW8FzKEGRM6E91DpOSmXLzHTmVHR5oTxPeOz6g2UfcKR-pjUyLIyTmbQWV&amp;__tn__=-]K-R\">Ram\u00f3n Raymundo<\/a> y Honorable Concejo por medio de la Oficina Municipal de Atenci\u00f3n a Personas con Discapacidad bajo la Direcci\u00f3n Municipal de Asuntos Sociales y Econ\u00f3micos-DIMASEC- de la <a href=\"https:\/\/www.facebook.com\/profile.php?id=100064424092491&amp;__cft__[0]=AZVEAGcb296S_3CwOEU-s2EHsSPBUbxtR3oX0yx7N1roYor4-3Mba1kOPER-APieJ95NPN_IVIq4dehfozXohGDil24_1uQw3NA0WZOZHiUgT-sIOsDqqsEh92IrkoZwKHxGyCvUKGzdJwS1SY7lRbT6wJP4iJsW8FzKEGRM6E91DpOSmXLzHTmVHR5oTxPeOz6g2UfcKR-pjUyLIyTmbQWV&amp;__tn__=-]K-R\">Municipalidad de Nebaj<\/a> en coordinaci\u00f3n con la Asociaci\u00f3n Fe en Pr\u00e1ctica, beneficiaron con sillas de ruedas y andadores, a personas con discapacidades f\u00edsicas.<\/h2>\n\n\n\n<h2 class=\"wp-block-heading\">Comprometidos con las personas de nuestro municipio que requieren apoyo. <img  title=\"\" decoding=\"async\" height=\"16\" width=\"16\"  alt=\"1f91d ENTREGA DE SILLAS DE RUEDA\"  src=\"https:\/\/static.xx.fbcdn.net\/images\/emoji.php\/v9\/t64\/1\/16\/1f91d.png\"><\/h2>\n\n\n\n<h2 class=\"wp-block-heading\"><a href=\"https:\/\/www.facebook.com\/hashtag\/pornebaj?__eep__=6&amp;__cft__[0]=AZVEAGcb296S_3CwOEU-s2EHsSPBUbxtR3oX0yx7N1roYor4-3Mba1kOPER-APieJ95NPN_IVIq4dehfozXohGDil24_1uQw3NA0WZOZHiUgT-sIOsDqqsEh92IrkoZwKHxGyCvUKGzdJwS1SY7lRbT6wJP4iJsW8FzKEGRM6E91DpOSmXLzHTmVHR5oTxPeOz6g2UfcKR-pjUyLIyTmbQWV&amp;__tn__=*NK-R\">#PorNebaj<\/a><\/h2>\n\n\n\n<iframe src=\"https:\/\/www.facebook.com\/plugins\/post.php?href=https%3A%2F%2Fwww.facebook.com%2Fpermalink.php%3Fstory_fbid%3Dpfbid031z6gSJvoi4NCbPgga1iZpCA5LcJSojz3ytBvJaCvZ9y3FgFTygzpqUvGJCLLMGtvl%26id%3D100064424092491&#038;show_text=true&#038;width=800\" width=\"800\" height=\"900\" style=\"border:none;overflow:hidden\" scrolling=\"no\" frameborder=\"0\" allowfullscreen=\"true\" allow=\"autoplay; clipboard-write; encrypted-media; picture-in-picture; web-share\"><\/iframe>\n<\/div>\n\n\n\n<figure class=\"wp-block-image size-full is-resized\"><img  title=\"\" decoding=\"async\" src=\"https:\/\/municipalidaddenebaj.com\/wp-content\/uploads\/2024\/09\/image-8.png\"  alt=\"image-8 ENTREGA DE SILLAS DE RUEDA\"  class=\"wp-image-36128\" style=\"width:1450px;height:auto\"\/><\/figure>\n","protected":false},"excerpt":{"rendered":"<p>El Sr. Alcalde Ram\u00f3n Raymundo y Honorable Concejo por medio de la Oficina Municipal de&#8230;<\/p>\n","protected":false},"author":4,"featured_media":36132,"comment_status":"open","ping_status":"open","sticky":false,"template":"","format":"standard","meta":{"_eb_attr":"","_monsterinsights_skip_tracking":false,"_monsterinsights_sitenote_active":false,"_monsterinsights_sitenote_note":"","_monsterinsights_sitenote_category":0,"footnotes":""},"categories":[1],"tags":[],"class_list":["post-36127","post","type-post","status-publish","format-standard","has-post-thumbnail","hentry","category-uncategorized"],"featured_image_urls":{"full":["https:\/\/municipalidaddenebaj.com\/wp-content\/uploads\/2024\/09\/458225031_915512460606215_1745525924981713642_n.jpg",1080,1080,false],"thumbnail":["https:\/\/municipalidaddenebaj.com\/wp-content\/uploads\/2024\/09\/458225031_915512460606215_1745525924981713642_n-400x400.jpg",400,400,true],"medium":["https:\/\/municipalidaddenebaj.com\/wp-content\/uploads\/2024\/09\/458225031_915512460606215_1745525924981713642_n-594x594.jpg",594,594,true],"medium_large":["https:\/\/municipalidaddenebaj.com\/wp-content\/uploads\/2024\/09\/458225031_915512460606215_1745525924981713642_n-768x768.jpg",640,640,true],"large":["https:\/\/municipalidaddenebaj.com\/wp-content\/uploads\/2024\/09\/458225031_915512460606215_1745525924981713642_n-510x510.jpg",510,510,true],"ezd_searrch_thumb16x16":["https:\/\/municipalidaddenebaj.com\/wp-content\/uploads\/2024\/09\/458225031_915512460606215_1745525924981713642_n.jpg",16,16,false],"ezd_searrch_thumb50x50":["https:\/\/municipalidaddenebaj.com\/wp-content\/uploads\/2024\/09\/458225031_915512460606215_1745525924981713642_n.jpg",50,50,false],"1536x1536":["https:\/\/municipalidaddenebaj.com\/wp-content\/uploads\/2024\/09\/458225031_915512460606215_1745525924981713642_n.jpg",1080,1080,false],"2048x2048":["https:\/\/municipalidaddenebaj.com\/wp-content\/uploads\/2024\/09\/458225031_915512460606215_1745525924981713642_n.jpg",1080,1080,false],"covernews-featured":["https:\/\/municipalidaddenebaj.com\/wp-content\/uploads\/2024\/09\/458225031_915512460606215_1745525924981713642_n.jpg",1024,1024,false],"covernews-medium":["https:\/\/municipalidaddenebaj.com\/wp-content\/uploads\/2024\/09\/458225031_915512460606215_1745525924981713642_n.jpg",340,340,false],"woocommerce_thumbnail":["https:\/\/municipalidaddenebaj.com\/wp-content\/uploads\/2024\/09\/458225031_915512460606215_1745525924981713642_n-300x300.jpg",300,300,true],"woocommerce_single":["https:\/\/municipalidaddenebaj.com\/wp-content\/uploads\/2024\/09\/458225031_915512460606215_1745525924981713642_n-600x600.jpg",600,600,true],"woocommerce_gallery_thumbnail":["https:\/\/municipalidaddenebaj.com\/wp-content\/uploads\/2024\/09\/458225031_915512460606215_1745525924981713642_n-100x100.jpg",100,100,true]},"author_info":{"display_name":"Editor","author_link":"https:\/\/municipalidaddenebaj.com\/?author=4"},"category_info":"<a href=\"https:\/\/municipalidaddenebaj.com\/?cat=1\" rel=\"category\">Uncategorized<\/a>","tag_info":"Uncategorized","comment_count":"0","_links":{"self":[{"href":"https:\/\/municipalidaddenebaj.com\/index.php?rest_route=\/wp\/v2\/posts\/36127","targetHints":{"allow":["GET"]}}],"collection":[{"href":"https:\/\/municipalidaddenebaj.com\/index.php?rest_route=\/wp\/v2\/posts"}],"about":[{"href":"https:\/\/municipalidaddenebaj.com\/index.php?rest_route=\/wp\/v2\/types\/post"}],"author":[{"embeddable":true,"href":"https:\/\/municipalidaddenebaj.com\/index.php?rest_route=\/wp\/v2\/users\/4"}],"replies":[{"embeddable":true,"href":"https:\/\/municipalidaddenebaj.com\/index.php?rest_route=%2Fwp%2Fv2%2Fcomments&post=36127"}],"version-history":[{"count":0,"href":"https:\/\/municipalidaddenebaj.com\/index.php?rest_route=\/wp\/v2\/posts\/36127\/revisions"}],"wp:featuredmedia":[{"embeddable":true,"href":"https:\/\/municipalidaddenebaj.com\/index.php?rest_route=\/wp\/v2\/media\/36132"}],"wp:attachment":[{"href":"https:\/\/municipalidaddenebaj.com\/index.php?rest_route=%2Fwp%2Fv2%2Fmedia&parent=36127"}],"wp:term":[{"taxonomy":"category","embeddable":true,"href":"https:\/\/municipalidaddenebaj.com\/index.php?rest_route=%2Fwp%2Fv2%2Fcategories&post=36127"},{"taxonomy":"post_tag","embeddable":true,"href":"https:\/\/municipalidaddenebaj.com\/index.php?rest_route=%2Fwp%2Fv2%2Ftags&post=36127"}],"curies":[{"name":"wp","href":"https:\/\/api.w.org\/{rel}","templated":true}]}}