{"id":36553,"date":"2024-09-20T17:19:17","date_gmt":"2024-09-20T17:19:17","guid":{"rendered":"https:\/\/municipalidaddenebaj.com\/?p=36553"},"modified":"2024-09-20T17:20:07","modified_gmt":"2024-09-20T17:20:07","slug":"sesion-extraordinaria-comude","status":"publish","type":"post","link":"https:\/\/municipalidaddenebaj.com\/?p=36553","title":{"rendered":"SESI\u00d3N EXTRAORDINARIA COMUDE"},"content":{"rendered":"\n<h3 class=\"wp-block-heading\">Se realiza sesi\u00f3n extraordinaria del Consejo Municipal de Desarrollo &#8211; COMUDE, presidida por el Sr. Alcalde <a href=\"https:\/\/www.facebook.com\/profile.php?id=100065359905403&amp;__cft__[0]=AZXfbtnObex9_Rp48HVvqyZnpOQWc_fsj0GRPlIZl8d7iExKzxmQ2zfUvuNklzh1-w5yiBI27Jb1XWFTO7AnQrbmlcMgT6BNoFAqQERTaIwPvXiCiBrPmvEkc-BPAgLS5T9oFjS6GMWj00FYB_cI13u7j4v5E-sq21diCObjMKDL0gsodOEj_5YdiwVuXWRcfDY&amp;__tn__=-]K-R\">Ram\u00f3n Raymundo<\/a> e integrada por miembros del Honorable Concejo, Organizaciones Gubernamentale, No Gubernamentales, COCODES, abordaron la siguientes agenda <img  title=\"\" decoding=\"async\" height=\"16\" width=\"16\"  alt=\"270d_1f3fb SESI\u00d3N EXTRAORDINARIA COMUDE\"  src=\"https:\/\/static.xx.fbcdn.net\/images\/emoji.php\/v9\/tdd\/1\/16\/270d_1f3fb.png\"><\/h3>\n\n\n\n<h3 class=\"wp-block-heading\">\u2022 Priorizaci\u00f3n y Aprobaci\u00f3n de proyectos con ampliaci\u00f3n presupuestaria, fondos ordinarios para el ejercicio fiscal 2024, seg\u00fan Decreto 17-2024.<\/h3>\n\n\n\n<h3 class=\"wp-block-heading\">\u2022 <a><\/a>Priorizaci\u00f3n y Aprobaci\u00f3n de proyectos con fondos extraordinarios para el ejercicio fiscal 2024, seg\u00fan Decreto 17-2024.<\/h3>\n\n\n\n<h3 class=\"wp-block-heading\"><a href=\"https:\/\/www.facebook.com\/hashtag\/construyendofuturo?__eep__=6&amp;__cft__[0]=AZXfbtnObex9_Rp48HVvqyZnpOQWc_fsj0GRPlIZl8d7iExKzxmQ2zfUvuNklzh1-w5yiBI27Jb1XWFTO7AnQrbmlcMgT6BNoFAqQERTaIwPvXiCiBrPmvEkc-BPAgLS5T9oFjS6GMWj00FYB_cI13u7j4v5E-sq21diCObjMKDL0gsodOEj_5YdiwVuXWRcfDY&amp;__tn__=*NK-R\">#ConstruyendoFuturo<\/a><\/h3>\n\n\n\n<iframe src=\"https:\/\/www.facebook.com\/plugins\/post.php?href=https%3A%2F%2Fwww.facebook.com%2Fpermalink.php%3Fstory_fbid%3Dpfbid0ZaywgqEiBpp9aDu6JngwbzKswHCXNjrCSu4dLhVnYqNsg5Mem3my3zYxKvtL2sL2l%26id%3D100064424092491&#038;show_text=true&#038;width=800\" width=\"800\" height=\"1020\" style=\"border:none;overflow:hidden\" scrolling=\"no\" frameborder=\"0\" allowfullscreen=\"true\" allow=\"autoplay; clipboard-write; encrypted-media; picture-in-picture; web-share\"><\/iframe>\n\n\n\n<figure class=\"wp-block-image size-full is-resized\"><img  title=\"\" decoding=\"async\" src=\"https:\/\/municipalidaddenebaj.com\/wp-content\/uploads\/2024\/09\/image-14.png\"  alt=\"image-14 SESI\u00d3N EXTRAORDINARIA COMUDE\"  class=\"wp-image-36554\" style=\"width:1450px;height:auto\"\/><\/figure>\n\n\n\n<p><\/p>\n","protected":false},"excerpt":{"rendered":"<p>Se realiza sesi\u00f3n extraordinaria del Consejo Municipal de Desarrollo &#8211; COMUDE, presidida por el Sr&#8230;.<\/p>\n","protected":false},"author":4,"featured_media":36556,"comment_status":"open","ping_status":"open","sticky":false,"template":"","format":"standard","meta":{"_eb_attr":"","_monsterinsights_skip_tracking":false,"_monsterinsights_sitenote_active":false,"_monsterinsights_sitenote_note":"","_monsterinsights_sitenote_category":0,"footnotes":""},"categories":[1],"tags":[],"class_list":["post-36553","post","type-post","status-publish","format-standard","has-post-thumbnail","hentry","category-uncategorized"],"featured_image_urls":{"full":["https:\/\/municipalidaddenebaj.com\/wp-content\/uploads\/2024\/09\/460845606_926467872844007_4747659279101945612_n.jpg",1080,720,false],"thumbnail":["https:\/\/municipalidaddenebaj.com\/wp-content\/uploads\/2024\/09\/460845606_926467872844007_4747659279101945612_n-400x400.jpg",400,400,true],"medium":["https:\/\/municipalidaddenebaj.com\/wp-content\/uploads\/2024\/09\/460845606_926467872844007_4747659279101945612_n-594x396.jpg",594,396,true],"medium_large":["https:\/\/municipalidaddenebaj.com\/wp-content\/uploads\/2024\/09\/460845606_926467872844007_4747659279101945612_n-768x512.jpg",640,427,true],"large":["https:\/\/municipalidaddenebaj.com\/wp-content\/uploads\/2024\/09\/460845606_926467872844007_4747659279101945612_n-510x340.jpg",510,340,true],"ezd_searrch_thumb16x16":["https:\/\/municipalidaddenebaj.com\/wp-content\/uploads\/2024\/09\/460845606_926467872844007_4747659279101945612_n.jpg",16,11,false],"ezd_searrch_thumb50x50":["https:\/\/municipalidaddenebaj.com\/wp-content\/uploads\/2024\/09\/460845606_926467872844007_4747659279101945612_n.jpg",50,33,false],"1536x1536":["https:\/\/municipalidaddenebaj.com\/wp-content\/uploads\/2024\/09\/460845606_926467872844007_4747659279101945612_n.jpg",1080,720,false],"2048x2048":["https:\/\/municipalidaddenebaj.com\/wp-content\/uploads\/2024\/09\/460845606_926467872844007_4747659279101945612_n.jpg",1080,720,false],"covernews-featured":["https:\/\/municipalidaddenebaj.com\/wp-content\/uploads\/2024\/09\/460845606_926467872844007_4747659279101945612_n.jpg",1024,683,false],"covernews-medium":["https:\/\/municipalidaddenebaj.com\/wp-content\/uploads\/2024\/09\/460845606_926467872844007_4747659279101945612_n.jpg",510,340,false],"woocommerce_thumbnail":["https:\/\/municipalidaddenebaj.com\/wp-content\/uploads\/2024\/09\/460845606_926467872844007_4747659279101945612_n-300x300.jpg",300,300,true],"woocommerce_single":["https:\/\/municipalidaddenebaj.com\/wp-content\/uploads\/2024\/09\/460845606_926467872844007_4747659279101945612_n-600x400.jpg",600,400,true],"woocommerce_gallery_thumbnail":["https:\/\/municipalidaddenebaj.com\/wp-content\/uploads\/2024\/09\/460845606_926467872844007_4747659279101945612_n-100x100.jpg",100,100,true]},"author_info":{"display_name":"Editor","author_link":"https:\/\/municipalidaddenebaj.com\/?author=4"},"category_info":"<a href=\"https:\/\/municipalidaddenebaj.com\/?cat=1\" rel=\"category\">Uncategorized<\/a>","tag_info":"Uncategorized","comment_count":"0","_links":{"self":[{"href":"https:\/\/municipalidaddenebaj.com\/index.php?rest_route=\/wp\/v2\/posts\/36553","targetHints":{"allow":["GET"]}}],"collection":[{"href":"https:\/\/municipalidaddenebaj.com\/index.php?rest_route=\/wp\/v2\/posts"}],"about":[{"href":"https:\/\/municipalidaddenebaj.com\/index.php?rest_route=\/wp\/v2\/types\/post"}],"author":[{"embeddable":true,"href":"https:\/\/municipalidaddenebaj.com\/index.php?rest_route=\/wp\/v2\/users\/4"}],"replies":[{"embeddable":true,"href":"https:\/\/municipalidaddenebaj.com\/index.php?rest_route=%2Fwp%2Fv2%2Fcomments&post=36553"}],"version-history":[{"count":0,"href":"https:\/\/municipalidaddenebaj.com\/index.php?rest_route=\/wp\/v2\/posts\/36553\/revisions"}],"wp:featuredmedia":[{"embeddable":true,"href":"https:\/\/municipalidaddenebaj.com\/index.php?rest_route=\/wp\/v2\/media\/36556"}],"wp:attachment":[{"href":"https:\/\/municipalidaddenebaj.com\/index.php?rest_route=%2Fwp%2Fv2%2Fmedia&parent=36553"}],"wp:term":[{"taxonomy":"category","embeddable":true,"href":"https:\/\/municipalidaddenebaj.com\/index.php?rest_route=%2Fwp%2Fv2%2Fcategories&post=36553"},{"taxonomy":"post_tag","embeddable":true,"href":"https:\/\/municipalidaddenebaj.com\/index.php?rest_route=%2Fwp%2Fv2%2Ftags&post=36553"}],"curies":[{"name":"wp","href":"https:\/\/api.w.org\/{rel}","templated":true}]}}