{"id":36567,"date":"2024-09-23T22:24:40","date_gmt":"2024-09-23T22:24:40","guid":{"rendered":"https:\/\/municipalidaddenebaj.com\/?p=36567"},"modified":"2024-09-23T22:48:47","modified_gmt":"2024-09-23T22:48:47","slug":"36567","status":"publish","type":"post","link":"https:\/\/municipalidaddenebaj.com\/?p=36567","title":{"rendered":"ENTREGA DE DIPLOMAS"},"content":{"rendered":"\n<h2 class=\"wp-block-heading\">La Direcci\u00f3n Municipal de Asuntos Sociales y Econ\u00f3micos -DIMASEC- en coordinaci\u00f3n con OIM realiz\u00f3 entrega de Diplomas certificados por INTECAP por finalizaci\u00f3n de talleres de Corte de Cabello y Arreglos Florales a mujeres emprendedoras.<\/h2>\n\n\n\n<h2 class=\"wp-block-heading\">Talleres que buscan impulsar el conocimiento y el emprendimiento en mujeres de nuestro municipio.<\/h2>\n\n\n\n<h2 class=\"wp-block-heading\"><a href=\"https:\/\/www.facebook.com\/hashtag\/pornebaj?__eep__=6&amp;__cft__[0]=AZVOpGT6EbPFEUpic11Oakv_ZQWVyInBQddgA55ZecTHOZdP-kvZJB4xhhup5pb5wob-q-gv52mqk1hQS_UJE7WmJDGaaSRKwVERmumcidxglylxSTeiYFsVKJs-9A7TiEUHjuy1gYHYR2Bpj-Zr3IhahAGoXhdhH5CPU1EHG9U3fyaivqzBTLEV6u9hTfv2QqI&amp;__tn__=*NK-R\">#PorNebaj<\/a><\/h2>\n\n\n\n<iframe src=\"https:\/\/www.facebook.com\/plugins\/post.php?href=https%3A%2F%2Fwww.facebook.com%2Fpermalink.php%3Fstory_fbid%3Dpfbid0RvHG5k9w4soXaDcMGj5SfZStpDACLSzGkL65KimsHjdTp8qMvWjEFdDkGdphP29ol%26id%3D100064424092491&#038;show_text=true&#038;width=900\" width=\"900\" height=\"993\" style=\"border:none;overflow:hidden\" scrolling=\"no\" frameborder=\"0\" allowfullscreen=\"true\" allow=\"autoplay; clipboard-write; encrypted-media; picture-in-picture; web-share\"><\/iframe>\n\n\n\n<figure class=\"wp-block-image size-full is-resized\"><img  title=\"\" decoding=\"async\" src=\"https:\/\/municipalidaddenebaj.com\/wp-content\/uploads\/2024\/09\/image-15.png\"  alt=\"image-15 ENTREGA DE DIPLOMAS\"  class=\"wp-image-36568\" style=\"width:1450px;height:auto\"\/><\/figure>\n","protected":false},"excerpt":{"rendered":"<p>La Direcci\u00f3n Municipal de Asuntos Sociales y Econ\u00f3micos -DIMASEC- en coordinaci\u00f3n con OIM realiz\u00f3 entrega&#8230;<\/p>\n","protected":false},"author":4,"featured_media":36569,"comment_status":"open","ping_status":"open","sticky":false,"template":"","format":"standard","meta":{"_eb_attr":"","_monsterinsights_skip_tracking":false,"_monsterinsights_sitenote_active":false,"_monsterinsights_sitenote_note":"","_monsterinsights_sitenote_category":0,"footnotes":""},"categories":[1],"tags":[],"class_list":["post-36567","post","type-post","status-publish","format-standard","has-post-thumbnail","hentry","category-uncategorized"],"featured_image_urls":{"full":["https:\/\/municipalidaddenebaj.com\/wp-content\/uploads\/2024\/09\/460894761_929022069255254_2609921697357928035_n.jpg",1080,720,false],"thumbnail":["https:\/\/municipalidaddenebaj.com\/wp-content\/uploads\/2024\/09\/460894761_929022069255254_2609921697357928035_n-400x400.jpg",400,400,true],"medium":["https:\/\/municipalidaddenebaj.com\/wp-content\/uploads\/2024\/09\/460894761_929022069255254_2609921697357928035_n-594x396.jpg",594,396,true],"medium_large":["https:\/\/municipalidaddenebaj.com\/wp-content\/uploads\/2024\/09\/460894761_929022069255254_2609921697357928035_n-768x512.jpg",640,427,true],"large":["https:\/\/municipalidaddenebaj.com\/wp-content\/uploads\/2024\/09\/460894761_929022069255254_2609921697357928035_n-510x340.jpg",510,340,true],"ezd_searrch_thumb16x16":["https:\/\/municipalidaddenebaj.com\/wp-content\/uploads\/2024\/09\/460894761_929022069255254_2609921697357928035_n.jpg",16,11,false],"ezd_searrch_thumb50x50":["https:\/\/municipalidaddenebaj.com\/wp-content\/uploads\/2024\/09\/460894761_929022069255254_2609921697357928035_n.jpg",50,33,false],"1536x1536":["https:\/\/municipalidaddenebaj.com\/wp-content\/uploads\/2024\/09\/460894761_929022069255254_2609921697357928035_n.jpg",1080,720,false],"2048x2048":["https:\/\/municipalidaddenebaj.com\/wp-content\/uploads\/2024\/09\/460894761_929022069255254_2609921697357928035_n.jpg",1080,720,false],"covernews-featured":["https:\/\/municipalidaddenebaj.com\/wp-content\/uploads\/2024\/09\/460894761_929022069255254_2609921697357928035_n.jpg",1024,683,false],"covernews-medium":["https:\/\/municipalidaddenebaj.com\/wp-content\/uploads\/2024\/09\/460894761_929022069255254_2609921697357928035_n.jpg",510,340,false],"woocommerce_thumbnail":["https:\/\/municipalidaddenebaj.com\/wp-content\/uploads\/2024\/09\/460894761_929022069255254_2609921697357928035_n-300x300.jpg",300,300,true],"woocommerce_single":["https:\/\/municipalidaddenebaj.com\/wp-content\/uploads\/2024\/09\/460894761_929022069255254_2609921697357928035_n-600x400.jpg",600,400,true],"woocommerce_gallery_thumbnail":["https:\/\/municipalidaddenebaj.com\/wp-content\/uploads\/2024\/09\/460894761_929022069255254_2609921697357928035_n-100x100.jpg",100,100,true]},"author_info":{"display_name":"Editor","author_link":"https:\/\/municipalidaddenebaj.com\/?author=4"},"category_info":"<a href=\"https:\/\/municipalidaddenebaj.com\/?cat=1\" rel=\"category\">Uncategorized<\/a>","tag_info":"Uncategorized","comment_count":"0","_links":{"self":[{"href":"https:\/\/municipalidaddenebaj.com\/index.php?rest_route=\/wp\/v2\/posts\/36567","targetHints":{"allow":["GET"]}}],"collection":[{"href":"https:\/\/municipalidaddenebaj.com\/index.php?rest_route=\/wp\/v2\/posts"}],"about":[{"href":"https:\/\/municipalidaddenebaj.com\/index.php?rest_route=\/wp\/v2\/types\/post"}],"author":[{"embeddable":true,"href":"https:\/\/municipalidaddenebaj.com\/index.php?rest_route=\/wp\/v2\/users\/4"}],"replies":[{"embeddable":true,"href":"https:\/\/municipalidaddenebaj.com\/index.php?rest_route=%2Fwp%2Fv2%2Fcomments&post=36567"}],"version-history":[{"count":0,"href":"https:\/\/municipalidaddenebaj.com\/index.php?rest_route=\/wp\/v2\/posts\/36567\/revisions"}],"wp:featuredmedia":[{"embeddable":true,"href":"https:\/\/municipalidaddenebaj.com\/index.php?rest_route=\/wp\/v2\/media\/36569"}],"wp:attachment":[{"href":"https:\/\/municipalidaddenebaj.com\/index.php?rest_route=%2Fwp%2Fv2%2Fmedia&parent=36567"}],"wp:term":[{"taxonomy":"category","embeddable":true,"href":"https:\/\/municipalidaddenebaj.com\/index.php?rest_route=%2Fwp%2Fv2%2Fcategories&post=36567"},{"taxonomy":"post_tag","embeddable":true,"href":"https:\/\/municipalidaddenebaj.com\/index.php?rest_route=%2Fwp%2Fv2%2Ftags&post=36567"}],"curies":[{"name":"wp","href":"https:\/\/api.w.org\/{rel}","templated":true}]}}