{"id":37360,"date":"2024-10-16T17:58:01","date_gmt":"2024-10-16T17:58:01","guid":{"rendered":"https:\/\/municipalidaddenebaj.com\/?p=37360"},"modified":"2024-10-16T17:58:38","modified_gmt":"2024-10-16T17:58:38","slug":"37360","status":"publish","type":"post","link":"https:\/\/municipalidaddenebaj.com\/?p=37360","title":{"rendered":""},"content":{"rendered":"\n<h2 class=\"wp-block-heading\">La Municipalidad de Nebaj a trav\u00e9s de la Direcci\u00f3n Municipal de la Ni\u00f1ez, Adolescencia y Juventud -DIMUNAJ-, realizaron la celebraci\u00f3n del d\u00eda del ni\u00f1o en las comunidades de Chavuk y Xoloch\u00e9, se cont\u00f3 con la presencia de la Concejal IV Mar\u00eda Per\u00e9z y la Concejal Suplente.<\/h2>\n\n\n\n<h2 class=\"wp-block-heading\">Actividades que buscan motivar a los ni\u00f1os de nuestro municipio para que nunca dejen de so\u00f1ar y de re\u00edr.<\/h2>\n\n\n\n<h2 class=\"wp-block-heading\"><a href=\"https:\/\/www.facebook.com\/hashtag\/construyendofuturo?__eep__=6&amp;__cft__[0]=AZXM-_MN9U21FXqHkwJ-TU3_ETpR1zKZXAYtQWQdVSRMfRmTOcjrVlhoZYqVD5QVkpj4Oj_5LFp0HZecacsY2UYxsN6JYaan7vsAjVmx2HA3aV-G8pTjdggtEaQIZdZLqEoQnQJJZVppPSGy02bESb6YXdfmUpzlA27yEDS6YP3ndp6INfbhH1Qm8INH6ULmxHY&amp;__tn__=*NK-R\">#ConstruyendoFuturo<\/a><\/h2>\n\n\n\n<iframe src=\"https:\/\/www.facebook.com\/plugins\/post.php?href=https%3A%2F%2Fwww.facebook.com%2Fpermalink.php%3Fstory_fbid%3Dpfbid0XkqyqPt4QFN7jdN3K2poJt2ezupDqbZVon2EcVNeozh3WY2bQj1ceGEraJ9hi9oWl%26id%3D100064424092491&#038;show_text=true&#038;width=900\" width=\"900\" height=\"973\" style=\"border:none;overflow:hidden\" scrolling=\"no\" frameborder=\"0\" allowfullscreen=\"true\" allow=\"autoplay; clipboard-write; encrypted-media; picture-in-picture; web-share\"><\/iframe>\n\n\n\n<figure class=\"wp-block-image size-full is-resized\"><img  title=\"\" decoding=\"async\" src=\"https:\/\/municipalidaddenebaj.com\/wp-content\/uploads\/2024\/10\/image-8.png\"  alt=\"image-8 \"  class=\"wp-image-37361\" style=\"width:1450px;height:auto\"\/><\/figure>\n\n\n\n<p><\/p>\n","protected":false},"excerpt":{"rendered":"<p>La Municipalidad de Nebaj a trav\u00e9s de la Direcci\u00f3n Municipal de la Ni\u00f1ez, Adolescencia y&#8230;<\/p>\n","protected":false},"author":4,"featured_media":37363,"comment_status":"open","ping_status":"open","sticky":false,"template":"","format":"standard","meta":{"_eb_attr":"","_monsterinsights_skip_tracking":false,"_monsterinsights_sitenote_active":false,"_monsterinsights_sitenote_note":"","_monsterinsights_sitenote_category":0,"footnotes":""},"categories":[1],"tags":[],"class_list":["post-37360","post","type-post","status-publish","format-standard","has-post-thumbnail","hentry","category-uncategorized"],"featured_image_urls":{"full":["https:\/\/municipalidaddenebaj.com\/wp-content\/uploads\/2024\/10\/463406159_946320880858706_2143579174724168954_n.jpg",1080,715,false],"thumbnail":["https:\/\/municipalidaddenebaj.com\/wp-content\/uploads\/2024\/10\/463406159_946320880858706_2143579174724168954_n-400x400.jpg",400,400,true],"medium":["https:\/\/municipalidaddenebaj.com\/wp-content\/uploads\/2024\/10\/463406159_946320880858706_2143579174724168954_n-594x393.jpg",594,393,true],"medium_large":["https:\/\/municipalidaddenebaj.com\/wp-content\/uploads\/2024\/10\/463406159_946320880858706_2143579174724168954_n-768x508.jpg",640,423,true],"large":["https:\/\/municipalidaddenebaj.com\/wp-content\/uploads\/2024\/10\/463406159_946320880858706_2143579174724168954_n-510x338.jpg",510,338,true],"ezd_searrch_thumb16x16":["https:\/\/municipalidaddenebaj.com\/wp-content\/uploads\/2024\/10\/463406159_946320880858706_2143579174724168954_n.jpg",16,11,false],"ezd_searrch_thumb50x50":["https:\/\/municipalidaddenebaj.com\/wp-content\/uploads\/2024\/10\/463406159_946320880858706_2143579174724168954_n.jpg",50,33,false],"1536x1536":["https:\/\/municipalidaddenebaj.com\/wp-content\/uploads\/2024\/10\/463406159_946320880858706_2143579174724168954_n.jpg",1080,715,false],"2048x2048":["https:\/\/municipalidaddenebaj.com\/wp-content\/uploads\/2024\/10\/463406159_946320880858706_2143579174724168954_n.jpg",1080,715,false],"covernews-featured":["https:\/\/municipalidaddenebaj.com\/wp-content\/uploads\/2024\/10\/463406159_946320880858706_2143579174724168954_n-1024x678.jpg",1024,678,true],"covernews-medium":["https:\/\/municipalidaddenebaj.com\/wp-content\/uploads\/2024\/10\/463406159_946320880858706_2143579174724168954_n-540x340.jpg",540,340,true],"woocommerce_thumbnail":["https:\/\/municipalidaddenebaj.com\/wp-content\/uploads\/2024\/10\/463406159_946320880858706_2143579174724168954_n-300x300.jpg",300,300,true],"woocommerce_single":["https:\/\/municipalidaddenebaj.com\/wp-content\/uploads\/2024\/10\/463406159_946320880858706_2143579174724168954_n-600x397.jpg",600,397,true],"woocommerce_gallery_thumbnail":["https:\/\/municipalidaddenebaj.com\/wp-content\/uploads\/2024\/10\/463406159_946320880858706_2143579174724168954_n-100x100.jpg",100,100,true]},"author_info":{"display_name":"Editor","author_link":"https:\/\/municipalidaddenebaj.com\/?author=4"},"category_info":"<a href=\"https:\/\/municipalidaddenebaj.com\/?cat=1\" rel=\"category\">Uncategorized<\/a>","tag_info":"Uncategorized","comment_count":"0","_links":{"self":[{"href":"https:\/\/municipalidaddenebaj.com\/index.php?rest_route=\/wp\/v2\/posts\/37360","targetHints":{"allow":["GET"]}}],"collection":[{"href":"https:\/\/municipalidaddenebaj.com\/index.php?rest_route=\/wp\/v2\/posts"}],"about":[{"href":"https:\/\/municipalidaddenebaj.com\/index.php?rest_route=\/wp\/v2\/types\/post"}],"author":[{"embeddable":true,"href":"https:\/\/municipalidaddenebaj.com\/index.php?rest_route=\/wp\/v2\/users\/4"}],"replies":[{"embeddable":true,"href":"https:\/\/municipalidaddenebaj.com\/index.php?rest_route=%2Fwp%2Fv2%2Fcomments&post=37360"}],"version-history":[{"count":0,"href":"https:\/\/municipalidaddenebaj.com\/index.php?rest_route=\/wp\/v2\/posts\/37360\/revisions"}],"wp:featuredmedia":[{"embeddable":true,"href":"https:\/\/municipalidaddenebaj.com\/index.php?rest_route=\/wp\/v2\/media\/37363"}],"wp:attachment":[{"href":"https:\/\/municipalidaddenebaj.com\/index.php?rest_route=%2Fwp%2Fv2%2Fmedia&parent=37360"}],"wp:term":[{"taxonomy":"category","embeddable":true,"href":"https:\/\/municipalidaddenebaj.com\/index.php?rest_route=%2Fwp%2Fv2%2Fcategories&post=37360"},{"taxonomy":"post_tag","embeddable":true,"href":"https:\/\/municipalidaddenebaj.com\/index.php?rest_route=%2Fwp%2Fv2%2Ftags&post=37360"}],"curies":[{"name":"wp","href":"https:\/\/api.w.org\/{rel}","templated":true}]}}