{"id":37681,"date":"2024-10-17T22:52:11","date_gmt":"2024-10-17T22:52:11","guid":{"rendered":"https:\/\/municipalidaddenebaj.com\/?p=37681"},"modified":"2024-10-17T22:53:15","modified_gmt":"2024-10-17T22:53:15","slug":"inauguracion-del-proyecto-de-construccion-de-agua-potable","status":"publish","type":"post","link":"https:\/\/municipalidaddenebaj.com\/?p=37681","title":{"rendered":"INAUGURACI\u00d3N  DEL PROYECTO  DE CONSTRUCCI\u00d3N DE AGUA POTABLE."},"content":{"rendered":"\n<h2 class=\"wp-block-heading\">El Sr. Alcalde <a href=\"https:\/\/www.facebook.com\/profile.php?id=100065359905403&amp;__cft__[0]=AZVYSzPO5wQtMhvbfeRWRyuaXV9DEqpxITwpq_IFMEQjhU3LSpE_v-7rzJYmTkKcFQzArY3uuzphyC4IQkNB8d4dHFCl0svdjAJQ2z4gts-qmYeOQxuDfCpRhgc7o-6gee0pSvNOoB0a3Oazg89_P_zZGke6_gqDaeHeINcaiThkhwk1yiP4xGSV9Vz3NkveHOM&amp;__tn__=-]K-R\">Ram\u00f3n Raymundo<\/a> y Honorable Concejo realizaron la Inauguraci\u00f3n del Proyecto de Construcci\u00f3n de Tanque de Agua Potable en la comunidad de Visibacvitz<\/h2>\n\n\n\n<h2 class=\"wp-block-heading\">Proyecto que busca mejorar las condiciones de vida de los vecinos de tal comunidad por medio de tan necesario servicio como lo es el vital l\u00edquido.<\/h2>\n\n\n\n<h2 class=\"wp-block-heading\"><a href=\"https:\/\/www.facebook.com\/hashtag\/construyendofuturo?__eep__=6&amp;__cft__[0]=AZVYSzPO5wQtMhvbfeRWRyuaXV9DEqpxITwpq_IFMEQjhU3LSpE_v-7rzJYmTkKcFQzArY3uuzphyC4IQkNB8d4dHFCl0svdjAJQ2z4gts-qmYeOQxuDfCpRhgc7o-6gee0pSvNOoB0a3Oazg89_P_zZGke6_gqDaeHeINcaiThkhwk1yiP4xGSV9Vz3NkveHOM&amp;__tn__=*NK-R\">#ConstruyendoFuturo<\/a><\/h2>\n\n\n\n<iframe src=\"https:\/\/www.facebook.com\/plugins\/post.php?href=https%3A%2F%2Fwww.facebook.com%2Fpermalink.php%3Fstory_fbid%3Dpfbid0XbEd22k6P9QGKgjECzG9WqUsLYNyeNbCQP67g9i4mBM8knT5PCK8DCyoRfLERZjkl%26id%3D100064424092491&#038;show_text=true&#038;width=2000\" width=\"2000\" height=\"994\" style=\"border:none;overflow:hidden\" scrolling=\"no\" frameborder=\"0\" allowfullscreen=\"true\" allow=\"autoplay; clipboard-write; encrypted-media; picture-in-picture; web-share\"><\/iframe>\n\n\n\n<figure class=\"wp-block-image size-full is-resized\"><img  title=\"\" decoding=\"async\" src=\"https:\/\/municipalidaddenebaj.com\/wp-content\/uploads\/2024\/10\/image-11.png\"  alt=\"image-11 INAUGURACI\u00d3N  DEL PROYECTO  DE CONSTRUCCI\u00d3N DE AGUA POTABLE.\"  class=\"wp-image-37682\" style=\"width:1450px;height:auto\"\/><\/figure>\n","protected":false},"excerpt":{"rendered":"<p>El Sr. Alcalde Ram\u00f3n Raymundo y Honorable Concejo realizaron la Inauguraci\u00f3n del Proyecto de Construcci\u00f3n&#8230;<\/p>\n","protected":false},"author":4,"featured_media":37683,"comment_status":"open","ping_status":"open","sticky":false,"template":"","format":"standard","meta":{"_eb_attr":"","_monsterinsights_skip_tracking":false,"_monsterinsights_sitenote_active":false,"_monsterinsights_sitenote_note":"","_monsterinsights_sitenote_category":0,"footnotes":""},"categories":[1],"tags":[],"class_list":["post-37681","post","type-post","status-publish","format-standard","has-post-thumbnail","hentry","category-uncategorized"],"featured_image_urls":{"full":["https:\/\/municipalidaddenebaj.com\/wp-content\/uploads\/2024\/10\/463668849_947322510758543_4849693777376617263_n.jpg",1080,720,false],"thumbnail":["https:\/\/municipalidaddenebaj.com\/wp-content\/uploads\/2024\/10\/463668849_947322510758543_4849693777376617263_n-400x400.jpg",400,400,true],"medium":["https:\/\/municipalidaddenebaj.com\/wp-content\/uploads\/2024\/10\/463668849_947322510758543_4849693777376617263_n-594x396.jpg",594,396,true],"medium_large":["https:\/\/municipalidaddenebaj.com\/wp-content\/uploads\/2024\/10\/463668849_947322510758543_4849693777376617263_n-768x512.jpg",640,427,true],"large":["https:\/\/municipalidaddenebaj.com\/wp-content\/uploads\/2024\/10\/463668849_947322510758543_4849693777376617263_n-510x340.jpg",510,340,true],"ezd_searrch_thumb16x16":["https:\/\/municipalidaddenebaj.com\/wp-content\/uploads\/2024\/10\/463668849_947322510758543_4849693777376617263_n.jpg",16,11,false],"ezd_searrch_thumb50x50":["https:\/\/municipalidaddenebaj.com\/wp-content\/uploads\/2024\/10\/463668849_947322510758543_4849693777376617263_n.jpg",50,33,false],"1536x1536":["https:\/\/municipalidaddenebaj.com\/wp-content\/uploads\/2024\/10\/463668849_947322510758543_4849693777376617263_n.jpg",1080,720,false],"2048x2048":["https:\/\/municipalidaddenebaj.com\/wp-content\/uploads\/2024\/10\/463668849_947322510758543_4849693777376617263_n.jpg",1080,720,false],"covernews-featured":["https:\/\/municipalidaddenebaj.com\/wp-content\/uploads\/2024\/10\/463668849_947322510758543_4849693777376617263_n-1024x683.jpg",1024,683,true],"covernews-medium":["https:\/\/municipalidaddenebaj.com\/wp-content\/uploads\/2024\/10\/463668849_947322510758543_4849693777376617263_n-540x340.jpg",540,340,true],"woocommerce_thumbnail":["https:\/\/municipalidaddenebaj.com\/wp-content\/uploads\/2024\/10\/463668849_947322510758543_4849693777376617263_n-300x300.jpg",300,300,true],"woocommerce_single":["https:\/\/municipalidaddenebaj.com\/wp-content\/uploads\/2024\/10\/463668849_947322510758543_4849693777376617263_n-600x400.jpg",600,400,true],"woocommerce_gallery_thumbnail":["https:\/\/municipalidaddenebaj.com\/wp-content\/uploads\/2024\/10\/463668849_947322510758543_4849693777376617263_n-100x100.jpg",100,100,true]},"author_info":{"display_name":"Editor","author_link":"https:\/\/municipalidaddenebaj.com\/?author=4"},"category_info":"<a href=\"https:\/\/municipalidaddenebaj.com\/?cat=1\" rel=\"category\">Uncategorized<\/a>","tag_info":"Uncategorized","comment_count":"0","_links":{"self":[{"href":"https:\/\/municipalidaddenebaj.com\/index.php?rest_route=\/wp\/v2\/posts\/37681","targetHints":{"allow":["GET"]}}],"collection":[{"href":"https:\/\/municipalidaddenebaj.com\/index.php?rest_route=\/wp\/v2\/posts"}],"about":[{"href":"https:\/\/municipalidaddenebaj.com\/index.php?rest_route=\/wp\/v2\/types\/post"}],"author":[{"embeddable":true,"href":"https:\/\/municipalidaddenebaj.com\/index.php?rest_route=\/wp\/v2\/users\/4"}],"replies":[{"embeddable":true,"href":"https:\/\/municipalidaddenebaj.com\/index.php?rest_route=%2Fwp%2Fv2%2Fcomments&post=37681"}],"version-history":[{"count":0,"href":"https:\/\/municipalidaddenebaj.com\/index.php?rest_route=\/wp\/v2\/posts\/37681\/revisions"}],"wp:featuredmedia":[{"embeddable":true,"href":"https:\/\/municipalidaddenebaj.com\/index.php?rest_route=\/wp\/v2\/media\/37683"}],"wp:attachment":[{"href":"https:\/\/municipalidaddenebaj.com\/index.php?rest_route=%2Fwp%2Fv2%2Fmedia&parent=37681"}],"wp:term":[{"taxonomy":"category","embeddable":true,"href":"https:\/\/municipalidaddenebaj.com\/index.php?rest_route=%2Fwp%2Fv2%2Fcategories&post=37681"},{"taxonomy":"post_tag","embeddable":true,"href":"https:\/\/municipalidaddenebaj.com\/index.php?rest_route=%2Fwp%2Fv2%2Ftags&post=37681"}],"curies":[{"name":"wp","href":"https:\/\/api.w.org\/{rel}","templated":true}]}}