{"id":37785,"date":"2024-10-21T22:37:46","date_gmt":"2024-10-21T22:37:46","guid":{"rendered":"https:\/\/municipalidaddenebaj.com\/?p=37785"},"modified":"2024-10-21T22:37:47","modified_gmt":"2024-10-21T22:37:47","slug":"37785","status":"publish","type":"post","link":"https:\/\/municipalidaddenebaj.com\/?p=37785","title":{"rendered":""},"content":{"rendered":"\n<h2 class=\"wp-block-heading\">Por gestiones del Sr. Alcalde <a href=\"https:\/\/www.facebook.com\/profile.php?id=100065359905403&amp;__cft__[0]=AZXyZ8C4zzNcmajfX7DEQHeNwcQtXv2ceRHtr9h3gc80R8xMnR2MDuundTM-gF-jghisanci2h2BH0ROhJpSKoDjqvyRJAkC_IVXp3XmzqZ5DChC2MhQN2lJqWja9Qr-boIPJUbeJlBn-qjjRngeLXYL_mThVrvqYaAjPt4Kw21tIIUknopIZHxJ8YKxkTYfmYo&amp;__tn__=-]K-R\">Ram\u00f3n Raymundo<\/a> y Honorable Concejo por medio de la Coordinaci\u00f3n del Adulto Mayor y Discapacidad bajo la Direcci\u00f3n Municipal de Asuntos Sociales y Econ\u00f3micos-DIMASEC- de la Municipalidad de Nebaj y SOSEP, se beneficiaron con sillas de ruedas, bastones, muletas, pa\u00f1ales, a personas de la tercera edad, ni\u00f1os y personas con discapacidad f\u00edsica.<\/h2>\n\n\n\n<h2 class=\"wp-block-heading\">Comprometidos con las personas de nuestro municipio que necesitan un apoyo.<\/h2>\n\n\n\n<h2 class=\"wp-block-heading\"><a href=\"https:\/\/www.facebook.com\/hashtag\/construyendofuturo?__eep__=6&amp;__cft__[0]=AZXyZ8C4zzNcmajfX7DEQHeNwcQtXv2ceRHtr9h3gc80R8xMnR2MDuundTM-gF-jghisanci2h2BH0ROhJpSKoDjqvyRJAkC_IVXp3XmzqZ5DChC2MhQN2lJqWja9Qr-boIPJUbeJlBn-qjjRngeLXYL_mThVrvqYaAjPt4Kw21tIIUknopIZHxJ8YKxkTYfmYo&amp;__tn__=*NK-R\">#ConstruyendoFuturo<\/a><\/h2>\n\n\n\n<iframe src=\"https:\/\/www.facebook.com\/plugins\/post.php?href=https%3A%2F%2Fwww.facebook.com%2Fpermalink.php%3Fstory_fbid%3Dpfbid0338R4nEa1Uy9SiUcP6Xk9afBZW71q3nURuw8AwwsMgUnBh8V6oEwfVt9jiXysPmC1l%26id%3D100064424092491&#038;show_text=true&#038;width=1100\" width=\"1100\" height=\"1000\" style=\"border:none;overflow:hidden\" scrolling=\"no\" frameborder=\"0\" allowfullscreen=\"true\" allow=\"autoplay; clipboard-write; encrypted-media; picture-in-picture; web-share\"><\/iframe>\n\n\n\n<figure class=\"wp-block-image size-full is-resized\"><img  title=\"\" decoding=\"async\" src=\"https:\/\/municipalidaddenebaj.com\/wp-content\/uploads\/2024\/10\/image-15.png\"  alt=\"image-15 \"  class=\"wp-image-37787\" style=\"width:1450px;height:auto\"\/><\/figure>\n","protected":false},"excerpt":{"rendered":"<p>Por gestiones del Sr. Alcalde Ram\u00f3n Raymundo y Honorable Concejo por medio de la Coordinaci\u00f3n&#8230;<\/p>\n","protected":false},"author":4,"featured_media":37786,"comment_status":"open","ping_status":"open","sticky":false,"template":"","format":"standard","meta":{"_eb_attr":"","_monsterinsights_skip_tracking":false,"_monsterinsights_sitenote_active":false,"_monsterinsights_sitenote_note":"","_monsterinsights_sitenote_category":0,"footnotes":""},"categories":[1],"tags":[],"class_list":["post-37785","post","type-post","status-publish","format-standard","has-post-thumbnail","hentry","category-uncategorized"],"featured_image_urls":{"full":["https:\/\/municipalidaddenebaj.com\/wp-content\/uploads\/2024\/10\/464005651_950094027148058_1281677116624988431_n.jpg",1080,720,false],"thumbnail":["https:\/\/municipalidaddenebaj.com\/wp-content\/uploads\/2024\/10\/464005651_950094027148058_1281677116624988431_n-400x400.jpg",400,400,true],"medium":["https:\/\/municipalidaddenebaj.com\/wp-content\/uploads\/2024\/10\/464005651_950094027148058_1281677116624988431_n-594x396.jpg",594,396,true],"medium_large":["https:\/\/municipalidaddenebaj.com\/wp-content\/uploads\/2024\/10\/464005651_950094027148058_1281677116624988431_n-768x512.jpg",640,427,true],"large":["https:\/\/municipalidaddenebaj.com\/wp-content\/uploads\/2024\/10\/464005651_950094027148058_1281677116624988431_n-510x340.jpg",510,340,true],"ezd_searrch_thumb16x16":["https:\/\/municipalidaddenebaj.com\/wp-content\/uploads\/2024\/10\/464005651_950094027148058_1281677116624988431_n.jpg",16,11,false],"ezd_searrch_thumb50x50":["https:\/\/municipalidaddenebaj.com\/wp-content\/uploads\/2024\/10\/464005651_950094027148058_1281677116624988431_n.jpg",50,33,false],"1536x1536":["https:\/\/municipalidaddenebaj.com\/wp-content\/uploads\/2024\/10\/464005651_950094027148058_1281677116624988431_n.jpg",1080,720,false],"2048x2048":["https:\/\/municipalidaddenebaj.com\/wp-content\/uploads\/2024\/10\/464005651_950094027148058_1281677116624988431_n.jpg",1080,720,false],"covernews-featured":["https:\/\/municipalidaddenebaj.com\/wp-content\/uploads\/2024\/10\/464005651_950094027148058_1281677116624988431_n-1024x683.jpg",1024,683,true],"covernews-medium":["https:\/\/municipalidaddenebaj.com\/wp-content\/uploads\/2024\/10\/464005651_950094027148058_1281677116624988431_n-540x340.jpg",540,340,true],"woocommerce_thumbnail":["https:\/\/municipalidaddenebaj.com\/wp-content\/uploads\/2024\/10\/464005651_950094027148058_1281677116624988431_n-300x300.jpg",300,300,true],"woocommerce_single":["https:\/\/municipalidaddenebaj.com\/wp-content\/uploads\/2024\/10\/464005651_950094027148058_1281677116624988431_n-600x400.jpg",600,400,true],"woocommerce_gallery_thumbnail":["https:\/\/municipalidaddenebaj.com\/wp-content\/uploads\/2024\/10\/464005651_950094027148058_1281677116624988431_n-100x100.jpg",100,100,true]},"author_info":{"display_name":"Editor","author_link":"https:\/\/municipalidaddenebaj.com\/?author=4"},"category_info":"<a href=\"https:\/\/municipalidaddenebaj.com\/?cat=1\" rel=\"category\">Uncategorized<\/a>","tag_info":"Uncategorized","comment_count":"0","_links":{"self":[{"href":"https:\/\/municipalidaddenebaj.com\/index.php?rest_route=\/wp\/v2\/posts\/37785","targetHints":{"allow":["GET"]}}],"collection":[{"href":"https:\/\/municipalidaddenebaj.com\/index.php?rest_route=\/wp\/v2\/posts"}],"about":[{"href":"https:\/\/municipalidaddenebaj.com\/index.php?rest_route=\/wp\/v2\/types\/post"}],"author":[{"embeddable":true,"href":"https:\/\/municipalidaddenebaj.com\/index.php?rest_route=\/wp\/v2\/users\/4"}],"replies":[{"embeddable":true,"href":"https:\/\/municipalidaddenebaj.com\/index.php?rest_route=%2Fwp%2Fv2%2Fcomments&post=37785"}],"version-history":[{"count":0,"href":"https:\/\/municipalidaddenebaj.com\/index.php?rest_route=\/wp\/v2\/posts\/37785\/revisions"}],"wp:featuredmedia":[{"embeddable":true,"href":"https:\/\/municipalidaddenebaj.com\/index.php?rest_route=\/wp\/v2\/media\/37786"}],"wp:attachment":[{"href":"https:\/\/municipalidaddenebaj.com\/index.php?rest_route=%2Fwp%2Fv2%2Fmedia&parent=37785"}],"wp:term":[{"taxonomy":"category","embeddable":true,"href":"https:\/\/municipalidaddenebaj.com\/index.php?rest_route=%2Fwp%2Fv2%2Fcategories&post=37785"},{"taxonomy":"post_tag","embeddable":true,"href":"https:\/\/municipalidaddenebaj.com\/index.php?rest_route=%2Fwp%2Fv2%2Ftags&post=37785"}],"curies":[{"name":"wp","href":"https:\/\/api.w.org\/{rel}","templated":true}]}}