{"id":37927,"date":"2024-10-23T23:00:00","date_gmt":"2024-10-23T23:00:00","guid":{"rendered":"https:\/\/municipalidaddenebaj.com\/?p=37927"},"modified":"2024-10-23T23:00:06","modified_gmt":"2024-10-23T23:00:06","slug":"37927","status":"publish","type":"post","link":"https:\/\/municipalidaddenebaj.com\/?p=37927","title":{"rendered":""},"content":{"rendered":"\n<h2 class=\"wp-block-heading\">\u00a1Atenci\u00f3n vecinos de Nebaj y alrededores!<\/h2>\n\n\n\n<h2 class=\"wp-block-heading\">El Sr. Alcalde <a href=\"https:\/\/www.facebook.com\/profile.php?id=100065359905403&amp;__cft__[0]=AZVV2l2qHBlGQ7EeJFdb_4BVKYoL1zxOUch0DAgKFq0-QTcOB-v2TFf_R19sVyn6zD-YwFsg5ao9DcdoRSy6jJbL2YO3O2ICFPHaYQgiB2ep1rgf0zkpPeozAoCz3dFt-DdQ5Ej3lC9lYq0FPzRYfuMkNH0RxhwcLKJmiZG-W26fTKB4VNNRsj1UhEKQWQ5rZUo&amp;__tn__=-]K-R\">Ram\u00f3n Raymundo<\/a> realiz\u00f3 las debidas gestiones y la entrega de una solicitud dirigida a la Directora Interina de COVIAL.<\/h2>\n\n\n\n<h2 class=\"wp-block-heading\">Tal solicitud tiene como objetivo informar sobre los da\u00f1os que presenta la carretera RD-QUI-03, espec\u00edficamente en la entrada hacia nuestro municipio, carretera que conduce hacia los municipio de Chajul, Cotzal y carretera que conduce a Salquil Grande y varias comunidades m\u00e1s.<\/h2>\n\n\n\n<h2 class=\"wp-block-heading\">Como <a><\/a>se sabe estas carreteras son de suma importancia para los que se movilizan en, y donde se han realizado las gestiones correspondientes con la finalidad de buscar las mejoras y la reparaci\u00f3n de los baches\/grietas evitando accidentes, colapso de la misma y cualquier otro incidente.<\/h2>\n\n\n\n<h2 class=\"wp-block-heading\">Comprometidos con la b\u00fasqueda del desarrollo y la mejora de nuestro municipio.<\/h2>\n\n\n\n<h2 class=\"wp-block-heading\"><a href=\"https:\/\/www.facebook.com\/hashtag\/construyendofuturo?__eep__=6&amp;__cft__[0]=AZVV2l2qHBlGQ7EeJFdb_4BVKYoL1zxOUch0DAgKFq0-QTcOB-v2TFf_R19sVyn6zD-YwFsg5ao9DcdoRSy6jJbL2YO3O2ICFPHaYQgiB2ep1rgf0zkpPeozAoCz3dFt-DdQ5Ej3lC9lYq0FPzRYfuMkNH0RxhwcLKJmiZG-W26fTKB4VNNRsj1UhEKQWQ5rZUo&amp;__tn__=*NK-R\">#ConstruyendoFuturo<\/a><\/h2>\n\n\n\n<iframe src=\"https:\/\/www.facebook.com\/plugins\/post.php?href=https%3A%2F%2Fwww.facebook.com%2Fpermalink.php%3Fstory_fbid%3Dpfbid024AkPdSzrfJZP8vqv4AaGfBB4v1aP4U7Grk4S5yKJHPiWswzDghQY2BPQBzPPxLHl%26id%3D100064424092491&#038;show_text=true&#038;width=10100\" width=\"11000\" height=\"690\" style=\"border:none;overflow:hidden\" scrolling=\"no\" frameborder=\"0\" allowfullscreen=\"true\" allow=\"autoplay; clipboard-write; encrypted-media; picture-in-picture; web-share\"><\/iframe>\n\n\n\n<figure class=\"wp-block-image size-full is-resized\"><img  title=\"\" decoding=\"async\" src=\"https:\/\/municipalidaddenebaj.com\/wp-content\/uploads\/2024\/10\/image-20.png\"  alt=\"image-20 \"  class=\"wp-image-37929\" style=\"width:1450px;height:auto\"\/><\/figure>\n","protected":false},"excerpt":{"rendered":"<p>\u00a1Atenci\u00f3n vecinos de Nebaj y alrededores! El Sr. Alcalde Ram\u00f3n Raymundo realiz\u00f3 las debidas gestiones&#8230;<\/p>\n","protected":false},"author":4,"featured_media":37928,"comment_status":"open","ping_status":"open","sticky":false,"template":"","format":"standard","meta":{"_eb_attr":"","_monsterinsights_skip_tracking":false,"_monsterinsights_sitenote_active":false,"_monsterinsights_sitenote_note":"","_monsterinsights_sitenote_category":0,"footnotes":""},"categories":[1],"tags":[],"class_list":["post-37927","post","type-post","status-publish","format-standard","has-post-thumbnail","hentry","category-uncategorized"],"featured_image_urls":{"full":["https:\/\/municipalidaddenebaj.com\/wp-content\/uploads\/2024\/10\/464222541_951628843661243_7760123719170334914_n.jpg",1236,1578,false],"thumbnail":["https:\/\/municipalidaddenebaj.com\/wp-content\/uploads\/2024\/10\/464222541_951628843661243_7760123719170334914_n-400x400.jpg",400,400,true],"medium":["https:\/\/municipalidaddenebaj.com\/wp-content\/uploads\/2024\/10\/464222541_951628843661243_7760123719170334914_n-465x594.jpg",465,594,true],"medium_large":["https:\/\/municipalidaddenebaj.com\/wp-content\/uploads\/2024\/10\/464222541_951628843661243_7760123719170334914_n-768x981.jpg",640,818,true],"large":["https:\/\/municipalidaddenebaj.com\/wp-content\/uploads\/2024\/10\/464222541_951628843661243_7760123719170334914_n-399x510.jpg",399,510,true],"ezd_searrch_thumb16x16":["https:\/\/municipalidaddenebaj.com\/wp-content\/uploads\/2024\/10\/464222541_951628843661243_7760123719170334914_n.jpg",13,16,false],"ezd_searrch_thumb50x50":["https:\/\/municipalidaddenebaj.com\/wp-content\/uploads\/2024\/10\/464222541_951628843661243_7760123719170334914_n.jpg",39,50,false],"1536x1536":["https:\/\/municipalidaddenebaj.com\/wp-content\/uploads\/2024\/10\/464222541_951628843661243_7760123719170334914_n-1203x1536.jpg",1203,1536,true],"2048x2048":["https:\/\/municipalidaddenebaj.com\/wp-content\/uploads\/2024\/10\/464222541_951628843661243_7760123719170334914_n.jpg",1236,1578,false],"covernews-featured":["https:\/\/municipalidaddenebaj.com\/wp-content\/uploads\/2024\/10\/464222541_951628843661243_7760123719170334914_n-1024x1307.jpg",1024,1307,true],"covernews-medium":["https:\/\/municipalidaddenebaj.com\/wp-content\/uploads\/2024\/10\/464222541_951628843661243_7760123719170334914_n-540x340.jpg",540,340,true],"woocommerce_thumbnail":["https:\/\/municipalidaddenebaj.com\/wp-content\/uploads\/2024\/10\/464222541_951628843661243_7760123719170334914_n-300x300.jpg",300,300,true],"woocommerce_single":["https:\/\/municipalidaddenebaj.com\/wp-content\/uploads\/2024\/10\/464222541_951628843661243_7760123719170334914_n-600x766.jpg",600,766,true],"woocommerce_gallery_thumbnail":["https:\/\/municipalidaddenebaj.com\/wp-content\/uploads\/2024\/10\/464222541_951628843661243_7760123719170334914_n-100x100.jpg",100,100,true]},"author_info":{"display_name":"Editor","author_link":"https:\/\/municipalidaddenebaj.com\/?author=4"},"category_info":"<a href=\"https:\/\/municipalidaddenebaj.com\/?cat=1\" rel=\"category\">Uncategorized<\/a>","tag_info":"Uncategorized","comment_count":"0","_links":{"self":[{"href":"https:\/\/municipalidaddenebaj.com\/index.php?rest_route=\/wp\/v2\/posts\/37927","targetHints":{"allow":["GET"]}}],"collection":[{"href":"https:\/\/municipalidaddenebaj.com\/index.php?rest_route=\/wp\/v2\/posts"}],"about":[{"href":"https:\/\/municipalidaddenebaj.com\/index.php?rest_route=\/wp\/v2\/types\/post"}],"author":[{"embeddable":true,"href":"https:\/\/municipalidaddenebaj.com\/index.php?rest_route=\/wp\/v2\/users\/4"}],"replies":[{"embeddable":true,"href":"https:\/\/municipalidaddenebaj.com\/index.php?rest_route=%2Fwp%2Fv2%2Fcomments&post=37927"}],"version-history":[{"count":0,"href":"https:\/\/municipalidaddenebaj.com\/index.php?rest_route=\/wp\/v2\/posts\/37927\/revisions"}],"wp:featuredmedia":[{"embeddable":true,"href":"https:\/\/municipalidaddenebaj.com\/index.php?rest_route=\/wp\/v2\/media\/37928"}],"wp:attachment":[{"href":"https:\/\/municipalidaddenebaj.com\/index.php?rest_route=%2Fwp%2Fv2%2Fmedia&parent=37927"}],"wp:term":[{"taxonomy":"category","embeddable":true,"href":"https:\/\/municipalidaddenebaj.com\/index.php?rest_route=%2Fwp%2Fv2%2Fcategories&post=37927"},{"taxonomy":"post_tag","embeddable":true,"href":"https:\/\/municipalidaddenebaj.com\/index.php?rest_route=%2Fwp%2Fv2%2Ftags&post=37927"}],"curies":[{"name":"wp","href":"https:\/\/api.w.org\/{rel}","templated":true}]}}