{"id":37931,"date":"2024-10-24T14:30:57","date_gmt":"2024-10-24T14:30:57","guid":{"rendered":"https:\/\/municipalidaddenebaj.com\/?p=37931"},"modified":"2024-10-24T14:30:58","modified_gmt":"2024-10-24T14:30:58","slug":"entrega-de-reconocimiento","status":"publish","type":"post","link":"https:\/\/municipalidaddenebaj.com\/?p=37931","title":{"rendered":"ENTREGA DE RECONOCIMIENTO"},"content":{"rendered":"\n<h2 class=\"wp-block-heading\">El Sr. Alcalde <a href=\"https:\/\/www.facebook.com\/profile.php?id=100065359905403&amp;__cft__[0]=AZX02bIgkkHrFauYVQqYbgasBB5iSjxWl9jv8LmmpSWZAzlD5v1YO-Eod5isqqBeTw2yvIRpe9qwXyUmBdfWWHafjv9tbhuSMcQSChvYT7shhm7mUt4BY_GN2nVF8DfufgFUW0e9EZwMpO_bvi7UryW4ugcjyLDuRrTdjOYG_HMEPMoRNXd9Iw9UoCwDXJAYghA&amp;__tn__=-]K-R\">Ram\u00f3n Raymundo<\/a> y su Honorable Concejo, realizaron la entrega de reconocimiento a la 27 compa\u00f1\u00eda del Benem\u00e9rito Cuerpo de Bomberos Voluntarios de Santa Mar\u00eda Nebaj, por el arduo labor que realizan en nuestro municipio, as\u00ed mismo para conmemorar los 50 a\u00f1os de funcionamiento en nuestro medio.<\/h2>\n\n\n\n<h2 class=\"wp-block-heading\"><a href=\"https:\/\/www.facebook.com\/hashtag\/construyendofuturo?__eep__=6&amp;__cft__[0]=AZX02bIgkkHrFauYVQqYbgasBB5iSjxWl9jv8LmmpSWZAzlD5v1YO-Eod5isqqBeTw2yvIRpe9qwXyUmBdfWWHafjv9tbhuSMcQSChvYT7shhm7mUt4BY_GN2nVF8DfufgFUW0e9EZwMpO_bvi7UryW4ugcjyLDuRrTdjOYG_HMEPMoRNXd9Iw9UoCwDXJAYghA&amp;__tn__=*NK-R\">#ConstruyendoFuturo<\/a><\/h2>\n\n\n\n<iframe src=\"https:\/\/www.facebook.com\/plugins\/post.php?href=https%3A%2F%2Fwww.facebook.com%2Fpermalink.php%3Fstory_fbid%3Dpfbid02Vm5vwhMoHukPbLpEA2mVCXFWxNZzJd8ewBZPD5R9MuNoJRNviPbRz8o8voAExGQal%26id%3D100064424092491&#038;show_text=true&#038;width=1100\" width=\"11000\" height=\"980\" style=\"border:none;overflow:hidden\" scrolling=\"no\" frameborder=\"0\" allowfullscreen=\"true\" allow=\"autoplay; clipboard-write; encrypted-media; picture-in-picture; web-share\"><\/iframe>\n\n\n\n<figure class=\"wp-block-image size-full is-resized\"><img  title=\"\" decoding=\"async\" src=\"https:\/\/municipalidaddenebaj.com\/wp-content\/uploads\/2024\/10\/image-21.png\"  alt=\"image-21 ENTREGA DE RECONOCIMIENTO\"  class=\"wp-image-37932\" style=\"width:1450px;height:auto\"\/><\/figure>\n","protected":false},"excerpt":{"rendered":"<p>El Sr. Alcalde Ram\u00f3n Raymundo y su Honorable Concejo, realizaron la entrega de reconocimiento a&#8230;<\/p>\n","protected":false},"author":4,"featured_media":37933,"comment_status":"open","ping_status":"open","sticky":false,"template":"","format":"standard","meta":{"_eb_attr":"","_monsterinsights_skip_tracking":false,"_monsterinsights_sitenote_active":false,"_monsterinsights_sitenote_note":"","_monsterinsights_sitenote_category":0,"footnotes":""},"categories":[1],"tags":[],"class_list":["post-37931","post","type-post","status-publish","format-standard","has-post-thumbnail","hentry","category-uncategorized"],"featured_image_urls":{"full":["https:\/\/municipalidaddenebaj.com\/wp-content\/uploads\/2024\/10\/464218876_952094830281311_768843158764812010_n.jpg",1080,720,false],"thumbnail":["https:\/\/municipalidaddenebaj.com\/wp-content\/uploads\/2024\/10\/464218876_952094830281311_768843158764812010_n-400x400.jpg",400,400,true],"medium":["https:\/\/municipalidaddenebaj.com\/wp-content\/uploads\/2024\/10\/464218876_952094830281311_768843158764812010_n-594x396.jpg",594,396,true],"medium_large":["https:\/\/municipalidaddenebaj.com\/wp-content\/uploads\/2024\/10\/464218876_952094830281311_768843158764812010_n-768x512.jpg",640,427,true],"large":["https:\/\/municipalidaddenebaj.com\/wp-content\/uploads\/2024\/10\/464218876_952094830281311_768843158764812010_n-510x340.jpg",510,340,true],"ezd_searrch_thumb16x16":["https:\/\/municipalidaddenebaj.com\/wp-content\/uploads\/2024\/10\/464218876_952094830281311_768843158764812010_n.jpg",16,11,false],"ezd_searrch_thumb50x50":["https:\/\/municipalidaddenebaj.com\/wp-content\/uploads\/2024\/10\/464218876_952094830281311_768843158764812010_n.jpg",50,33,false],"1536x1536":["https:\/\/municipalidaddenebaj.com\/wp-content\/uploads\/2024\/10\/464218876_952094830281311_768843158764812010_n.jpg",1080,720,false],"2048x2048":["https:\/\/municipalidaddenebaj.com\/wp-content\/uploads\/2024\/10\/464218876_952094830281311_768843158764812010_n.jpg",1080,720,false],"covernews-featured":["https:\/\/municipalidaddenebaj.com\/wp-content\/uploads\/2024\/10\/464218876_952094830281311_768843158764812010_n-1024x683.jpg",1024,683,true],"covernews-medium":["https:\/\/municipalidaddenebaj.com\/wp-content\/uploads\/2024\/10\/464218876_952094830281311_768843158764812010_n-540x340.jpg",540,340,true],"woocommerce_thumbnail":["https:\/\/municipalidaddenebaj.com\/wp-content\/uploads\/2024\/10\/464218876_952094830281311_768843158764812010_n-300x300.jpg",300,300,true],"woocommerce_single":["https:\/\/municipalidaddenebaj.com\/wp-content\/uploads\/2024\/10\/464218876_952094830281311_768843158764812010_n-600x400.jpg",600,400,true],"woocommerce_gallery_thumbnail":["https:\/\/municipalidaddenebaj.com\/wp-content\/uploads\/2024\/10\/464218876_952094830281311_768843158764812010_n-100x100.jpg",100,100,true]},"author_info":{"display_name":"Editor","author_link":"https:\/\/municipalidaddenebaj.com\/?author=4"},"category_info":"<a href=\"https:\/\/municipalidaddenebaj.com\/?cat=1\" rel=\"category\">Uncategorized<\/a>","tag_info":"Uncategorized","comment_count":"0","_links":{"self":[{"href":"https:\/\/municipalidaddenebaj.com\/index.php?rest_route=\/wp\/v2\/posts\/37931","targetHints":{"allow":["GET"]}}],"collection":[{"href":"https:\/\/municipalidaddenebaj.com\/index.php?rest_route=\/wp\/v2\/posts"}],"about":[{"href":"https:\/\/municipalidaddenebaj.com\/index.php?rest_route=\/wp\/v2\/types\/post"}],"author":[{"embeddable":true,"href":"https:\/\/municipalidaddenebaj.com\/index.php?rest_route=\/wp\/v2\/users\/4"}],"replies":[{"embeddable":true,"href":"https:\/\/municipalidaddenebaj.com\/index.php?rest_route=%2Fwp%2Fv2%2Fcomments&post=37931"}],"version-history":[{"count":0,"href":"https:\/\/municipalidaddenebaj.com\/index.php?rest_route=\/wp\/v2\/posts\/37931\/revisions"}],"wp:featuredmedia":[{"embeddable":true,"href":"https:\/\/municipalidaddenebaj.com\/index.php?rest_route=\/wp\/v2\/media\/37933"}],"wp:attachment":[{"href":"https:\/\/municipalidaddenebaj.com\/index.php?rest_route=%2Fwp%2Fv2%2Fmedia&parent=37931"}],"wp:term":[{"taxonomy":"category","embeddable":true,"href":"https:\/\/municipalidaddenebaj.com\/index.php?rest_route=%2Fwp%2Fv2%2Fcategories&post=37931"},{"taxonomy":"post_tag","embeddable":true,"href":"https:\/\/municipalidaddenebaj.com\/index.php?rest_route=%2Fwp%2Fv2%2Ftags&post=37931"}],"curies":[{"name":"wp","href":"https:\/\/api.w.org\/{rel}","templated":true}]}}