{"id":37955,"date":"2024-10-24T20:22:07","date_gmt":"2024-10-24T20:22:07","guid":{"rendered":"https:\/\/municipalidaddenebaj.com\/?p=37955"},"modified":"2024-10-24T20:22:54","modified_gmt":"2024-10-24T20:22:54","slug":"reunion-con-lideres-comunitarios-del-sector-6","status":"publish","type":"post","link":"https:\/\/municipalidaddenebaj.com\/?p=37955","title":{"rendered":"REUNI\u00d3N CON LIDERES COMUNITARIOS DEL SECTOR 6"},"content":{"rendered":"\n<h2 class=\"wp-block-heading\">El Sr. Alcalde Municipal Ram\u00f3n Raymundo y S\u00edndico ll sostuvieron una reuni\u00f3n con L\u00edderes Comunitarios del Sector 6 de nuestro Municipio Sobre el tema de Mantenimiento de la red vial del sector 6, con el objetivo de mejorar la carretera que conduce a dichas comunidades. D\u00f3nde tambi\u00e9n se abordaron temas sobre las diversas necesidades que hay en cada Comunidad del Sector.<\/h2>\n\n\n\n<h2 class=\"wp-block-heading\"><a href=\"https:\/\/www.facebook.com\/hashtag\/construyendofuturo?__eep__=6&amp;__cft__[0]=AZV07Pwq6ABAayoF9r0AHCdh7miQbj4fial2pDbS--ozNj3zCrE6Y0ecqDiTEPKOYv8H_cmVH1ymwvZv-3nm4v6A0D57mrZXc7ZGy6OCo3x5BR7zIW19nxZZaGNChlAbFKlG-udP3_9wxpX9Zlj5EPqapnBffZ9OJWpJjkPFmjbY9JoOkm-_iLvSgVPd-EvqY_w&amp;__tn__=*NK-R\">#ConstruyendoFuturo<\/a><\/h2>\n\n\n\n<h2 class=\"wp-block-heading\"><a href=\"https:\/\/www.facebook.com\/hashtag\/pornebaj?__eep__=6&amp;__cft__[0]=AZV07Pwq6ABAayoF9r0AHCdh7miQbj4fial2pDbS--ozNj3zCrE6Y0ecqDiTEPKOYv8H_cmVH1ymwvZv-3nm4v6A0D57mrZXc7ZGy6OCo3x5BR7zIW19nxZZaGNChlAbFKlG-udP3_9wxpX9Zlj5EPqapnBffZ9OJWpJjkPFmjbY9JoOkm-_iLvSgVPd-EvqY_w&amp;__tn__=*NK-R\">#PorNebaj<\/a><\/h2>\n\n\n\n<iframe src=\"https:\/\/www.facebook.com\/plugins\/post.php?href=https%3A%2F%2Fwww.facebook.com%2Fpermalink.php%3Fstory_fbid%3Dpfbid0PJH64beYQBSkPCnod6EkdVDVhjL5EjkW8sstrn3StX6gzknBjJzfSYgLakK9rGQAl%26id%3D100064424092491&#038;show_text=true&#038;width=1100\" width=\"11000\" height=\"980\" style=\"border:none;overflow:hidden\" scrolling=\"no\" frameborder=\"0\" allowfullscreen=\"true\" allow=\"autoplay; clipboard-write; encrypted-media; picture-in-picture; web-share\"><\/iframe>\n\n\n\n<figure class=\"wp-block-image size-full is-resized\"><img  title=\"\" decoding=\"async\" src=\"https:\/\/municipalidaddenebaj.com\/wp-content\/uploads\/2024\/10\/image-22.png\"  alt=\"image-22 REUNI\u00d3N CON LIDERES COMUNITARIOS DEL SECTOR 6\"  class=\"wp-image-37956\" style=\"width:1450px;height:auto\"\/><\/figure>\n\n\n\n<p><\/p>\n","protected":false},"excerpt":{"rendered":"<p>El Sr. Alcalde Municipal Ram\u00f3n Raymundo y S\u00edndico ll sostuvieron una reuni\u00f3n con L\u00edderes Comunitarios&#8230;<\/p>\n","protected":false},"author":4,"featured_media":37958,"comment_status":"open","ping_status":"open","sticky":false,"template":"","format":"standard","meta":{"_eb_attr":"","_monsterinsights_skip_tracking":false,"_monsterinsights_sitenote_active":false,"_monsterinsights_sitenote_note":"","_monsterinsights_sitenote_category":0,"footnotes":""},"categories":[1],"tags":[],"class_list":["post-37955","post","type-post","status-publish","format-standard","has-post-thumbnail","hentry","category-uncategorized"],"featured_image_urls":{"full":["https:\/\/municipalidaddenebaj.com\/wp-content\/uploads\/2024\/10\/464299106_952291806928280_7189342064785751462_n.jpg",1080,720,false],"thumbnail":["https:\/\/municipalidaddenebaj.com\/wp-content\/uploads\/2024\/10\/464299106_952291806928280_7189342064785751462_n-400x400.jpg",400,400,true],"medium":["https:\/\/municipalidaddenebaj.com\/wp-content\/uploads\/2024\/10\/464299106_952291806928280_7189342064785751462_n-594x396.jpg",594,396,true],"medium_large":["https:\/\/municipalidaddenebaj.com\/wp-content\/uploads\/2024\/10\/464299106_952291806928280_7189342064785751462_n-768x512.jpg",640,427,true],"large":["https:\/\/municipalidaddenebaj.com\/wp-content\/uploads\/2024\/10\/464299106_952291806928280_7189342064785751462_n-510x340.jpg",510,340,true],"ezd_searrch_thumb16x16":["https:\/\/municipalidaddenebaj.com\/wp-content\/uploads\/2024\/10\/464299106_952291806928280_7189342064785751462_n.jpg",16,11,false],"ezd_searrch_thumb50x50":["https:\/\/municipalidaddenebaj.com\/wp-content\/uploads\/2024\/10\/464299106_952291806928280_7189342064785751462_n.jpg",50,33,false],"1536x1536":["https:\/\/municipalidaddenebaj.com\/wp-content\/uploads\/2024\/10\/464299106_952291806928280_7189342064785751462_n.jpg",1080,720,false],"2048x2048":["https:\/\/municipalidaddenebaj.com\/wp-content\/uploads\/2024\/10\/464299106_952291806928280_7189342064785751462_n.jpg",1080,720,false],"covernews-featured":["https:\/\/municipalidaddenebaj.com\/wp-content\/uploads\/2024\/10\/464299106_952291806928280_7189342064785751462_n-1024x683.jpg",1024,683,true],"covernews-medium":["https:\/\/municipalidaddenebaj.com\/wp-content\/uploads\/2024\/10\/464299106_952291806928280_7189342064785751462_n-540x340.jpg",540,340,true],"woocommerce_thumbnail":["https:\/\/municipalidaddenebaj.com\/wp-content\/uploads\/2024\/10\/464299106_952291806928280_7189342064785751462_n-300x300.jpg",300,300,true],"woocommerce_single":["https:\/\/municipalidaddenebaj.com\/wp-content\/uploads\/2024\/10\/464299106_952291806928280_7189342064785751462_n-600x400.jpg",600,400,true],"woocommerce_gallery_thumbnail":["https:\/\/municipalidaddenebaj.com\/wp-content\/uploads\/2024\/10\/464299106_952291806928280_7189342064785751462_n-100x100.jpg",100,100,true]},"author_info":{"display_name":"Editor","author_link":"https:\/\/municipalidaddenebaj.com\/?author=4"},"category_info":"<a href=\"https:\/\/municipalidaddenebaj.com\/?cat=1\" rel=\"category\">Uncategorized<\/a>","tag_info":"Uncategorized","comment_count":"0","_links":{"self":[{"href":"https:\/\/municipalidaddenebaj.com\/index.php?rest_route=\/wp\/v2\/posts\/37955","targetHints":{"allow":["GET"]}}],"collection":[{"href":"https:\/\/municipalidaddenebaj.com\/index.php?rest_route=\/wp\/v2\/posts"}],"about":[{"href":"https:\/\/municipalidaddenebaj.com\/index.php?rest_route=\/wp\/v2\/types\/post"}],"author":[{"embeddable":true,"href":"https:\/\/municipalidaddenebaj.com\/index.php?rest_route=\/wp\/v2\/users\/4"}],"replies":[{"embeddable":true,"href":"https:\/\/municipalidaddenebaj.com\/index.php?rest_route=%2Fwp%2Fv2%2Fcomments&post=37955"}],"version-history":[{"count":0,"href":"https:\/\/municipalidaddenebaj.com\/index.php?rest_route=\/wp\/v2\/posts\/37955\/revisions"}],"wp:featuredmedia":[{"embeddable":true,"href":"https:\/\/municipalidaddenebaj.com\/index.php?rest_route=\/wp\/v2\/media\/37958"}],"wp:attachment":[{"href":"https:\/\/municipalidaddenebaj.com\/index.php?rest_route=%2Fwp%2Fv2%2Fmedia&parent=37955"}],"wp:term":[{"taxonomy":"category","embeddable":true,"href":"https:\/\/municipalidaddenebaj.com\/index.php?rest_route=%2Fwp%2Fv2%2Fcategories&post=37955"},{"taxonomy":"post_tag","embeddable":true,"href":"https:\/\/municipalidaddenebaj.com\/index.php?rest_route=%2Fwp%2Fv2%2Ftags&post=37955"}],"curies":[{"name":"wp","href":"https:\/\/api.w.org\/{rel}","templated":true}]}}