{"id":37971,"date":"2024-10-25T22:24:30","date_gmt":"2024-10-25T22:24:30","guid":{"rendered":"https:\/\/municipalidaddenebaj.com\/?p=37971"},"modified":"2024-10-25T22:25:26","modified_gmt":"2024-10-25T22:25:26","slug":"37971","status":"publish","type":"post","link":"https:\/\/municipalidaddenebaj.com\/?p=37971","title":{"rendered":""},"content":{"rendered":"\n<h2 class=\"wp-block-heading\">El Sr. Alcalde Municipal <a href=\"https:\/\/www.facebook.com\/profile.php?id=100065359905403&amp;__cft__[0]=AZUCGYpqK1QgVOGivb4A8nx5KuFWtsNaTJhD_Wh89N_D-A9CFcNU3H_xLwBBzrXnGHT3e1dG5_k6AoKjKzdmau_8tMqJGSJz3L66ks_M0cW_Vj_B6R6ssE3PmAMpJvcniB_3ACUyNVA7BJlzuhue8dTKX1OpQgprwW9C8nB_3UdwIJIWNINkhzZmTm9xbPvSp_c&amp;__tn__=-]K-R\">Ram\u00f3n Raymundo<\/a> y Honorable Concejo Municipal, les hacen la cordial invitaci\u00f3n a participar en la Feria de Gastronom\u00eda y Artesan\u00eda IXIL, a realizarse en el parque central de Nebaj.<\/h2>\n\n\n\n<h2 class=\"wp-block-heading\">\u00a1 Los Esperamos !<\/h2>\n\n\n\n<iframe src=\"https:\/\/www.facebook.com\/plugins\/post.php?href=https%3A%2F%2Fwww.facebook.com%2Fpermalink.php%3Fstory_fbid%3Dpfbid0BbeTKDj1Wch7Ydsqh6YFtqEUT57L6g25P3YYYE57kCzgNxwxu6qP2u4QVNstjLKGl%26id%3D100064424092491&#038;show_text=true&#038;width=1100\" width=\"1100\" height=\"650\" style=\"border:none;overflow:hidden\" scrolling=\"no\" frameborder=\"0\" allowfullscreen=\"true\" allow=\"autoplay; clipboard-write; encrypted-media; picture-in-picture; web-share\"><\/iframe>\n\n\n\n<figure class=\"wp-block-image size-full is-resized\"><img  title=\"\" decoding=\"async\" src=\"https:\/\/municipalidaddenebaj.com\/wp-content\/uploads\/2024\/10\/image-25.png\"  alt=\"image-25 \"  class=\"wp-image-37974\" style=\"width:1450px;height:auto\"\/><\/figure>\n","protected":false},"excerpt":{"rendered":"<p>El Sr. Alcalde Municipal Ram\u00f3n Raymundo y Honorable Concejo Municipal, les hacen la cordial invitaci\u00f3n&#8230;<\/p>\n","protected":false},"author":4,"featured_media":37972,"comment_status":"open","ping_status":"open","sticky":false,"template":"","format":"standard","meta":{"_eb_attr":"","_monsterinsights_skip_tracking":false,"_monsterinsights_sitenote_active":false,"_monsterinsights_sitenote_note":"","_monsterinsights_sitenote_category":0,"footnotes":""},"categories":[1],"tags":[],"class_list":["post-37971","post","type-post","status-publish","format-standard","has-post-thumbnail","hentry","category-uncategorized"],"featured_image_urls":{"full":["https:\/\/municipalidaddenebaj.com\/wp-content\/uploads\/2024\/10\/464369064_953056083518519_2672662830258709831_n.jpg",526,633,false],"thumbnail":["https:\/\/municipalidaddenebaj.com\/wp-content\/uploads\/2024\/10\/464369064_953056083518519_2672662830258709831_n-400x400.jpg",400,400,true],"medium":["https:\/\/municipalidaddenebaj.com\/wp-content\/uploads\/2024\/10\/464369064_953056083518519_2672662830258709831_n-494x594.jpg",494,594,true],"medium_large":["https:\/\/municipalidaddenebaj.com\/wp-content\/uploads\/2024\/10\/464369064_953056083518519_2672662830258709831_n.jpg",526,633,false],"large":["https:\/\/municipalidaddenebaj.com\/wp-content\/uploads\/2024\/10\/464369064_953056083518519_2672662830258709831_n-424x510.jpg",424,510,true],"ezd_searrch_thumb16x16":["https:\/\/municipalidaddenebaj.com\/wp-content\/uploads\/2024\/10\/464369064_953056083518519_2672662830258709831_n.jpg",13,16,false],"ezd_searrch_thumb50x50":["https:\/\/municipalidaddenebaj.com\/wp-content\/uploads\/2024\/10\/464369064_953056083518519_2672662830258709831_n.jpg",42,50,false],"1536x1536":["https:\/\/municipalidaddenebaj.com\/wp-content\/uploads\/2024\/10\/464369064_953056083518519_2672662830258709831_n.jpg",526,633,false],"2048x2048":["https:\/\/municipalidaddenebaj.com\/wp-content\/uploads\/2024\/10\/464369064_953056083518519_2672662830258709831_n.jpg",526,633,false],"covernews-featured":["https:\/\/municipalidaddenebaj.com\/wp-content\/uploads\/2024\/10\/464369064_953056083518519_2672662830258709831_n.jpg",526,633,false],"covernews-medium":["https:\/\/municipalidaddenebaj.com\/wp-content\/uploads\/2024\/10\/464369064_953056083518519_2672662830258709831_n-526x340.jpg",526,340,true],"woocommerce_thumbnail":["https:\/\/municipalidaddenebaj.com\/wp-content\/uploads\/2024\/10\/464369064_953056083518519_2672662830258709831_n-300x300.jpg",300,300,true],"woocommerce_single":["https:\/\/municipalidaddenebaj.com\/wp-content\/uploads\/2024\/10\/464369064_953056083518519_2672662830258709831_n.jpg",526,633,false],"woocommerce_gallery_thumbnail":["https:\/\/municipalidaddenebaj.com\/wp-content\/uploads\/2024\/10\/464369064_953056083518519_2672662830258709831_n-100x100.jpg",100,100,true]},"author_info":{"display_name":"Editor","author_link":"https:\/\/municipalidaddenebaj.com\/?author=4"},"category_info":"<a href=\"https:\/\/municipalidaddenebaj.com\/?cat=1\" rel=\"category\">Uncategorized<\/a>","tag_info":"Uncategorized","comment_count":"0","_links":{"self":[{"href":"https:\/\/municipalidaddenebaj.com\/index.php?rest_route=\/wp\/v2\/posts\/37971","targetHints":{"allow":["GET"]}}],"collection":[{"href":"https:\/\/municipalidaddenebaj.com\/index.php?rest_route=\/wp\/v2\/posts"}],"about":[{"href":"https:\/\/municipalidaddenebaj.com\/index.php?rest_route=\/wp\/v2\/types\/post"}],"author":[{"embeddable":true,"href":"https:\/\/municipalidaddenebaj.com\/index.php?rest_route=\/wp\/v2\/users\/4"}],"replies":[{"embeddable":true,"href":"https:\/\/municipalidaddenebaj.com\/index.php?rest_route=%2Fwp%2Fv2%2Fcomments&post=37971"}],"version-history":[{"count":0,"href":"https:\/\/municipalidaddenebaj.com\/index.php?rest_route=\/wp\/v2\/posts\/37971\/revisions"}],"wp:featuredmedia":[{"embeddable":true,"href":"https:\/\/municipalidaddenebaj.com\/index.php?rest_route=\/wp\/v2\/media\/37972"}],"wp:attachment":[{"href":"https:\/\/municipalidaddenebaj.com\/index.php?rest_route=%2Fwp%2Fv2%2Fmedia&parent=37971"}],"wp:term":[{"taxonomy":"category","embeddable":true,"href":"https:\/\/municipalidaddenebaj.com\/index.php?rest_route=%2Fwp%2Fv2%2Fcategories&post=37971"},{"taxonomy":"post_tag","embeddable":true,"href":"https:\/\/municipalidaddenebaj.com\/index.php?rest_route=%2Fwp%2Fv2%2Ftags&post=37971"}],"curies":[{"name":"wp","href":"https:\/\/api.w.org\/{rel}","templated":true}]}}