{"id":37988,"date":"2024-10-29T15:22:46","date_gmt":"2024-10-29T15:22:46","guid":{"rendered":"https:\/\/municipalidaddenebaj.com\/?p=37988"},"modified":"2024-10-29T15:22:47","modified_gmt":"2024-10-29T15:22:47","slug":"37988","status":"publish","type":"post","link":"https:\/\/municipalidaddenebaj.com\/?p=37988","title":{"rendered":""},"content":{"rendered":"\n<h2 class=\"wp-block-heading\"><img  title=\"\" decoding=\"async\" height=\"16\" width=\"16\"  alt=\"1f4e2 \"  src=\"https:\/\/static.xx.fbcdn.net\/images\/emoji.php\/v9\/t39\/1\/16\/1f4e2.png\"> \u00a1Capacitaci\u00f3n de Primeros Auxilios, Municipalidad de Nebaj! <img  title=\"\" decoding=\"async\" height=\"16\" width=\"16\"  alt=\"1f691 \"  src=\"https:\/\/static.xx.fbcdn.net\/images\/emoji.php\/v9\/te6\/1\/16\/1f691.png\"><img  title=\"\" decoding=\"async\" height=\"16\" width=\"16\"  alt=\"1f4aa \"  src=\"https:\/\/static.xx.fbcdn.net\/images\/emoji.php\/v9\/t6c\/1\/16\/1f4aa.png\"><\/h2>\n\n\n\n<h2 class=\"wp-block-heading\">Nos complace informar que se ha realizado con \u00e9xito la capacitaci\u00f3n de Primeros Auxilios en las fechas 24 y 25 de octubre del presente a\u00f1o, una actividad que ayuda al fortalecimiento de conocimientos, capacidades y habilidades del capital humano ante emergencias en nuestro Nebaj.<\/h2>\n\n\n\n<h2 class=\"wp-block-heading\">Dicho evento se da por instrucciones del Sr. Alcalde Municipal <a href=\"https:\/\/www.facebook.com\/profile.php?id=100065359905403&amp;__cft__[0]=AZU0kIxh7s49a5h5Uq7vG57C-iAIMuSWyR4w7qc-EaorkjO-pWRNr_gZwQCH7yXaSCngXsvgiS1P96ibeBu2cHvaWAEURhv41cxB1Yr8u1Li7eKwqcI2Ontp3DacB0eZmt8cFMl8JXLaybTNWBJh661mcRL71jZaTLzYZ4SBA-zynnfK9ypXr4nlmt77vfUyweA&amp;__tn__=-]K-R\">Ram\u00f3n Raymundo<\/a> y la gesti\u00f3n de la Direcci\u00f3n Municipal de Recursos <a><\/a>Humanos en coordinaci\u00f3n con el Distrito de Salud de Nebaj. Del evento realizado se logr\u00f3 fortalecer las habilidades y conocimientos de los colaboradores de la Direcci\u00f3n de la Polic\u00eda Municipal de Tr\u00e1nsito y Polic\u00eda Municipal en t\u00e9cnicas de atenci\u00f3n inmediata.<\/h2>\n\n\n\n<h2 class=\"wp-block-heading\">Esta capacitaci\u00f3n permite brindar un mejor servicio y protecci\u00f3n a nuestra poblaci\u00f3n Nebajense en caso de situaciones cr\u00edticas.<\/h2>\n\n\n\n<h2 class=\"wp-block-heading\">Seguimos trabajando por un Nebaj seguro y preparado para el bienestar de todos.<\/h2>\n\n\n\n<h2 class=\"wp-block-heading\"><a href=\"https:\/\/www.facebook.com\/hashtag\/municipalidaddenebaj?__eep__=6&amp;__cft__[0]=AZU0kIxh7s49a5h5Uq7vG57C-iAIMuSWyR4w7qc-EaorkjO-pWRNr_gZwQCH7yXaSCngXsvgiS1P96ibeBu2cHvaWAEURhv41cxB1Yr8u1Li7eKwqcI2Ontp3DacB0eZmt8cFMl8JXLaybTNWBJh661mcRL71jZaTLzYZ4SBA-zynnfK9ypXr4nlmt77vfUyweA&amp;__tn__=*NK-R\">#MunicipalidadDeNebaj<\/a><\/h2>\n\n\n\n<h2 class=\"wp-block-heading\"><a href=\"https:\/\/www.facebook.com\/hashtag\/primerosauxilios?__eep__=6&amp;__cft__[0]=AZU0kIxh7s49a5h5Uq7vG57C-iAIMuSWyR4w7qc-EaorkjO-pWRNr_gZwQCH7yXaSCngXsvgiS1P96ibeBu2cHvaWAEURhv41cxB1Yr8u1Li7eKwqcI2Ontp3DacB0eZmt8cFMl8JXLaybTNWBJh661mcRL71jZaTLzYZ4SBA-zynnfK9ypXr4nlmt77vfUyweA&amp;__tn__=*NK-R\">#PrimerosAuxilios<\/a><\/h2>\n\n\n\n<h2 class=\"wp-block-heading\"><a href=\"https:\/\/www.facebook.com\/hashtag\/preparaci%C3%B3n?__eep__=6&amp;__cft__[0]=AZU0kIxh7s49a5h5Uq7vG57C-iAIMuSWyR4w7qc-EaorkjO-pWRNr_gZwQCH7yXaSCngXsvgiS1P96ibeBu2cHvaWAEURhv41cxB1Yr8u1Li7eKwqcI2Ontp3DacB0eZmt8cFMl8JXLaybTNWBJh661mcRL71jZaTLzYZ4SBA-zynnfK9ypXr4nlmt77vfUyweA&amp;__tn__=*NK-R\">#Preparaci\u00f3n<\/a><\/h2>\n\n\n\n<h2 class=\"wp-block-heading\"><a href=\"https:\/\/www.facebook.com\/hashtag\/construyendofuturo?__eep__=6&amp;__cft__[0]=AZU0kIxh7s49a5h5Uq7vG57C-iAIMuSWyR4w7qc-EaorkjO-pWRNr_gZwQCH7yXaSCngXsvgiS1P96ibeBu2cHvaWAEURhv41cxB1Yr8u1Li7eKwqcI2Ontp3DacB0eZmt8cFMl8JXLaybTNWBJh661mcRL71jZaTLzYZ4SBA-zynnfK9ypXr4nlmt77vfUyweA&amp;__tn__=*NK-R\">#Construyendofuturo<\/a><\/h2>\n\n\n\n<iframe src=\"https:\/\/www.facebook.com\/plugins\/post.php?href=https%3A%2F%2Fwww.facebook.com%2Fpermalink.php%3Fstory_fbid%3Dpfbid02DwBGWvHmE2jVrhqr8UNqAtafcirLvJovC7VByY7hWGE7Tp75NvMacfZcUxEGEZPZl%26id%3D100064424092491&#038;show_text=true&#038;width=1100\" width=\"1100\" height=\"990\" style=\"border:none;overflow:hidden\" scrolling=\"no\" frameborder=\"0\" allowfullscreen=\"true\" allow=\"autoplay; clipboard-write; encrypted-media; picture-in-picture; web-share\"><\/iframe>\n\n\n\n<figure class=\"wp-block-image size-full is-resized\"><img  title=\"\" decoding=\"async\" src=\"https:\/\/municipalidaddenebaj.com\/wp-content\/uploads\/2024\/10\/image-26.png\"  alt=\"image-26 \"  class=\"wp-image-37990\" style=\"width:1450px;height:auto\"\/><\/figure>\n","protected":false},"excerpt":{"rendered":"<p>\u00a1Capacitaci\u00f3n de Primeros Auxilios, Municipalidad de Nebaj! Nos complace informar que se ha realizado con&#8230;<\/p>\n","protected":false},"author":4,"featured_media":37989,"comment_status":"open","ping_status":"open","sticky":false,"template":"","format":"standard","meta":{"_eb_attr":"","_monsterinsights_skip_tracking":false,"_monsterinsights_sitenote_active":false,"_monsterinsights_sitenote_note":"","_monsterinsights_sitenote_category":0,"footnotes":""},"categories":[1],"tags":[],"class_list":["post-37988","post","type-post","status-publish","format-standard","has-post-thumbnail","hentry","category-uncategorized"],"featured_image_urls":{"full":["https:\/\/municipalidaddenebaj.com\/wp-content\/uploads\/2024\/10\/464511380_953097333514394_4945456934328977615_n.jpg",1080,720,false],"thumbnail":["https:\/\/municipalidaddenebaj.com\/wp-content\/uploads\/2024\/10\/464511380_953097333514394_4945456934328977615_n-400x400.jpg",400,400,true],"medium":["https:\/\/municipalidaddenebaj.com\/wp-content\/uploads\/2024\/10\/464511380_953097333514394_4945456934328977615_n-594x396.jpg",594,396,true],"medium_large":["https:\/\/municipalidaddenebaj.com\/wp-content\/uploads\/2024\/10\/464511380_953097333514394_4945456934328977615_n-768x512.jpg",640,427,true],"large":["https:\/\/municipalidaddenebaj.com\/wp-content\/uploads\/2024\/10\/464511380_953097333514394_4945456934328977615_n-510x340.jpg",510,340,true],"ezd_searrch_thumb16x16":["https:\/\/municipalidaddenebaj.com\/wp-content\/uploads\/2024\/10\/464511380_953097333514394_4945456934328977615_n.jpg",16,11,false],"ezd_searrch_thumb50x50":["https:\/\/municipalidaddenebaj.com\/wp-content\/uploads\/2024\/10\/464511380_953097333514394_4945456934328977615_n.jpg",50,33,false],"1536x1536":["https:\/\/municipalidaddenebaj.com\/wp-content\/uploads\/2024\/10\/464511380_953097333514394_4945456934328977615_n.jpg",1080,720,false],"2048x2048":["https:\/\/municipalidaddenebaj.com\/wp-content\/uploads\/2024\/10\/464511380_953097333514394_4945456934328977615_n.jpg",1080,720,false],"covernews-featured":["https:\/\/municipalidaddenebaj.com\/wp-content\/uploads\/2024\/10\/464511380_953097333514394_4945456934328977615_n-1024x683.jpg",1024,683,true],"covernews-medium":["https:\/\/municipalidaddenebaj.com\/wp-content\/uploads\/2024\/10\/464511380_953097333514394_4945456934328977615_n-540x340.jpg",540,340,true],"woocommerce_thumbnail":["https:\/\/municipalidaddenebaj.com\/wp-content\/uploads\/2024\/10\/464511380_953097333514394_4945456934328977615_n-300x300.jpg",300,300,true],"woocommerce_single":["https:\/\/municipalidaddenebaj.com\/wp-content\/uploads\/2024\/10\/464511380_953097333514394_4945456934328977615_n-600x400.jpg",600,400,true],"woocommerce_gallery_thumbnail":["https:\/\/municipalidaddenebaj.com\/wp-content\/uploads\/2024\/10\/464511380_953097333514394_4945456934328977615_n-100x100.jpg",100,100,true]},"author_info":{"display_name":"Editor","author_link":"https:\/\/municipalidaddenebaj.com\/?author=4"},"category_info":"<a href=\"https:\/\/municipalidaddenebaj.com\/?cat=1\" rel=\"category\">Uncategorized<\/a>","tag_info":"Uncategorized","comment_count":"0","_links":{"self":[{"href":"https:\/\/municipalidaddenebaj.com\/index.php?rest_route=\/wp\/v2\/posts\/37988","targetHints":{"allow":["GET"]}}],"collection":[{"href":"https:\/\/municipalidaddenebaj.com\/index.php?rest_route=\/wp\/v2\/posts"}],"about":[{"href":"https:\/\/municipalidaddenebaj.com\/index.php?rest_route=\/wp\/v2\/types\/post"}],"author":[{"embeddable":true,"href":"https:\/\/municipalidaddenebaj.com\/index.php?rest_route=\/wp\/v2\/users\/4"}],"replies":[{"embeddable":true,"href":"https:\/\/municipalidaddenebaj.com\/index.php?rest_route=%2Fwp%2Fv2%2Fcomments&post=37988"}],"version-history":[{"count":0,"href":"https:\/\/municipalidaddenebaj.com\/index.php?rest_route=\/wp\/v2\/posts\/37988\/revisions"}],"wp:featuredmedia":[{"embeddable":true,"href":"https:\/\/municipalidaddenebaj.com\/index.php?rest_route=\/wp\/v2\/media\/37989"}],"wp:attachment":[{"href":"https:\/\/municipalidaddenebaj.com\/index.php?rest_route=%2Fwp%2Fv2%2Fmedia&parent=37988"}],"wp:term":[{"taxonomy":"category","embeddable":true,"href":"https:\/\/municipalidaddenebaj.com\/index.php?rest_route=%2Fwp%2Fv2%2Fcategories&post=37988"},{"taxonomy":"post_tag","embeddable":true,"href":"https:\/\/municipalidaddenebaj.com\/index.php?rest_route=%2Fwp%2Fv2%2Ftags&post=37988"}],"curies":[{"name":"wp","href":"https:\/\/api.w.org\/{rel}","templated":true}]}}