{"id":38158,"date":"2024-12-02T21:39:22","date_gmt":"2024-12-02T21:39:22","guid":{"rendered":"https:\/\/municipalidaddenebaj.com\/?p=38158"},"modified":"2024-12-02T21:39:24","modified_gmt":"2024-12-02T21:39:24","slug":"38158","status":"publish","type":"post","link":"https:\/\/municipalidaddenebaj.com\/?p=38158","title":{"rendered":""},"content":{"rendered":"\n<h2 class=\"wp-block-heading\">Taller sobre el uso adecuado de las remesas, organizado por La Coordinaci\u00f3n Municipal de Migraci\u00f3n, bajo la Direcci\u00f3n Municipal de Asuntos Sociales y Econ\u00f3micos -DIMASEC-.<\/h2>\n\n\n\n<h2 class=\"wp-block-heading\"><a href=\"https:\/\/www.facebook.com\/hashtag\/construyendofuturo?__eep__=6&amp;__cft__[0]=AZXdXSYBFVIHKGBHJrSnIxl4JjgO1zjwPGSYWmsuIQeT7B0pBTHd2DaLDsWaB0CBoNakQMwkqTZTpUbKRKaT_9aAvstMz1CGnfi4EyNrAu5w2xJ2Un98y9eFsJYR2NVS7KZl3QEDGSN9OWPg4aUAT-PqMt2cHk1Jm4A3MADfZXJFhA6Vo5TVIePTJ3aDkgJxqg8&amp;__tn__=*NK-R\">#ConstruyendoFuturo<\/a><\/h2>\n\n\n\n<iframe src=\"https:\/\/www.facebook.com\/plugins\/post.php?href=https%3A%2F%2Fwww.facebook.com%2Fpermalink.php%3Fstory_fbid%3Dpfbid036oHkoAjJ3qS18bLR2nr9MmP6R2UKtWvukSLdoBbntzusRQ51PrEDx94moHFqJQ15l%26id%3D100064424092491&#038;show_text=true&#038;width=1100\" width=\"1100\" height=\"969\" style=\"border:none;overflow:hidden\" scrolling=\"no\" frameborder=\"0\" allowfullscreen=\"true\" allow=\"autoplay; clipboard-write; encrypted-media; picture-in-picture; web-share\"><\/iframe>\n\n\n\n<figure class=\"wp-block-image size-full is-resized\"><img  title=\"\" decoding=\"async\" src=\"https:\/\/municipalidaddenebaj.com\/wp-content\/uploads\/2024\/12\/image.png\"  alt=\"image \"  class=\"wp-image-38159\" style=\"width:1450px;height:auto\"\/><\/figure>\n","protected":false},"excerpt":{"rendered":"<p>Taller sobre el uso adecuado de las remesas, organizado por La Coordinaci\u00f3n Municipal de Migraci\u00f3n,&#8230;<\/p>\n","protected":false},"author":4,"featured_media":38160,"comment_status":"open","ping_status":"open","sticky":false,"template":"","format":"standard","meta":{"_eb_attr":"","_monsterinsights_skip_tracking":false,"_monsterinsights_sitenote_active":false,"_monsterinsights_sitenote_note":"","_monsterinsights_sitenote_category":0,"footnotes":""},"categories":[1],"tags":[],"class_list":["post-38158","post","type-post","status-publish","format-standard","has-post-thumbnail","hentry","category-uncategorized"],"featured_image_urls":{"full":["https:\/\/municipalidaddenebaj.com\/wp-content\/uploads\/2024\/12\/464851213_956591093165018_7148976211532538023_n.jpg",593,395,false],"thumbnail":["https:\/\/municipalidaddenebaj.com\/wp-content\/uploads\/2024\/12\/464851213_956591093165018_7148976211532538023_n-400x395.jpg",400,395,true],"medium":["https:\/\/municipalidaddenebaj.com\/wp-content\/uploads\/2024\/12\/464851213_956591093165018_7148976211532538023_n.jpg",593,395,false],"medium_large":["https:\/\/municipalidaddenebaj.com\/wp-content\/uploads\/2024\/12\/464851213_956591093165018_7148976211532538023_n.jpg",593,395,false],"large":["https:\/\/municipalidaddenebaj.com\/wp-content\/uploads\/2024\/12\/464851213_956591093165018_7148976211532538023_n-510x340.jpg",510,340,true],"ezd_searrch_thumb16x16":["https:\/\/municipalidaddenebaj.com\/wp-content\/uploads\/2024\/12\/464851213_956591093165018_7148976211532538023_n.jpg",16,11,false],"ezd_searrch_thumb50x50":["https:\/\/municipalidaddenebaj.com\/wp-content\/uploads\/2024\/12\/464851213_956591093165018_7148976211532538023_n.jpg",50,33,false],"1536x1536":["https:\/\/municipalidaddenebaj.com\/wp-content\/uploads\/2024\/12\/464851213_956591093165018_7148976211532538023_n.jpg",593,395,false],"2048x2048":["https:\/\/municipalidaddenebaj.com\/wp-content\/uploads\/2024\/12\/464851213_956591093165018_7148976211532538023_n.jpg",593,395,false],"covernews-featured":["https:\/\/municipalidaddenebaj.com\/wp-content\/uploads\/2024\/12\/464851213_956591093165018_7148976211532538023_n.jpg",593,395,false],"covernews-medium":["https:\/\/municipalidaddenebaj.com\/wp-content\/uploads\/2024\/12\/464851213_956591093165018_7148976211532538023_n-540x340.jpg",540,340,true],"woocommerce_thumbnail":["https:\/\/municipalidaddenebaj.com\/wp-content\/uploads\/2024\/12\/464851213_956591093165018_7148976211532538023_n-300x300.jpg",300,300,true],"woocommerce_single":["https:\/\/municipalidaddenebaj.com\/wp-content\/uploads\/2024\/12\/464851213_956591093165018_7148976211532538023_n.jpg",593,395,false],"woocommerce_gallery_thumbnail":["https:\/\/municipalidaddenebaj.com\/wp-content\/uploads\/2024\/12\/464851213_956591093165018_7148976211532538023_n-100x100.jpg",100,100,true]},"author_info":{"display_name":"Editor","author_link":"https:\/\/municipalidaddenebaj.com\/?author=4"},"category_info":"<a href=\"https:\/\/municipalidaddenebaj.com\/?cat=1\" rel=\"category\">Uncategorized<\/a>","tag_info":"Uncategorized","comment_count":"0","_links":{"self":[{"href":"https:\/\/municipalidaddenebaj.com\/index.php?rest_route=\/wp\/v2\/posts\/38158","targetHints":{"allow":["GET"]}}],"collection":[{"href":"https:\/\/municipalidaddenebaj.com\/index.php?rest_route=\/wp\/v2\/posts"}],"about":[{"href":"https:\/\/municipalidaddenebaj.com\/index.php?rest_route=\/wp\/v2\/types\/post"}],"author":[{"embeddable":true,"href":"https:\/\/municipalidaddenebaj.com\/index.php?rest_route=\/wp\/v2\/users\/4"}],"replies":[{"embeddable":true,"href":"https:\/\/municipalidaddenebaj.com\/index.php?rest_route=%2Fwp%2Fv2%2Fcomments&post=38158"}],"version-history":[{"count":0,"href":"https:\/\/municipalidaddenebaj.com\/index.php?rest_route=\/wp\/v2\/posts\/38158\/revisions"}],"wp:featuredmedia":[{"embeddable":true,"href":"https:\/\/municipalidaddenebaj.com\/index.php?rest_route=\/wp\/v2\/media\/38160"}],"wp:attachment":[{"href":"https:\/\/municipalidaddenebaj.com\/index.php?rest_route=%2Fwp%2Fv2%2Fmedia&parent=38158"}],"wp:term":[{"taxonomy":"category","embeddable":true,"href":"https:\/\/municipalidaddenebaj.com\/index.php?rest_route=%2Fwp%2Fv2%2Fcategories&post=38158"},{"taxonomy":"post_tag","embeddable":true,"href":"https:\/\/municipalidaddenebaj.com\/index.php?rest_route=%2Fwp%2Fv2%2Ftags&post=38158"}],"curies":[{"name":"wp","href":"https:\/\/api.w.org\/{rel}","templated":true}]}}