{"id":38186,"date":"2024-12-02T22:36:28","date_gmt":"2024-12-02T22:36:28","guid":{"rendered":"https:\/\/municipalidaddenebaj.com\/?p=38186"},"modified":"2024-12-02T22:36:31","modified_gmt":"2024-12-02T22:36:31","slug":"38186","status":"publish","type":"post","link":"https:\/\/municipalidaddenebaj.com\/?p=38186","title":{"rendered":""},"content":{"rendered":"\n<h2 class=\"wp-block-heading\">El Sr. Alcalde <a href=\"https:\/\/www.facebook.com\/profile.php?id=100065359905403&amp;__cft__[0]=AZU3aiq5XNhAC64aueG-kjBnYFV0jRgnwCsRYYu6q6Yq-7MHowIBaYYnmtc0mlslbOtQust5-FfoxvDr2URC6Vj56VKPSQKbbIz9KOFN9kfcSFGYwJtx06sFgtZeGRVLbwYjtLI_H055DE_fIOGZXTCU-0ovYhoYLUv8gpvZ9uWh7Hz_R4hWOq_MXxqh4OoJUMY&amp;__tn__=-]K-R\">Ram\u00f3n Raymundo<\/a>, en compa\u00f1\u00eda de su Honorable Concejo estuvieron presentes en la finalizaci\u00f3n del trabajo de balasto de caminos entre casas de la Aldea La Laguna Tzalbal.<\/h2>\n\n\n\n<h2 class=\"wp-block-heading\">\u00a1Comprometidos con la mejora de caminos en cada una de las comunidades de nuestro Municipio!<\/h2>\n\n\n\n<h2 class=\"wp-block-heading\"><a href=\"https:\/\/www.facebook.com\/hashtag\/construyendofuturo?__eep__=6&amp;__cft__[0]=AZU3aiq5XNhAC64aueG-kjBnYFV0jRgnwCsRYYu6q6Yq-7MHowIBaYYnmtc0mlslbOtQust5-FfoxvDr2URC6Vj56VKPSQKbbIz9KOFN9kfcSFGYwJtx06sFgtZeGRVLbwYjtLI_H055DE_fIOGZXTCU-0ovYhoYLUv8gpvZ9uWh7Hz_R4hWOq_MXxqh4OoJUMY&amp;__tn__=*NK-R\">#ConstruyendoFuturo<\/a><\/h2>\n\n\n\n<iframe src=\"https:\/\/www.facebook.com\/plugins\/post.php?href=https%3A%2F%2Fwww.facebook.com%2Fpermalink.php%3Fstory_fbid%3Dpfbid02rfn2EMCVZrCuM2msKKH9kNyyuMsuH6NLqrV7s8p1b3qxxYvTFdiHYFGcE1tk8D2ml%26id%3D100064424092491&#038;show_text=true&#038;width=1100\" width=\"1100\" height=\"964\" style=\"border:none;overflow:hidden\" scrolling=\"no\" frameborder=\"0\" allowfullscreen=\"true\" allow=\"autoplay; clipboard-write; encrypted-media; picture-in-picture; web-share\"><\/iframe>\n\n\n\n<figure class=\"wp-block-image size-full is-resized\"><img  title=\"\" decoding=\"async\" src=\"https:\/\/municipalidaddenebaj.com\/wp-content\/uploads\/2024\/12\/image-7.png\"  alt=\"image-7 \"  class=\"wp-image-38187\" style=\"width:1450px;height:auto\"\/><\/figure>\n","protected":false},"excerpt":{"rendered":"<p>El Sr. Alcalde Ram\u00f3n Raymundo, en compa\u00f1\u00eda de su Honorable Concejo estuvieron presentes en la&#8230;<\/p>\n","protected":false},"author":4,"featured_media":38188,"comment_status":"open","ping_status":"open","sticky":false,"template":"","format":"standard","meta":{"_eb_attr":"","_monsterinsights_skip_tracking":false,"_monsterinsights_sitenote_active":false,"_monsterinsights_sitenote_note":"","_monsterinsights_sitenote_category":0,"footnotes":""},"categories":[1],"tags":[],"class_list":["post-38186","post","type-post","status-publish","format-standard","has-post-thumbnail","hentry","category-uncategorized"],"featured_image_urls":{"full":["https:\/\/municipalidaddenebaj.com\/wp-content\/uploads\/2024\/12\/468620303_979525167538277_3870172696262373414_n.jpg",1080,720,false],"thumbnail":["https:\/\/municipalidaddenebaj.com\/wp-content\/uploads\/2024\/12\/468620303_979525167538277_3870172696262373414_n-400x400.jpg",400,400,true],"medium":["https:\/\/municipalidaddenebaj.com\/wp-content\/uploads\/2024\/12\/468620303_979525167538277_3870172696262373414_n-594x396.jpg",594,396,true],"medium_large":["https:\/\/municipalidaddenebaj.com\/wp-content\/uploads\/2024\/12\/468620303_979525167538277_3870172696262373414_n-768x512.jpg",640,427,true],"large":["https:\/\/municipalidaddenebaj.com\/wp-content\/uploads\/2024\/12\/468620303_979525167538277_3870172696262373414_n-510x340.jpg",510,340,true],"ezd_searrch_thumb16x16":["https:\/\/municipalidaddenebaj.com\/wp-content\/uploads\/2024\/12\/468620303_979525167538277_3870172696262373414_n.jpg",16,11,false],"ezd_searrch_thumb50x50":["https:\/\/municipalidaddenebaj.com\/wp-content\/uploads\/2024\/12\/468620303_979525167538277_3870172696262373414_n.jpg",50,33,false],"1536x1536":["https:\/\/municipalidaddenebaj.com\/wp-content\/uploads\/2024\/12\/468620303_979525167538277_3870172696262373414_n.jpg",1080,720,false],"2048x2048":["https:\/\/municipalidaddenebaj.com\/wp-content\/uploads\/2024\/12\/468620303_979525167538277_3870172696262373414_n.jpg",1080,720,false],"covernews-featured":["https:\/\/municipalidaddenebaj.com\/wp-content\/uploads\/2024\/12\/468620303_979525167538277_3870172696262373414_n-1024x683.jpg",1024,683,true],"covernews-medium":["https:\/\/municipalidaddenebaj.com\/wp-content\/uploads\/2024\/12\/468620303_979525167538277_3870172696262373414_n-540x340.jpg",540,340,true],"woocommerce_thumbnail":["https:\/\/municipalidaddenebaj.com\/wp-content\/uploads\/2024\/12\/468620303_979525167538277_3870172696262373414_n-300x300.jpg",300,300,true],"woocommerce_single":["https:\/\/municipalidaddenebaj.com\/wp-content\/uploads\/2024\/12\/468620303_979525167538277_3870172696262373414_n-600x400.jpg",600,400,true],"woocommerce_gallery_thumbnail":["https:\/\/municipalidaddenebaj.com\/wp-content\/uploads\/2024\/12\/468620303_979525167538277_3870172696262373414_n-100x100.jpg",100,100,true]},"author_info":{"display_name":"Editor","author_link":"https:\/\/municipalidaddenebaj.com\/?author=4"},"category_info":"<a href=\"https:\/\/municipalidaddenebaj.com\/?cat=1\" rel=\"category\">Uncategorized<\/a>","tag_info":"Uncategorized","comment_count":"0","_links":{"self":[{"href":"https:\/\/municipalidaddenebaj.com\/index.php?rest_route=\/wp\/v2\/posts\/38186","targetHints":{"allow":["GET"]}}],"collection":[{"href":"https:\/\/municipalidaddenebaj.com\/index.php?rest_route=\/wp\/v2\/posts"}],"about":[{"href":"https:\/\/municipalidaddenebaj.com\/index.php?rest_route=\/wp\/v2\/types\/post"}],"author":[{"embeddable":true,"href":"https:\/\/municipalidaddenebaj.com\/index.php?rest_route=\/wp\/v2\/users\/4"}],"replies":[{"embeddable":true,"href":"https:\/\/municipalidaddenebaj.com\/index.php?rest_route=%2Fwp%2Fv2%2Fcomments&post=38186"}],"version-history":[{"count":0,"href":"https:\/\/municipalidaddenebaj.com\/index.php?rest_route=\/wp\/v2\/posts\/38186\/revisions"}],"wp:featuredmedia":[{"embeddable":true,"href":"https:\/\/municipalidaddenebaj.com\/index.php?rest_route=\/wp\/v2\/media\/38188"}],"wp:attachment":[{"href":"https:\/\/municipalidaddenebaj.com\/index.php?rest_route=%2Fwp%2Fv2%2Fmedia&parent=38186"}],"wp:term":[{"taxonomy":"category","embeddable":true,"href":"https:\/\/municipalidaddenebaj.com\/index.php?rest_route=%2Fwp%2Fv2%2Fcategories&post=38186"},{"taxonomy":"post_tag","embeddable":true,"href":"https:\/\/municipalidaddenebaj.com\/index.php?rest_route=%2Fwp%2Fv2%2Ftags&post=38186"}],"curies":[{"name":"wp","href":"https:\/\/api.w.org\/{rel}","templated":true}]}}