{"id":38355,"date":"2024-12-11T20:32:56","date_gmt":"2024-12-11T20:32:56","guid":{"rendered":"https:\/\/municipalidaddenebaj.com\/?p=38355"},"modified":"2024-12-11T20:32:57","modified_gmt":"2024-12-11T20:32:57","slug":"38355","status":"publish","type":"post","link":"https:\/\/municipalidaddenebaj.com\/?p=38355","title":{"rendered":""},"content":{"rendered":"\n<h2 class=\"wp-block-heading\">El Sr. Alcalde Municipal <a href=\"https:\/\/www.facebook.com\/profile.php?id=100065359905403&amp;__cft__[0]=AZUSRkQUJqYT94lSyGrUz-GwhzPr0t7xnNqdd0Gt7Tk4ZOJ_JoHoKHBnQh7_vmTLDJb4ue5PhuKh95xIp8mZykI6q7M4QIFligBoUknto8TLzt-YBSzRyh3QwUTL31_cajR5hlwoR6ERNbxx5PL7sr7-BkM_iDSANRK5OmAty2H-_pkaropKnehsLlXIDjaJhus&amp;__tn__=-]K-R\">Ram\u00f3n Raymundo<\/a>, miembros del Concejo Municipal y Save The Children, realizaron la inauguraci\u00f3n de la Cocina Escolar en la Comunidad de Acul, d\u00f3nde la Municipalidad Realiz\u00f3 la Contrataci\u00f3n de Mano de Obra para la Construcci\u00f3n de Cocina Escolar de la E.O.R.M Aldea Acul, Nebaj-Quich\u00e9.<\/h2>\n\n\n\n<h2 class=\"wp-block-heading\"><a href=\"https:\/\/www.facebook.com\/hashtag\/construyendofuturo?__eep__=6&amp;__cft__[0]=AZUSRkQUJqYT94lSyGrUz-GwhzPr0t7xnNqdd0Gt7Tk4ZOJ_JoHoKHBnQh7_vmTLDJb4ue5PhuKh95xIp8mZykI6q7M4QIFligBoUknto8TLzt-YBSzRyh3QwUTL31_cajR5hlwoR6ERNbxx5PL7sr7-BkM_iDSANRK5OmAty2H-_pkaropKnehsLlXIDjaJhus&amp;__tn__=*NK-R\">#ConstruyendoFuturo<\/a><\/h2>\n\n\n\n<iframe src=\"https:\/\/www.facebook.com\/plugins\/post.php?href=https%3A%2F%2Fwww.facebook.com%2Fpermalink.php%3Fstory_fbid%3Dpfbid02AS56JMwhJz6UKXdhbvXXa6WqtTWBZN3GpocTHGbmuKuQStY6RtH211qiYF25rMeRl%26id%3D100064424092491&#038;show_text=true&#038;width=1100\" width=\"1100\" height=\"948\" style=\"border:none;overflow:hidden\" scrolling=\"no\" frameborder=\"0\" allowfullscreen=\"true\" allow=\"autoplay; clipboard-write; encrypted-media; picture-in-picture; web-share\"><\/iframe>\n\n\n\n<figure class=\"wp-block-image size-full is-resized\"><img  title=\"\" decoding=\"async\" src=\"https:\/\/municipalidaddenebaj.com\/wp-content\/uploads\/2024\/12\/image-10.png\"  alt=\"image-10 \"  class=\"wp-image-38356\" style=\"width:1450px;height:auto\"\/><\/figure>\n","protected":false},"excerpt":{"rendered":"<p>El Sr. Alcalde Municipal Ram\u00f3n Raymundo, miembros del Concejo Municipal y Save The Children, realizaron&#8230;<\/p>\n","protected":false},"author":4,"featured_media":38357,"comment_status":"open","ping_status":"open","sticky":false,"template":"","format":"standard","meta":{"_eb_attr":"","_monsterinsights_skip_tracking":false,"_monsterinsights_sitenote_active":false,"_monsterinsights_sitenote_note":"","_monsterinsights_sitenote_category":0,"footnotes":""},"categories":[1],"tags":[],"class_list":["post-38355","post","type-post","status-publish","format-standard","has-post-thumbnail","hentry","category-uncategorized"],"featured_image_urls":{"full":["https:\/\/municipalidaddenebaj.com\/wp-content\/uploads\/2024\/12\/469779832_984410423716418_2371879402726225185_n.jpg",593,395,false],"thumbnail":["https:\/\/municipalidaddenebaj.com\/wp-content\/uploads\/2024\/12\/469779832_984410423716418_2371879402726225185_n-400x395.jpg",400,395,true],"medium":["https:\/\/municipalidaddenebaj.com\/wp-content\/uploads\/2024\/12\/469779832_984410423716418_2371879402726225185_n.jpg",593,395,false],"medium_large":["https:\/\/municipalidaddenebaj.com\/wp-content\/uploads\/2024\/12\/469779832_984410423716418_2371879402726225185_n.jpg",593,395,false],"large":["https:\/\/municipalidaddenebaj.com\/wp-content\/uploads\/2024\/12\/469779832_984410423716418_2371879402726225185_n-510x340.jpg",510,340,true],"ezd_searrch_thumb16x16":["https:\/\/municipalidaddenebaj.com\/wp-content\/uploads\/2024\/12\/469779832_984410423716418_2371879402726225185_n.jpg",16,11,false],"ezd_searrch_thumb50x50":["https:\/\/municipalidaddenebaj.com\/wp-content\/uploads\/2024\/12\/469779832_984410423716418_2371879402726225185_n.jpg",50,33,false],"1536x1536":["https:\/\/municipalidaddenebaj.com\/wp-content\/uploads\/2024\/12\/469779832_984410423716418_2371879402726225185_n.jpg",593,395,false],"2048x2048":["https:\/\/municipalidaddenebaj.com\/wp-content\/uploads\/2024\/12\/469779832_984410423716418_2371879402726225185_n.jpg",593,395,false],"covernews-featured":["https:\/\/municipalidaddenebaj.com\/wp-content\/uploads\/2024\/12\/469779832_984410423716418_2371879402726225185_n.jpg",593,395,false],"covernews-medium":["https:\/\/municipalidaddenebaj.com\/wp-content\/uploads\/2024\/12\/469779832_984410423716418_2371879402726225185_n-540x340.jpg",540,340,true],"woocommerce_thumbnail":["https:\/\/municipalidaddenebaj.com\/wp-content\/uploads\/2024\/12\/469779832_984410423716418_2371879402726225185_n-300x300.jpg",300,300,true],"woocommerce_single":["https:\/\/municipalidaddenebaj.com\/wp-content\/uploads\/2024\/12\/469779832_984410423716418_2371879402726225185_n.jpg",593,395,false],"woocommerce_gallery_thumbnail":["https:\/\/municipalidaddenebaj.com\/wp-content\/uploads\/2024\/12\/469779832_984410423716418_2371879402726225185_n-100x100.jpg",100,100,true]},"author_info":{"display_name":"Editor","author_link":"https:\/\/municipalidaddenebaj.com\/?author=4"},"category_info":"<a href=\"https:\/\/municipalidaddenebaj.com\/?cat=1\" rel=\"category\">Uncategorized<\/a>","tag_info":"Uncategorized","comment_count":"0","_links":{"self":[{"href":"https:\/\/municipalidaddenebaj.com\/index.php?rest_route=\/wp\/v2\/posts\/38355","targetHints":{"allow":["GET"]}}],"collection":[{"href":"https:\/\/municipalidaddenebaj.com\/index.php?rest_route=\/wp\/v2\/posts"}],"about":[{"href":"https:\/\/municipalidaddenebaj.com\/index.php?rest_route=\/wp\/v2\/types\/post"}],"author":[{"embeddable":true,"href":"https:\/\/municipalidaddenebaj.com\/index.php?rest_route=\/wp\/v2\/users\/4"}],"replies":[{"embeddable":true,"href":"https:\/\/municipalidaddenebaj.com\/index.php?rest_route=%2Fwp%2Fv2%2Fcomments&post=38355"}],"version-history":[{"count":0,"href":"https:\/\/municipalidaddenebaj.com\/index.php?rest_route=\/wp\/v2\/posts\/38355\/revisions"}],"wp:featuredmedia":[{"embeddable":true,"href":"https:\/\/municipalidaddenebaj.com\/index.php?rest_route=\/wp\/v2\/media\/38357"}],"wp:attachment":[{"href":"https:\/\/municipalidaddenebaj.com\/index.php?rest_route=%2Fwp%2Fv2%2Fmedia&parent=38355"}],"wp:term":[{"taxonomy":"category","embeddable":true,"href":"https:\/\/municipalidaddenebaj.com\/index.php?rest_route=%2Fwp%2Fv2%2Fcategories&post=38355"},{"taxonomy":"post_tag","embeddable":true,"href":"https:\/\/municipalidaddenebaj.com\/index.php?rest_route=%2Fwp%2Fv2%2Ftags&post=38355"}],"curies":[{"name":"wp","href":"https:\/\/api.w.org\/{rel}","templated":true}]}}