{"id":38359,"date":"2024-12-11T20:43:55","date_gmt":"2024-12-11T20:43:55","guid":{"rendered":"https:\/\/municipalidaddenebaj.com\/?p=38359"},"modified":"2024-12-11T20:43:57","modified_gmt":"2024-12-11T20:43:57","slug":"38359","status":"publish","type":"post","link":"https:\/\/municipalidaddenebaj.com\/?p=38359","title":{"rendered":""},"content":{"rendered":"\n<h2 class=\"wp-block-heading\">A traves de Coordinaciones Interinstitucionales se llev\u00f3 a cabo la entrega de la segunda fase de la Escuela T\u00e9cnica de Campo para la Alimentaci\u00f3n Escolar -ETCAE- bajo la Direcci\u00f3n Municipal de Asuntos Sociales y Econ\u00f3micos -DIMASEC- a la Municipalidad de Nebaj, con la participacion del Sr. Alcalde <a href=\"https:\/\/www.facebook.com\/profile.php?id=100065359905403&amp;__cft__[0]=AZVsfFWlt29Skj40Xp3pjrZDvfWl1oDrfUlGR9yBSB6Vvx18Rpf0cTxdt_DnMtYf74M7pYFt8AgmxCEdrjeyuR_xBVQ47gFEkjAhbUs8zRk7yO92YQECtUzZWrIbKSy4kODli-IcajtsUQ3L-ZkAuy3GZzY-Q0OZkWecVWA-FlnNew_uaHGi5c2MopnTlqHNFB0&amp;__tn__=-]K-R\">Ram\u00f3n Raymundo<\/a>, Representantes del Programa Mundial de Alimentos, Save the Children, Ministerio de Agricultura, Ganaderia y Alimentacion -MAGA-, DEGEEX, TEJDESA y POPOYAN, quienes <a><\/a>forman parte de este Centro de Formacion a Peque\u00f1os Agricultores con Especialidad en Alimentacion Escola.<\/h2>\n\n\n\n<h2 class=\"wp-block-heading\">Adem\u00e1s se hizo la entrega de m\u00f3dulos de Invernadero, M\u00f3dulo de Casa malla, Modulo Porcino, M\u00f3dulo Apicola, Sistemas de Riego por Microaspersion y Sistemas de Riego Autocompensado.<\/h2>\n\n\n\n<h2 class=\"wp-block-heading\"><a href=\"https:\/\/www.facebook.com\/hashtag\/construyendofuturo?__eep__=6&amp;__cft__[0]=AZVsfFWlt29Skj40Xp3pjrZDvfWl1oDrfUlGR9yBSB6Vvx18Rpf0cTxdt_DnMtYf74M7pYFt8AgmxCEdrjeyuR_xBVQ47gFEkjAhbUs8zRk7yO92YQECtUzZWrIbKSy4kODli-IcajtsUQ3L-ZkAuy3GZzY-Q0OZkWecVWA-FlnNew_uaHGi5c2MopnTlqHNFB0&amp;__tn__=*NK-R\">#ConstruyendoFuturo<\/a><\/h2>\n\n\n\n<iframe src=\"https:\/\/www.facebook.com\/plugins\/post.php?href=https%3A%2F%2Fwww.facebook.com%2Fpermalink.php%3Fstory_fbid%3Dpfbid02VFWvcb8DbWgHpDyJUXkSgb9iAKEFzppb3DWmrBnk9m3Co4e7Ezcgt2coETfWYeJil%26id%3D100064424092491&#038;show_text=true&#038;width=1100\" width=\"1100\" height=\"1080\" style=\"border:none;overflow:hidden\" scrolling=\"no\" frameborder=\"0\" allowfullscreen=\"true\" allow=\"autoplay; clipboard-write; encrypted-media; picture-in-picture; web-share\"><\/iframe>\n\n\n\n<figure class=\"wp-block-image size-full is-resized\"><img  title=\"\" decoding=\"async\" src=\"https:\/\/municipalidaddenebaj.com\/wp-content\/uploads\/2024\/12\/image-11.png\"  alt=\"image-11 \"  class=\"wp-image-38360\" style=\"width:1450px;height:auto\"\/><\/figure>\n","protected":false},"excerpt":{"rendered":"<p>A traves de Coordinaciones Interinstitucionales se llev\u00f3 a cabo la entrega de la segunda fase&#8230;<\/p>\n","protected":false},"author":4,"featured_media":38361,"comment_status":"open","ping_status":"open","sticky":false,"template":"","format":"standard","meta":{"_eb_attr":"","_monsterinsights_skip_tracking":false,"_monsterinsights_sitenote_active":false,"_monsterinsights_sitenote_note":"","_monsterinsights_sitenote_category":0,"footnotes":""},"categories":[1],"tags":[],"class_list":["post-38359","post","type-post","status-publish","format-standard","has-post-thumbnail","hentry","category-uncategorized"],"featured_image_urls":{"full":["https:\/\/municipalidaddenebaj.com\/wp-content\/uploads\/2024\/12\/469399563_984930893664371_2235515546306492880_n.jpg",1600,1066,false],"thumbnail":["https:\/\/municipalidaddenebaj.com\/wp-content\/uploads\/2024\/12\/469399563_984930893664371_2235515546306492880_n-400x400.jpg",400,400,true],"medium":["https:\/\/municipalidaddenebaj.com\/wp-content\/uploads\/2024\/12\/469399563_984930893664371_2235515546306492880_n-594x396.jpg",594,396,true],"medium_large":["https:\/\/municipalidaddenebaj.com\/wp-content\/uploads\/2024\/12\/469399563_984930893664371_2235515546306492880_n-768x512.jpg",640,427,true],"large":["https:\/\/municipalidaddenebaj.com\/wp-content\/uploads\/2024\/12\/469399563_984930893664371_2235515546306492880_n-510x340.jpg",510,340,true],"ezd_searrch_thumb16x16":["https:\/\/municipalidaddenebaj.com\/wp-content\/uploads\/2024\/12\/469399563_984930893664371_2235515546306492880_n.jpg",16,11,false],"ezd_searrch_thumb50x50":["https:\/\/municipalidaddenebaj.com\/wp-content\/uploads\/2024\/12\/469399563_984930893664371_2235515546306492880_n.jpg",50,33,false],"1536x1536":["https:\/\/municipalidaddenebaj.com\/wp-content\/uploads\/2024\/12\/469399563_984930893664371_2235515546306492880_n-1536x1023.jpg",1536,1023,true],"2048x2048":["https:\/\/municipalidaddenebaj.com\/wp-content\/uploads\/2024\/12\/469399563_984930893664371_2235515546306492880_n.jpg",1600,1066,false],"covernews-featured":["https:\/\/municipalidaddenebaj.com\/wp-content\/uploads\/2024\/12\/469399563_984930893664371_2235515546306492880_n-1024x682.jpg",1024,682,true],"covernews-medium":["https:\/\/municipalidaddenebaj.com\/wp-content\/uploads\/2024\/12\/469399563_984930893664371_2235515546306492880_n-540x340.jpg",540,340,true],"woocommerce_thumbnail":["https:\/\/municipalidaddenebaj.com\/wp-content\/uploads\/2024\/12\/469399563_984930893664371_2235515546306492880_n-300x300.jpg",300,300,true],"woocommerce_single":["https:\/\/municipalidaddenebaj.com\/wp-content\/uploads\/2024\/12\/469399563_984930893664371_2235515546306492880_n-600x400.jpg",600,400,true],"woocommerce_gallery_thumbnail":["https:\/\/municipalidaddenebaj.com\/wp-content\/uploads\/2024\/12\/469399563_984930893664371_2235515546306492880_n-100x100.jpg",100,100,true]},"author_info":{"display_name":"Editor","author_link":"https:\/\/municipalidaddenebaj.com\/?author=4"},"category_info":"<a href=\"https:\/\/municipalidaddenebaj.com\/?cat=1\" rel=\"category\">Uncategorized<\/a>","tag_info":"Uncategorized","comment_count":"0","_links":{"self":[{"href":"https:\/\/municipalidaddenebaj.com\/index.php?rest_route=\/wp\/v2\/posts\/38359","targetHints":{"allow":["GET"]}}],"collection":[{"href":"https:\/\/municipalidaddenebaj.com\/index.php?rest_route=\/wp\/v2\/posts"}],"about":[{"href":"https:\/\/municipalidaddenebaj.com\/index.php?rest_route=\/wp\/v2\/types\/post"}],"author":[{"embeddable":true,"href":"https:\/\/municipalidaddenebaj.com\/index.php?rest_route=\/wp\/v2\/users\/4"}],"replies":[{"embeddable":true,"href":"https:\/\/municipalidaddenebaj.com\/index.php?rest_route=%2Fwp%2Fv2%2Fcomments&post=38359"}],"version-history":[{"count":0,"href":"https:\/\/municipalidaddenebaj.com\/index.php?rest_route=\/wp\/v2\/posts\/38359\/revisions"}],"wp:featuredmedia":[{"embeddable":true,"href":"https:\/\/municipalidaddenebaj.com\/index.php?rest_route=\/wp\/v2\/media\/38361"}],"wp:attachment":[{"href":"https:\/\/municipalidaddenebaj.com\/index.php?rest_route=%2Fwp%2Fv2%2Fmedia&parent=38359"}],"wp:term":[{"taxonomy":"category","embeddable":true,"href":"https:\/\/municipalidaddenebaj.com\/index.php?rest_route=%2Fwp%2Fv2%2Fcategories&post=38359"},{"taxonomy":"post_tag","embeddable":true,"href":"https:\/\/municipalidaddenebaj.com\/index.php?rest_route=%2Fwp%2Fv2%2Ftags&post=38359"}],"curies":[{"name":"wp","href":"https:\/\/api.w.org\/{rel}","templated":true}]}}