{"id":38381,"date":"2024-12-13T15:53:43","date_gmt":"2024-12-13T15:53:43","guid":{"rendered":"https:\/\/municipalidaddenebaj.com\/?p=38381"},"modified":"2024-12-17T16:06:59","modified_gmt":"2024-12-17T16:06:59","slug":"38381","status":"publish","type":"post","link":"https:\/\/municipalidaddenebaj.com\/?p=38381","title":{"rendered":"Proyecto Construcci\u00f3n de Muro de Contenci\u00f3n de la Escuela Oficial Rural Mixta, comunidad Nueva Esperanza"},"content":{"rendered":"\n<h2 class=\"wp-block-heading\">El Sr. Alcalde Ram\u00f3n Raymundo y miembros del Honorable Concejo comprometidos con el desarrollo y apoyo a la Educaci\u00f3n en nuestro Municipio. Realizaron el acto simb\u00f3lico de colocaci\u00f3n de la primera piedra del \u00abProyecto Construcci\u00f3n de Muro de Contenci\u00f3n de la Escuela Oficial Rural Mixta, comunidad Nueva Esperanza\u00bb<\/h2>\n\n\n\n<h2 class=\"wp-block-heading\">Dicho proyecto tiene por objetivo brindar instalaciones seguras en donde los ni\u00f1os y maestros puedan impartir y recibir clases el pr\u00f3ximo ciclo escolar.<\/h2>\n\n\n\n<h2 class=\"wp-block-heading\"><a href=\"https:\/\/www.facebook.com\/hashtag\/construyendofuturo?__eep__=6&amp;__cft__[0]=AZWdapNnldFwFsqSgLb2R9vALs7VtRI14_gRXzJPp1TT-fD-nsJ3z8sV1pybeabYCZxvvwjnpYValUw1a_O06RzUCOyHd2_WWep-a0EvEDcUJ8AnqJ2FVAn1OyrznCOlpOe8_ibonX3OP5xQ5I-xlAS3sB8Yn09zi1nljdzQcHQylNGeRawD6fl6iqrdIbNGWns&amp;__tn__=*NK-R\">#ConstruyendoFuturo<\/a><\/h2>\n\n\n\n<iframe src=\"https:\/\/www.facebook.com\/plugins\/post.php?href=https%3A%2F%2Fwww.facebook.com%2Fpermalink.php%3Fstory_fbid%3Dpfbid02STT6Gmf5FiN9a3MpxMHVai2U2U8vJT55n4W4DYVCJxxTeAjp4aQJ4eeS82RnDjMol%26id%3D100064424092491&#038;show_text=true&#038;width=1100\" width=\"1100\" height=\"990\" style=\"border:none;overflow:hidden\" scrolling=\"no\" frameborder=\"0\" allowfullscreen=\"true\" allow=\"autoplay; clipboard-write; encrypted-media; picture-in-picture; web-share\"><\/iframe>\n\n\n\n<figure class=\"wp-block-image size-full is-resized\"><img  title=\"\" decoding=\"async\" src=\"https:\/\/municipalidaddenebaj.com\/wp-content\/uploads\/2024\/12\/image-13.png\"  alt=\"image-13 Proyecto Construcci\u00f3n de Muro de Contenci\u00f3n de la Escuela Oficial Rural Mixta, comunidad Nueva Esperanza\"  class=\"wp-image-38382\" style=\"width:1450px;height:auto\"\/><\/figure>\n","protected":false},"excerpt":{"rendered":"<p>El Sr. Alcalde Ram\u00f3n Raymundo y miembros del Honorable Concejo comprometidos con el desarrollo y&#8230;<\/p>\n","protected":false},"author":4,"featured_media":38383,"comment_status":"open","ping_status":"open","sticky":false,"template":"","format":"standard","meta":{"_eb_attr":"","_monsterinsights_skip_tracking":false,"_monsterinsights_sitenote_active":false,"_monsterinsights_sitenote_note":"","_monsterinsights_sitenote_category":0,"footnotes":""},"categories":[1],"tags":[],"class_list":["post-38381","post","type-post","status-publish","format-standard","has-post-thumbnail","hentry","category-uncategorized"],"featured_image_urls":{"full":["https:\/\/municipalidaddenebaj.com\/wp-content\/uploads\/2024\/12\/470143709_986815236809270_3332856730294603958_n.jpg",1600,1066,false],"thumbnail":["https:\/\/municipalidaddenebaj.com\/wp-content\/uploads\/2024\/12\/470143709_986815236809270_3332856730294603958_n-400x400.jpg",400,400,true],"medium":["https:\/\/municipalidaddenebaj.com\/wp-content\/uploads\/2024\/12\/470143709_986815236809270_3332856730294603958_n-594x396.jpg",594,396,true],"medium_large":["https:\/\/municipalidaddenebaj.com\/wp-content\/uploads\/2024\/12\/470143709_986815236809270_3332856730294603958_n-768x512.jpg",640,427,true],"large":["https:\/\/municipalidaddenebaj.com\/wp-content\/uploads\/2024\/12\/470143709_986815236809270_3332856730294603958_n-510x340.jpg",510,340,true],"ezd_searrch_thumb16x16":["https:\/\/municipalidaddenebaj.com\/wp-content\/uploads\/2024\/12\/470143709_986815236809270_3332856730294603958_n.jpg",16,11,false],"ezd_searrch_thumb50x50":["https:\/\/municipalidaddenebaj.com\/wp-content\/uploads\/2024\/12\/470143709_986815236809270_3332856730294603958_n.jpg",50,33,false],"1536x1536":["https:\/\/municipalidaddenebaj.com\/wp-content\/uploads\/2024\/12\/470143709_986815236809270_3332856730294603958_n-1536x1023.jpg",1536,1023,true],"2048x2048":["https:\/\/municipalidaddenebaj.com\/wp-content\/uploads\/2024\/12\/470143709_986815236809270_3332856730294603958_n.jpg",1600,1066,false],"covernews-featured":["https:\/\/municipalidaddenebaj.com\/wp-content\/uploads\/2024\/12\/470143709_986815236809270_3332856730294603958_n-1024x682.jpg",1024,682,true],"covernews-medium":["https:\/\/municipalidaddenebaj.com\/wp-content\/uploads\/2024\/12\/470143709_986815236809270_3332856730294603958_n-540x340.jpg",540,340,true],"woocommerce_thumbnail":["https:\/\/municipalidaddenebaj.com\/wp-content\/uploads\/2024\/12\/470143709_986815236809270_3332856730294603958_n-300x300.jpg",300,300,true],"woocommerce_single":["https:\/\/municipalidaddenebaj.com\/wp-content\/uploads\/2024\/12\/470143709_986815236809270_3332856730294603958_n-600x400.jpg",600,400,true],"woocommerce_gallery_thumbnail":["https:\/\/municipalidaddenebaj.com\/wp-content\/uploads\/2024\/12\/470143709_986815236809270_3332856730294603958_n-100x100.jpg",100,100,true]},"author_info":{"display_name":"Editor","author_link":"https:\/\/municipalidaddenebaj.com\/?author=4"},"category_info":"<a href=\"https:\/\/municipalidaddenebaj.com\/?cat=1\" rel=\"category\">Uncategorized<\/a>","tag_info":"Uncategorized","comment_count":"0","_links":{"self":[{"href":"https:\/\/municipalidaddenebaj.com\/index.php?rest_route=\/wp\/v2\/posts\/38381","targetHints":{"allow":["GET"]}}],"collection":[{"href":"https:\/\/municipalidaddenebaj.com\/index.php?rest_route=\/wp\/v2\/posts"}],"about":[{"href":"https:\/\/municipalidaddenebaj.com\/index.php?rest_route=\/wp\/v2\/types\/post"}],"author":[{"embeddable":true,"href":"https:\/\/municipalidaddenebaj.com\/index.php?rest_route=\/wp\/v2\/users\/4"}],"replies":[{"embeddable":true,"href":"https:\/\/municipalidaddenebaj.com\/index.php?rest_route=%2Fwp%2Fv2%2Fcomments&post=38381"}],"version-history":[{"count":0,"href":"https:\/\/municipalidaddenebaj.com\/index.php?rest_route=\/wp\/v2\/posts\/38381\/revisions"}],"wp:featuredmedia":[{"embeddable":true,"href":"https:\/\/municipalidaddenebaj.com\/index.php?rest_route=\/wp\/v2\/media\/38383"}],"wp:attachment":[{"href":"https:\/\/municipalidaddenebaj.com\/index.php?rest_route=%2Fwp%2Fv2%2Fmedia&parent=38381"}],"wp:term":[{"taxonomy":"category","embeddable":true,"href":"https:\/\/municipalidaddenebaj.com\/index.php?rest_route=%2Fwp%2Fv2%2Fcategories&post=38381"},{"taxonomy":"post_tag","embeddable":true,"href":"https:\/\/municipalidaddenebaj.com\/index.php?rest_route=%2Fwp%2Fv2%2Ftags&post=38381"}],"curies":[{"name":"wp","href":"https:\/\/api.w.org\/{rel}","templated":true}]}}