{"id":38446,"date":"2024-12-17T21:47:06","date_gmt":"2024-12-17T21:47:06","guid":{"rendered":"https:\/\/municipalidaddenebaj.com\/?p=38446"},"modified":"2024-12-17T21:47:07","modified_gmt":"2024-12-17T21:47:07","slug":"inauguracion-del-proyecto-denominado-mejoramiento-escuela-primaria-aldea-xeucalvitz","status":"publish","type":"post","link":"https:\/\/municipalidaddenebaj.com\/?p=38446","title":{"rendered":"INAUGURACI\u00d3N DEL PROYECTO DENOMINADO MEJORAMIENTO ESCUELA PRIMARIA ALDEA XEUCALVITZ."},"content":{"rendered":"\n<h2 class=\"wp-block-heading\">Con una enorme alegr\u00eda, vecinos de la Aldea de Xeucalvitz y aldeas cercanas recibieron al Sr. Alcalde <a href=\"https:\/\/www.facebook.com\/profile.php?id=100065359905403&amp;__cft__[0]=AZX-nEH38xPQlSltQM5oX7Y7Wsl50z7k00Q6rd0OcWbi3QPlkioSmGXYLJQMf0fJjzZ41pTOFNYBa3XsuWc0y17XwbdwOh2UtWVeBQmh-qGI1nJlLyURC8z5EKllhzd3bExaVktlVRJ3ExOnnhWqZ6mlBXTiZH6DMZFAuiYGSH_EyLQRcGsQIpDBKFCVH1f_cNs&amp;__tn__=-]K-R\">Ram\u00f3n Raymundo<\/a> y Honorable Concejo para el acto de Inauguraci\u00f3n del Proyecto denominado \u00abMejoramiento Escuela Primaria, Aldea Xeucalvitz, Nebaj, Quich\u00e9\u00bb.<\/h2>\n\n\n\n<h2 class=\"wp-block-heading\">Tal proyecto consta de la construcci\u00f3n de un muro perimetral y busca beneficiar con instalaciones aptas para ni\u00f1os y maestros ante el pr\u00f3ximo ciclo escolar.<\/h2>\n\n\n\n<h2 class=\"wp-block-heading\">\u00a1Comprometidos con el desarrollo de la educaci\u00f3n en nuestro <a><\/a>Municipio!<\/h2>\n\n\n\n<h2 class=\"wp-block-heading\"><a href=\"https:\/\/www.facebook.com\/hashtag\/construyendofuturo?__eep__=6&amp;__cft__[0]=AZX-nEH38xPQlSltQM5oX7Y7Wsl50z7k00Q6rd0OcWbi3QPlkioSmGXYLJQMf0fJjzZ41pTOFNYBa3XsuWc0y17XwbdwOh2UtWVeBQmh-qGI1nJlLyURC8z5EKllhzd3bExaVktlVRJ3ExOnnhWqZ6mlBXTiZH6DMZFAuiYGSH_EyLQRcGsQIpDBKFCVH1f_cNs&amp;__tn__=*NK-R\">#ConstruyendoFuturo<\/a><\/h2>\n\n\n\n<iframe src=\"https:\/\/www.facebook.com\/plugins\/post.php?href=https%3A%2F%2Fwww.facebook.com%2Fpermalink.php%3Fstory_fbid%3Dpfbid054AuxeSL2zgWuxCnVTishUcK2fAYBtdLW8MLd8gq17UvkjLW2vkPKvm411BGfTovl%26id%3D100064424092491&#038;show_text=true&#038;width=1100\" width=\"1100\" height=\"999\" style=\"border:none;overflow:hidden\" scrolling=\"no\" frameborder=\"0\" allowfullscreen=\"true\" allow=\"autoplay; clipboard-write; encrypted-media; picture-in-picture; web-share\"><\/iframe>\n\n\n\n<figure class=\"wp-block-image size-full is-resized\"><img  title=\"\" decoding=\"async\" src=\"https:\/\/municipalidaddenebaj.com\/wp-content\/uploads\/2024\/12\/image-18.png\"  alt=\"image-18 INAUGURACI\u00d3N DEL PROYECTO DENOMINADO MEJORAMIENTO ESCUELA PRIMARIA ALDEA XEUCALVITZ.\"  class=\"wp-image-38447\" style=\"width:1450px;height:auto\"\/><\/figure>\n","protected":false},"excerpt":{"rendered":"<p>Con una enorme alegr\u00eda, vecinos de la Aldea de Xeucalvitz y aldeas cercanas recibieron al&#8230;<\/p>\n","protected":false},"author":4,"featured_media":38448,"comment_status":"open","ping_status":"open","sticky":false,"template":"","format":"standard","meta":{"_eb_attr":"","_monsterinsights_skip_tracking":false,"_monsterinsights_sitenote_active":false,"_monsterinsights_sitenote_note":"","_monsterinsights_sitenote_category":0,"footnotes":""},"categories":[1],"tags":[],"class_list":["post-38446","post","type-post","status-publish","format-standard","has-post-thumbnail","hentry","category-uncategorized"],"featured_image_urls":{"full":["https:\/\/municipalidaddenebaj.com\/wp-content\/uploads\/2024\/12\/470178869_989918236498970_602150359284344618_n.jpg",1600,1066,false],"thumbnail":["https:\/\/municipalidaddenebaj.com\/wp-content\/uploads\/2024\/12\/470178869_989918236498970_602150359284344618_n-400x400.jpg",400,400,true],"medium":["https:\/\/municipalidaddenebaj.com\/wp-content\/uploads\/2024\/12\/470178869_989918236498970_602150359284344618_n-594x396.jpg",594,396,true],"medium_large":["https:\/\/municipalidaddenebaj.com\/wp-content\/uploads\/2024\/12\/470178869_989918236498970_602150359284344618_n-768x512.jpg",640,427,true],"large":["https:\/\/municipalidaddenebaj.com\/wp-content\/uploads\/2024\/12\/470178869_989918236498970_602150359284344618_n-510x340.jpg",510,340,true],"ezd_searrch_thumb16x16":["https:\/\/municipalidaddenebaj.com\/wp-content\/uploads\/2024\/12\/470178869_989918236498970_602150359284344618_n.jpg",16,11,false],"ezd_searrch_thumb50x50":["https:\/\/municipalidaddenebaj.com\/wp-content\/uploads\/2024\/12\/470178869_989918236498970_602150359284344618_n.jpg",50,33,false],"1536x1536":["https:\/\/municipalidaddenebaj.com\/wp-content\/uploads\/2024\/12\/470178869_989918236498970_602150359284344618_n-1536x1023.jpg",1536,1023,true],"2048x2048":["https:\/\/municipalidaddenebaj.com\/wp-content\/uploads\/2024\/12\/470178869_989918236498970_602150359284344618_n.jpg",1600,1066,false],"covernews-featured":["https:\/\/municipalidaddenebaj.com\/wp-content\/uploads\/2024\/12\/470178869_989918236498970_602150359284344618_n-1024x682.jpg",1024,682,true],"covernews-medium":["https:\/\/municipalidaddenebaj.com\/wp-content\/uploads\/2024\/12\/470178869_989918236498970_602150359284344618_n-540x340.jpg",540,340,true],"woocommerce_thumbnail":["https:\/\/municipalidaddenebaj.com\/wp-content\/uploads\/2024\/12\/470178869_989918236498970_602150359284344618_n-300x300.jpg",300,300,true],"woocommerce_single":["https:\/\/municipalidaddenebaj.com\/wp-content\/uploads\/2024\/12\/470178869_989918236498970_602150359284344618_n-600x400.jpg",600,400,true],"woocommerce_gallery_thumbnail":["https:\/\/municipalidaddenebaj.com\/wp-content\/uploads\/2024\/12\/470178869_989918236498970_602150359284344618_n-100x100.jpg",100,100,true]},"author_info":{"display_name":"Editor","author_link":"https:\/\/municipalidaddenebaj.com\/?author=4"},"category_info":"<a href=\"https:\/\/municipalidaddenebaj.com\/?cat=1\" rel=\"category\">Uncategorized<\/a>","tag_info":"Uncategorized","comment_count":"0","_links":{"self":[{"href":"https:\/\/municipalidaddenebaj.com\/index.php?rest_route=\/wp\/v2\/posts\/38446","targetHints":{"allow":["GET"]}}],"collection":[{"href":"https:\/\/municipalidaddenebaj.com\/index.php?rest_route=\/wp\/v2\/posts"}],"about":[{"href":"https:\/\/municipalidaddenebaj.com\/index.php?rest_route=\/wp\/v2\/types\/post"}],"author":[{"embeddable":true,"href":"https:\/\/municipalidaddenebaj.com\/index.php?rest_route=\/wp\/v2\/users\/4"}],"replies":[{"embeddable":true,"href":"https:\/\/municipalidaddenebaj.com\/index.php?rest_route=%2Fwp%2Fv2%2Fcomments&post=38446"}],"version-history":[{"count":0,"href":"https:\/\/municipalidaddenebaj.com\/index.php?rest_route=\/wp\/v2\/posts\/38446\/revisions"}],"wp:featuredmedia":[{"embeddable":true,"href":"https:\/\/municipalidaddenebaj.com\/index.php?rest_route=\/wp\/v2\/media\/38448"}],"wp:attachment":[{"href":"https:\/\/municipalidaddenebaj.com\/index.php?rest_route=%2Fwp%2Fv2%2Fmedia&parent=38446"}],"wp:term":[{"taxonomy":"category","embeddable":true,"href":"https:\/\/municipalidaddenebaj.com\/index.php?rest_route=%2Fwp%2Fv2%2Fcategories&post=38446"},{"taxonomy":"post_tag","embeddable":true,"href":"https:\/\/municipalidaddenebaj.com\/index.php?rest_route=%2Fwp%2Fv2%2Ftags&post=38446"}],"curies":[{"name":"wp","href":"https:\/\/api.w.org\/{rel}","templated":true}]}}