{"id":38639,"date":"2024-12-26T21:56:20","date_gmt":"2024-12-26T21:56:20","guid":{"rendered":"https:\/\/municipalidaddenebaj.com\/?p=38639"},"modified":"2024-12-26T21:56:21","modified_gmt":"2024-12-26T21:56:21","slug":"38639","status":"publish","type":"post","link":"https:\/\/municipalidaddenebaj.com\/?p=38639","title":{"rendered":""},"content":{"rendered":"\n<h2 class=\"wp-block-heading\">Con gran entusiasmo compartimos el calendario de partidos por el Tercer Lugar <img  title=\"\" decoding=\"async\" height=\"16\" width=\"16\"  alt=\"1f949 \"  src=\"https:\/\/static.xx.fbcdn.net\/images\/emoji.php\/v9\/t96\/1\/16\/1f949.png\"> y calendario de la Gran Final del Campeonato Municipal Navide\u00f1o de Futsala<img  title=\"\" decoding=\"async\" height=\"16\" width=\"16\"  alt=\"1f3c6 \"  src=\"https:\/\/static.xx.fbcdn.net\/images\/emoji.php\/v9\/tbe\/1\/16\/1f3c6.png\"><img  title=\"\" decoding=\"async\" height=\"16\" width=\"16\"  alt=\"1f947 \"  src=\"https:\/\/static.xx.fbcdn.net\/images\/emoji.php\/v9\/t94\/1\/16\/1f947.png\"><\/h2>\n\n\n\n<h2 class=\"wp-block-heading\">\u00a1Asiste y apoya a tu equipo favorito este s\u00e1bado 28 y domingo 29 de diciembre!<\/h2>\n\n\n\n<h2 class=\"wp-block-heading\">Actividades promovidas por el Sr. Alcalde <a href=\"https:\/\/www.facebook.com\/profile.php?id=100065359905403&amp;__cft__[0]=AZXQe_Fv3oYrTj7DFC1qWiKZm3Ct98RdcC2-qTHLPdKilkkaikeX3rFCR6XRKMHhzC2hFE71SCiEMOTDUsiI2__fzOWoxgLnvRgqg6wTzlwYrn1PXpXoD9uwJ0Cqrb_PXgGjKIEm0uMP-1M3MPQu1mkVfTCIRuarJ6eSdkxpJH7eS465F_QydroPvHoW7fqVhcQ&amp;__tn__=-]K-R\">Ram\u00f3n Raymundo<\/a> y dirigidas a trav\u00e9s de la Direcci\u00f3n Municipal de la Ni\u00f1ez, Adolescencia y Juventud -DIMUNAJ-.<\/h2>\n\n\n\n<h2 class=\"wp-block-heading\"><a href=\"https:\/\/www.facebook.com\/hashtag\/construyendofuturo?__eep__=6&amp;__cft__[0]=AZXQe_Fv3oYrTj7DFC1qWiKZm3Ct98RdcC2-qTHLPdKilkkaikeX3rFCR6XRKMHhzC2hFE71SCiEMOTDUsiI2__fzOWoxgLnvRgqg6wTzlwYrn1PXpXoD9uwJ0Cqrb_PXgGjKIEm0uMP-1M3MPQu1mkVfTCIRuarJ6eSdkxpJH7eS465F_QydroPvHoW7fqVhcQ&amp;__tn__=*NK-R\">#ConstruyendoFuturo<\/a><\/h2>\n\n\n\n<p><\/p>\n\n\n\n<iframe src=\"https:\/\/www.facebook.com\/plugins\/post.php?href=https%3A%2F%2Fwww.facebook.com%2Fpermalink.php%3Fstory_fbid%3Dpfbid02viUyoQbPVtWMs4yyi7iPjHxmenksjtQnuvXYbS3hFdANwGRmFfo8bgv7jvtUHYjYl%26id%3D100064424092491&#038;show_text=true&#038;width=1100\" width=\"1100\" height=\"993\" style=\"border:none;overflow:hidden\" scrolling=\"no\" frameborder=\"0\" allowfullscreen=\"true\" allow=\"autoplay; clipboard-write; encrypted-media; picture-in-picture; web-share\"><\/iframe>\n\n\n\n<figure class=\"wp-block-image size-full is-resized\"><img  title=\"\" decoding=\"async\" src=\"https:\/\/municipalidaddenebaj.com\/wp-content\/uploads\/2024\/12\/image-21.png\"  alt=\"image-21 \"  class=\"wp-image-38640\" style=\"width:1450px;height:auto\"\/><\/figure>\n","protected":false},"excerpt":{"rendered":"<p>Con gran entusiasmo compartimos el calendario de partidos por el Tercer Lugar y calendario de&#8230;<\/p>\n","protected":false},"author":4,"featured_media":38641,"comment_status":"open","ping_status":"open","sticky":false,"template":"","format":"standard","meta":{"_eb_attr":"","_monsterinsights_skip_tracking":false,"_monsterinsights_sitenote_active":false,"_monsterinsights_sitenote_note":"","_monsterinsights_sitenote_category":0,"footnotes":""},"categories":[1],"tags":[],"class_list":["post-38639","post","type-post","status-publish","format-standard","has-post-thumbnail","hentry","category-uncategorized"],"featured_image_urls":{"full":["https:\/\/municipalidaddenebaj.com\/wp-content\/uploads\/2024\/12\/471302157_995951375895656_7083646252460280217_n.jpg",1280,831,false],"thumbnail":["https:\/\/municipalidaddenebaj.com\/wp-content\/uploads\/2024\/12\/471302157_995951375895656_7083646252460280217_n-400x400.jpg",400,400,true],"medium":["https:\/\/municipalidaddenebaj.com\/wp-content\/uploads\/2024\/12\/471302157_995951375895656_7083646252460280217_n-594x386.jpg",594,386,true],"medium_large":["https:\/\/municipalidaddenebaj.com\/wp-content\/uploads\/2024\/12\/471302157_995951375895656_7083646252460280217_n-768x499.jpg",640,416,true],"large":["https:\/\/municipalidaddenebaj.com\/wp-content\/uploads\/2024\/12\/471302157_995951375895656_7083646252460280217_n-510x331.jpg",510,331,true],"ezd_searrch_thumb16x16":["https:\/\/municipalidaddenebaj.com\/wp-content\/uploads\/2024\/12\/471302157_995951375895656_7083646252460280217_n.jpg",16,10,false],"ezd_searrch_thumb50x50":["https:\/\/municipalidaddenebaj.com\/wp-content\/uploads\/2024\/12\/471302157_995951375895656_7083646252460280217_n.jpg",50,32,false],"1536x1536":["https:\/\/municipalidaddenebaj.com\/wp-content\/uploads\/2024\/12\/471302157_995951375895656_7083646252460280217_n.jpg",1280,831,false],"2048x2048":["https:\/\/municipalidaddenebaj.com\/wp-content\/uploads\/2024\/12\/471302157_995951375895656_7083646252460280217_n.jpg",1280,831,false],"covernews-featured":["https:\/\/municipalidaddenebaj.com\/wp-content\/uploads\/2024\/12\/471302157_995951375895656_7083646252460280217_n-1024x665.jpg",1024,665,true],"covernews-medium":["https:\/\/municipalidaddenebaj.com\/wp-content\/uploads\/2024\/12\/471302157_995951375895656_7083646252460280217_n-540x340.jpg",540,340,true],"woocommerce_thumbnail":["https:\/\/municipalidaddenebaj.com\/wp-content\/uploads\/2024\/12\/471302157_995951375895656_7083646252460280217_n-300x300.jpg",300,300,true],"woocommerce_single":["https:\/\/municipalidaddenebaj.com\/wp-content\/uploads\/2024\/12\/471302157_995951375895656_7083646252460280217_n-600x390.jpg",600,390,true],"woocommerce_gallery_thumbnail":["https:\/\/municipalidaddenebaj.com\/wp-content\/uploads\/2024\/12\/471302157_995951375895656_7083646252460280217_n-100x100.jpg",100,100,true]},"author_info":{"display_name":"Editor","author_link":"https:\/\/municipalidaddenebaj.com\/?author=4"},"category_info":"<a href=\"https:\/\/municipalidaddenebaj.com\/?cat=1\" rel=\"category\">Uncategorized<\/a>","tag_info":"Uncategorized","comment_count":"0","_links":{"self":[{"href":"https:\/\/municipalidaddenebaj.com\/index.php?rest_route=\/wp\/v2\/posts\/38639","targetHints":{"allow":["GET"]}}],"collection":[{"href":"https:\/\/municipalidaddenebaj.com\/index.php?rest_route=\/wp\/v2\/posts"}],"about":[{"href":"https:\/\/municipalidaddenebaj.com\/index.php?rest_route=\/wp\/v2\/types\/post"}],"author":[{"embeddable":true,"href":"https:\/\/municipalidaddenebaj.com\/index.php?rest_route=\/wp\/v2\/users\/4"}],"replies":[{"embeddable":true,"href":"https:\/\/municipalidaddenebaj.com\/index.php?rest_route=%2Fwp%2Fv2%2Fcomments&post=38639"}],"version-history":[{"count":0,"href":"https:\/\/municipalidaddenebaj.com\/index.php?rest_route=\/wp\/v2\/posts\/38639\/revisions"}],"wp:featuredmedia":[{"embeddable":true,"href":"https:\/\/municipalidaddenebaj.com\/index.php?rest_route=\/wp\/v2\/media\/38641"}],"wp:attachment":[{"href":"https:\/\/municipalidaddenebaj.com\/index.php?rest_route=%2Fwp%2Fv2%2Fmedia&parent=38639"}],"wp:term":[{"taxonomy":"category","embeddable":true,"href":"https:\/\/municipalidaddenebaj.com\/index.php?rest_route=%2Fwp%2Fv2%2Fcategories&post=38639"},{"taxonomy":"post_tag","embeddable":true,"href":"https:\/\/municipalidaddenebaj.com\/index.php?rest_route=%2Fwp%2Fv2%2Ftags&post=38639"}],"curies":[{"name":"wp","href":"https:\/\/api.w.org\/{rel}","templated":true}]}}