{"id":38643,"date":"2024-12-26T22:08:11","date_gmt":"2024-12-26T22:08:11","guid":{"rendered":"https:\/\/municipalidaddenebaj.com\/?p=38643"},"modified":"2024-12-26T22:08:12","modified_gmt":"2024-12-26T22:08:12","slug":"taller","status":"publish","type":"post","link":"https:\/\/municipalidaddenebaj.com\/?p=38643","title":{"rendered":"TALLER"},"content":{"rendered":"\n<h2 class=\"wp-block-heading\">A trav\u00e9s de instrucciones del Sr. Alcalde <a href=\"https:\/\/www.facebook.com\/profile.php?id=100065359905403&amp;__cft__[0]=AZU7qYq6H0E4KRLu2-Rp4WDA0ce1omu_UoYcatXNmgba5T72RfEr0QrjBk9jbp-mXrsIx6gIyqTIEIvcSX2F4nd6bPu198cYjvPDWtA8vA_Zu0ZP1PEjObJ0fXZHpkQhpyB-z3KcZXaByelrtYA6Z1_wItaIbCf5bOXbpoxM538oxm8bvixs4AgZ1tsosE4jFdM&amp;__tn__=-]K-R\">Ram\u00f3n Raymundo<\/a> por medio de la Direcci\u00f3n Municipal de Agua y Saneamiento -DIMAS- se realiz\u00f3 Taller Te\u00f3rico y Pr\u00e1ctico para el fortalecimiento de las competencias del personal t\u00e9cnico y operativo de dicha Direcci\u00f3n.<\/h2>\n\n\n\n<h2 class=\"wp-block-heading\">Este taller tiene por objetivo una buena administraci\u00f3n, operaci\u00f3n y mantenimiento del Sistema de Agua en nuestro Municipio.<\/h2>\n\n\n\n<h2 class=\"wp-block-heading\"><a href=\"https:\/\/www.facebook.com\/hashtag\/construyendofuturo?__eep__=6&amp;__cft__[0]=AZU7qYq6H0E4KRLu2-Rp4WDA0ce1omu_UoYcatXNmgba5T72RfEr0QrjBk9jbp-mXrsIx6gIyqTIEIvcSX2F4nd6bPu198cYjvPDWtA8vA_Zu0ZP1PEjObJ0fXZHpkQhpyB-z3KcZXaByelrtYA6Z1_wItaIbCf5bOXbpoxM538oxm8bvixs4AgZ1tsosE4jFdM&amp;__tn__=*NK-R\">#ConstruyendoFuturo<\/a><\/h2>\n\n\n\n<iframe src=\"https:\/\/www.facebook.com\/plugins\/post.php?href=https%3A%2F%2Fwww.facebook.com%2Fpermalink.php%3Fstory_fbid%3Dpfbid0RmNvecSfFMH8r4hp2enBHANHDvpZFinV4TuJpQwb7kmNX6aXxaEeBFpGtY1qCeArl%26id%3D100064424092491&#038;show_text=true&#038;width=1100\" width=\"1100\" height=\"997\" style=\"border:none;overflow:hidden\" scrolling=\"no\" frameborder=\"0\" allowfullscreen=\"true\" allow=\"autoplay; clipboard-write; encrypted-media; picture-in-picture; web-share\"><\/iframe>\n\n\n\n<figure class=\"wp-block-image size-full is-resized\"><img  title=\"\" decoding=\"async\" src=\"https:\/\/municipalidaddenebaj.com\/wp-content\/uploads\/2024\/12\/image-22.png\"  alt=\"image-22 TALLER\"  class=\"wp-image-38644\" style=\"width:1450px;height:auto\"\/><\/figure>\n","protected":false},"excerpt":{"rendered":"<p>A trav\u00e9s de instrucciones del Sr. Alcalde Ram\u00f3n Raymundo por medio de la Direcci\u00f3n Municipal&#8230;<\/p>\n","protected":false},"author":4,"featured_media":38645,"comment_status":"open","ping_status":"open","sticky":false,"template":"","format":"standard","meta":{"_eb_attr":"","_monsterinsights_skip_tracking":false,"_monsterinsights_sitenote_active":false,"_monsterinsights_sitenote_note":"","_monsterinsights_sitenote_category":0,"footnotes":""},"categories":[1],"tags":[],"class_list":["post-38643","post","type-post","status-publish","format-standard","has-post-thumbnail","hentry","category-uncategorized"],"featured_image_urls":{"full":["https:\/\/municipalidaddenebaj.com\/wp-content\/uploads\/2024\/12\/471313635_996029015887892_7074930462234381882_n.jpg",1600,1066,false],"thumbnail":["https:\/\/municipalidaddenebaj.com\/wp-content\/uploads\/2024\/12\/471313635_996029015887892_7074930462234381882_n-400x400.jpg",400,400,true],"medium":["https:\/\/municipalidaddenebaj.com\/wp-content\/uploads\/2024\/12\/471313635_996029015887892_7074930462234381882_n-594x396.jpg",594,396,true],"medium_large":["https:\/\/municipalidaddenebaj.com\/wp-content\/uploads\/2024\/12\/471313635_996029015887892_7074930462234381882_n-768x512.jpg",640,427,true],"large":["https:\/\/municipalidaddenebaj.com\/wp-content\/uploads\/2024\/12\/471313635_996029015887892_7074930462234381882_n-510x340.jpg",510,340,true],"ezd_searrch_thumb16x16":["https:\/\/municipalidaddenebaj.com\/wp-content\/uploads\/2024\/12\/471313635_996029015887892_7074930462234381882_n.jpg",16,11,false],"ezd_searrch_thumb50x50":["https:\/\/municipalidaddenebaj.com\/wp-content\/uploads\/2024\/12\/471313635_996029015887892_7074930462234381882_n.jpg",50,33,false],"1536x1536":["https:\/\/municipalidaddenebaj.com\/wp-content\/uploads\/2024\/12\/471313635_996029015887892_7074930462234381882_n-1536x1023.jpg",1536,1023,true],"2048x2048":["https:\/\/municipalidaddenebaj.com\/wp-content\/uploads\/2024\/12\/471313635_996029015887892_7074930462234381882_n.jpg",1600,1066,false],"covernews-featured":["https:\/\/municipalidaddenebaj.com\/wp-content\/uploads\/2024\/12\/471313635_996029015887892_7074930462234381882_n-1024x682.jpg",1024,682,true],"covernews-medium":["https:\/\/municipalidaddenebaj.com\/wp-content\/uploads\/2024\/12\/471313635_996029015887892_7074930462234381882_n-540x340.jpg",540,340,true],"woocommerce_thumbnail":["https:\/\/municipalidaddenebaj.com\/wp-content\/uploads\/2024\/12\/471313635_996029015887892_7074930462234381882_n-300x300.jpg",300,300,true],"woocommerce_single":["https:\/\/municipalidaddenebaj.com\/wp-content\/uploads\/2024\/12\/471313635_996029015887892_7074930462234381882_n-600x400.jpg",600,400,true],"woocommerce_gallery_thumbnail":["https:\/\/municipalidaddenebaj.com\/wp-content\/uploads\/2024\/12\/471313635_996029015887892_7074930462234381882_n-100x100.jpg",100,100,true]},"author_info":{"display_name":"Editor","author_link":"https:\/\/municipalidaddenebaj.com\/?author=4"},"category_info":"<a href=\"https:\/\/municipalidaddenebaj.com\/?cat=1\" rel=\"category\">Uncategorized<\/a>","tag_info":"Uncategorized","comment_count":"0","_links":{"self":[{"href":"https:\/\/municipalidaddenebaj.com\/index.php?rest_route=\/wp\/v2\/posts\/38643","targetHints":{"allow":["GET"]}}],"collection":[{"href":"https:\/\/municipalidaddenebaj.com\/index.php?rest_route=\/wp\/v2\/posts"}],"about":[{"href":"https:\/\/municipalidaddenebaj.com\/index.php?rest_route=\/wp\/v2\/types\/post"}],"author":[{"embeddable":true,"href":"https:\/\/municipalidaddenebaj.com\/index.php?rest_route=\/wp\/v2\/users\/4"}],"replies":[{"embeddable":true,"href":"https:\/\/municipalidaddenebaj.com\/index.php?rest_route=%2Fwp%2Fv2%2Fcomments&post=38643"}],"version-history":[{"count":0,"href":"https:\/\/municipalidaddenebaj.com\/index.php?rest_route=\/wp\/v2\/posts\/38643\/revisions"}],"wp:featuredmedia":[{"embeddable":true,"href":"https:\/\/municipalidaddenebaj.com\/index.php?rest_route=\/wp\/v2\/media\/38645"}],"wp:attachment":[{"href":"https:\/\/municipalidaddenebaj.com\/index.php?rest_route=%2Fwp%2Fv2%2Fmedia&parent=38643"}],"wp:term":[{"taxonomy":"category","embeddable":true,"href":"https:\/\/municipalidaddenebaj.com\/index.php?rest_route=%2Fwp%2Fv2%2Fcategories&post=38643"},{"taxonomy":"post_tag","embeddable":true,"href":"https:\/\/municipalidaddenebaj.com\/index.php?rest_route=%2Fwp%2Fv2%2Ftags&post=38643"}],"curies":[{"name":"wp","href":"https:\/\/api.w.org\/{rel}","templated":true}]}}