{"id":38706,"date":"2024-12-27T21:33:34","date_gmt":"2024-12-27T21:33:34","guid":{"rendered":"https:\/\/municipalidaddenebaj.com\/?p=38706"},"modified":"2024-12-27T21:33:35","modified_gmt":"2024-12-27T21:33:35","slug":"38706","status":"publish","type":"post","link":"https:\/\/municipalidaddenebaj.com\/?p=38706","title":{"rendered":""},"content":{"rendered":"\n<h2 class=\"wp-block-heading\">Con respaldo y apoyo del Sr. Alcalde <a href=\"https:\/\/www.facebook.com\/profile.php?id=100065359905403&amp;__cft__[0]=AZWCy6NR4YDR-F6s2qHS2PrUfikRf8YF7ChuYTKh-mv0p1u-w36Mr8-JZ12wdFI1aSaRpLroC4WzPfgh7TccgTRzATmpDLJdV-JCCkGpNpFzW8QxwLxKdIfDap3o0bJ5DVfp8_GD-cjpgc1Fou09zY_qLzIdI2t__KQf3fEL1-RXaUVJSh2lPWNb7E51soRLQ1w&amp;__tn__=-]K-R\">Ram\u00f3n Raymundo<\/a> a trav\u00e9s de la Direcci\u00f3n Municipal de la Ni\u00f1ez, Adolescencia y Juventud -DIMUNAJ-, se llev\u00f3 a cabo la premiaci\u00f3n de los Campeones, Sub-campeones y Tercer lugar de varias ramas del Campeonato de Futsala que se realiz\u00f3 en la Aldea Salquil Grande.<\/h2>\n\n\n\n<h2 class=\"wp-block-heading\">Dicho evento cont\u00f3 con el apoyo de la Municipalidad de Nebaj y la Fundaci\u00f3n a Trav\u00e9s de Nicol\u00e1s con el objetivo de impulsar y promover el deporte en nuestro Municipio, ya que es una <a><\/a>sana forma de diversi\u00f3n.<\/h2>\n\n\n\n<h2 class=\"wp-block-heading\"><a href=\"https:\/\/www.facebook.com\/hashtag\/construyendofuturo?__eep__=6&amp;__cft__[0]=AZWCy6NR4YDR-F6s2qHS2PrUfikRf8YF7ChuYTKh-mv0p1u-w36Mr8-JZ12wdFI1aSaRpLroC4WzPfgh7TccgTRzATmpDLJdV-JCCkGpNpFzW8QxwLxKdIfDap3o0bJ5DVfp8_GD-cjpgc1Fou09zY_qLzIdI2t__KQf3fEL1-RXaUVJSh2lPWNb7E51soRLQ1w&amp;__tn__=*NK-R\">#ConstruyendoFuturo<\/a><\/h2>\n\n\n\n<p><\/p>\n\n\n\n<iframe src=\"https:\/\/www.facebook.com\/plugins\/post.php?href=https%3A%2F%2Fwww.facebook.com%2Fpermalink.php%3Fstory_fbid%3Dpfbid026xNNPyP5F4HXAFmjwhBJtFLDuepi3wV9CLoFDx9Q1v5RqN86BV6rqJLmfmznyFPsl%26id%3D100064424092491&#038;show_text=true&#038;width=1100\" width=\"1100\" height=\"996\" style=\"border:none;overflow:hidden\" scrolling=\"no\" frameborder=\"0\" allowfullscreen=\"true\" allow=\"autoplay; clipboard-write; encrypted-media; picture-in-picture; web-share\"><\/iframe>\n\n\n\n<figure class=\"wp-block-image size-full is-resized\"><img  title=\"\" decoding=\"async\" src=\"https:\/\/municipalidaddenebaj.com\/wp-content\/uploads\/2024\/12\/image-24.png\"  alt=\"image-24 \"  class=\"wp-image-38707\" style=\"width:1450px;height:auto\"\/><\/figure>\n","protected":false},"excerpt":{"rendered":"<p>Con respaldo y apoyo del Sr. Alcalde Ram\u00f3n Raymundo a trav\u00e9s de la Direcci\u00f3n Municipal&#8230;<\/p>\n","protected":false},"author":4,"featured_media":38708,"comment_status":"open","ping_status":"open","sticky":false,"template":"","format":"standard","meta":{"_eb_attr":"","_monsterinsights_skip_tracking":false,"_monsterinsights_sitenote_active":false,"_monsterinsights_sitenote_note":"","_monsterinsights_sitenote_category":0,"footnotes":""},"categories":[1],"tags":[],"class_list":["post-38706","post","type-post","status-publish","format-standard","has-post-thumbnail","hentry","category-uncategorized"],"featured_image_urls":{"full":["https:\/\/municipalidaddenebaj.com\/wp-content\/uploads\/2024\/12\/471417692_996771005813693_8226118201894665670_n.jpg",1600,1066,false],"thumbnail":["https:\/\/municipalidaddenebaj.com\/wp-content\/uploads\/2024\/12\/471417692_996771005813693_8226118201894665670_n-400x400.jpg",400,400,true],"medium":["https:\/\/municipalidaddenebaj.com\/wp-content\/uploads\/2024\/12\/471417692_996771005813693_8226118201894665670_n-594x396.jpg",594,396,true],"medium_large":["https:\/\/municipalidaddenebaj.com\/wp-content\/uploads\/2024\/12\/471417692_996771005813693_8226118201894665670_n-768x512.jpg",640,427,true],"large":["https:\/\/municipalidaddenebaj.com\/wp-content\/uploads\/2024\/12\/471417692_996771005813693_8226118201894665670_n-510x340.jpg",510,340,true],"ezd_searrch_thumb16x16":["https:\/\/municipalidaddenebaj.com\/wp-content\/uploads\/2024\/12\/471417692_996771005813693_8226118201894665670_n.jpg",16,11,false],"ezd_searrch_thumb50x50":["https:\/\/municipalidaddenebaj.com\/wp-content\/uploads\/2024\/12\/471417692_996771005813693_8226118201894665670_n.jpg",50,33,false],"1536x1536":["https:\/\/municipalidaddenebaj.com\/wp-content\/uploads\/2024\/12\/471417692_996771005813693_8226118201894665670_n-1536x1023.jpg",1536,1023,true],"2048x2048":["https:\/\/municipalidaddenebaj.com\/wp-content\/uploads\/2024\/12\/471417692_996771005813693_8226118201894665670_n.jpg",1600,1066,false],"covernews-featured":["https:\/\/municipalidaddenebaj.com\/wp-content\/uploads\/2024\/12\/471417692_996771005813693_8226118201894665670_n-1024x682.jpg",1024,682,true],"covernews-medium":["https:\/\/municipalidaddenebaj.com\/wp-content\/uploads\/2024\/12\/471417692_996771005813693_8226118201894665670_n-540x340.jpg",540,340,true],"woocommerce_thumbnail":["https:\/\/municipalidaddenebaj.com\/wp-content\/uploads\/2024\/12\/471417692_996771005813693_8226118201894665670_n-300x300.jpg",300,300,true],"woocommerce_single":["https:\/\/municipalidaddenebaj.com\/wp-content\/uploads\/2024\/12\/471417692_996771005813693_8226118201894665670_n-600x400.jpg",600,400,true],"woocommerce_gallery_thumbnail":["https:\/\/municipalidaddenebaj.com\/wp-content\/uploads\/2024\/12\/471417692_996771005813693_8226118201894665670_n-100x100.jpg",100,100,true]},"author_info":{"display_name":"Editor","author_link":"https:\/\/municipalidaddenebaj.com\/?author=4"},"category_info":"<a href=\"https:\/\/municipalidaddenebaj.com\/?cat=1\" rel=\"category\">Uncategorized<\/a>","tag_info":"Uncategorized","comment_count":"0","_links":{"self":[{"href":"https:\/\/municipalidaddenebaj.com\/index.php?rest_route=\/wp\/v2\/posts\/38706","targetHints":{"allow":["GET"]}}],"collection":[{"href":"https:\/\/municipalidaddenebaj.com\/index.php?rest_route=\/wp\/v2\/posts"}],"about":[{"href":"https:\/\/municipalidaddenebaj.com\/index.php?rest_route=\/wp\/v2\/types\/post"}],"author":[{"embeddable":true,"href":"https:\/\/municipalidaddenebaj.com\/index.php?rest_route=\/wp\/v2\/users\/4"}],"replies":[{"embeddable":true,"href":"https:\/\/municipalidaddenebaj.com\/index.php?rest_route=%2Fwp%2Fv2%2Fcomments&post=38706"}],"version-history":[{"count":0,"href":"https:\/\/municipalidaddenebaj.com\/index.php?rest_route=\/wp\/v2\/posts\/38706\/revisions"}],"wp:featuredmedia":[{"embeddable":true,"href":"https:\/\/municipalidaddenebaj.com\/index.php?rest_route=\/wp\/v2\/media\/38708"}],"wp:attachment":[{"href":"https:\/\/municipalidaddenebaj.com\/index.php?rest_route=%2Fwp%2Fv2%2Fmedia&parent=38706"}],"wp:term":[{"taxonomy":"category","embeddable":true,"href":"https:\/\/municipalidaddenebaj.com\/index.php?rest_route=%2Fwp%2Fv2%2Fcategories&post=38706"},{"taxonomy":"post_tag","embeddable":true,"href":"https:\/\/municipalidaddenebaj.com\/index.php?rest_route=%2Fwp%2Fv2%2Ftags&post=38706"}],"curies":[{"name":"wp","href":"https:\/\/api.w.org\/{rel}","templated":true}]}}