{"id":39283,"date":"2025-01-07T18:42:45","date_gmt":"2025-01-07T18:42:45","guid":{"rendered":"https:\/\/municipalidaddenebaj.com\/?p=39283"},"modified":"2025-01-07T18:42:47","modified_gmt":"2025-01-07T18:42:47","slug":"premiacion","status":"publish","type":"post","link":"https:\/\/municipalidaddenebaj.com\/?p=39283","title":{"rendered":"PREMIACI\u00d3N"},"content":{"rendered":"\n<h2 class=\"wp-block-heading\">Con respaldo del Sr. Alcalde <a href=\"https:\/\/www.facebook.com\/profile.php?id=100065359905403&amp;__cft__[0]=AZXsE9lLVZQKHwuCxbeY85HGF5TIcqM2_4gC9YaXKTId8SOBWUVFFHbpoVI74IoW7HnfkugiVK72OPu_MU2_J-VAJ1Bh5h3fi1FYWYENcdMVC5zjRuwR5aZ9Jk1YeceQ3k3O_Vfso2qg45xzaD1H_uKqSzn32Fdhh-lfwU2b_5w546ivyqn8VmU76tdPPbdMr74&amp;__tn__=-]K-R\">Ram\u00f3n Raymundo<\/a> y su Honorable Concejo a trav\u00e9s de la Direcci\u00f3n Municipal de la Ni\u00f1ez, Adolescencia y Juventud -DIMUNAJ-, se llev\u00f3 a cabo la premiaci\u00f3n de los equipos Campeones, Sub-campeones y Tercer lugar de varias ramas del Campeonato de Futsala que se realiz\u00f3 en la Aldea Acul.<\/h2>\n\n\n\n<h2 class=\"wp-block-heading\">\u00a1Actividades que buscan incentivar y promover la sana diversi\u00f3n de los j\u00f3venes en nuestro Municipio!<\/h2>\n\n\n\n<h2 class=\"wp-block-heading\"><a href=\"https:\/\/www.facebook.com\/hashtag\/construyendofuturo?__eep__=6&amp;__cft__[0]=AZXsE9lLVZQKHwuCxbeY85HGF5TIcqM2_4gC9YaXKTId8SOBWUVFFHbpoVI74IoW7HnfkugiVK72OPu_MU2_J-VAJ1Bh5h3fi1FYWYENcdMVC5zjRuwR5aZ9Jk1YeceQ3k3O_Vfso2qg45xzaD1H_uKqSzn32Fdhh-lfwU2b_5w546ivyqn8VmU76tdPPbdMr74&amp;__tn__=*NK-R\">#ConstruyendoFuturo<\/a><\/h2>\n\n\n\n<iframe src=\"https:\/\/www.facebook.com\/plugins\/post.php?href=https%3A%2F%2Fwww.facebook.com%2Fpermalink.php%3Fstory_fbid%3Dpfbid09Q8YqYt7TEBk7Fm6eNj3Cy4Z5T3jdDwJWwceFSHLcffMNQu2UttQ26FuAeqKfQVBl%26id%3D100064424092491&#038;show_text=true&#038;width=1100\" width=\"1100\" height=\"990\" style=\"border:none;overflow:hidden\" scrolling=\"no\" frameborder=\"0\" allowfullscreen=\"true\" allow=\"autoplay; clipboard-write; encrypted-media; picture-in-picture; web-share\"><\/iframe>\n\n\n\n<figure class=\"wp-block-image size-full is-resized\"><img  title=\"\" decoding=\"async\" src=\"https:\/\/municipalidaddenebaj.com\/wp-content\/uploads\/2025\/01\/image.png\"  alt=\"image PREMIACI\u00d3N\"  class=\"wp-image-39284\" style=\"width:1450px;height:auto\"\/><\/figure>\n","protected":false},"excerpt":{"rendered":"<p>Con respaldo del Sr. Alcalde Ram\u00f3n Raymundo y su Honorable Concejo a trav\u00e9s de la&#8230;<\/p>\n","protected":false},"author":4,"featured_media":39285,"comment_status":"open","ping_status":"open","sticky":false,"template":"","format":"standard","meta":{"_eb_attr":"","_monsterinsights_skip_tracking":false,"_monsterinsights_sitenote_active":false,"_monsterinsights_sitenote_note":"","_monsterinsights_sitenote_category":0,"footnotes":""},"categories":[1],"tags":[],"class_list":["post-39283","post","type-post","status-publish","format-standard","has-post-thumbnail","hentry","category-uncategorized"],"featured_image_urls":{"full":["https:\/\/municipalidaddenebaj.com\/wp-content\/uploads\/2025\/01\/471599643_1004171638406963_8695412834198660264_n.jpg",1600,1066,false],"thumbnail":["https:\/\/municipalidaddenebaj.com\/wp-content\/uploads\/2025\/01\/471599643_1004171638406963_8695412834198660264_n-400x400.jpg",400,400,true],"medium":["https:\/\/municipalidaddenebaj.com\/wp-content\/uploads\/2025\/01\/471599643_1004171638406963_8695412834198660264_n-594x396.jpg",594,396,true],"medium_large":["https:\/\/municipalidaddenebaj.com\/wp-content\/uploads\/2025\/01\/471599643_1004171638406963_8695412834198660264_n-768x512.jpg",640,427,true],"large":["https:\/\/municipalidaddenebaj.com\/wp-content\/uploads\/2025\/01\/471599643_1004171638406963_8695412834198660264_n-510x340.jpg",510,340,true],"ezd_searrch_thumb16x16":["https:\/\/municipalidaddenebaj.com\/wp-content\/uploads\/2025\/01\/471599643_1004171638406963_8695412834198660264_n.jpg",16,11,false],"ezd_searrch_thumb50x50":["https:\/\/municipalidaddenebaj.com\/wp-content\/uploads\/2025\/01\/471599643_1004171638406963_8695412834198660264_n.jpg",50,33,false],"1536x1536":["https:\/\/municipalidaddenebaj.com\/wp-content\/uploads\/2025\/01\/471599643_1004171638406963_8695412834198660264_n-1536x1023.jpg",1536,1023,true],"2048x2048":["https:\/\/municipalidaddenebaj.com\/wp-content\/uploads\/2025\/01\/471599643_1004171638406963_8695412834198660264_n.jpg",1600,1066,false],"covernews-featured":["https:\/\/municipalidaddenebaj.com\/wp-content\/uploads\/2025\/01\/471599643_1004171638406963_8695412834198660264_n-1024x682.jpg",1024,682,true],"covernews-medium":["https:\/\/municipalidaddenebaj.com\/wp-content\/uploads\/2025\/01\/471599643_1004171638406963_8695412834198660264_n-540x340.jpg",540,340,true],"woocommerce_thumbnail":["https:\/\/municipalidaddenebaj.com\/wp-content\/uploads\/2025\/01\/471599643_1004171638406963_8695412834198660264_n-300x300.jpg",300,300,true],"woocommerce_single":["https:\/\/municipalidaddenebaj.com\/wp-content\/uploads\/2025\/01\/471599643_1004171638406963_8695412834198660264_n-600x400.jpg",600,400,true],"woocommerce_gallery_thumbnail":["https:\/\/municipalidaddenebaj.com\/wp-content\/uploads\/2025\/01\/471599643_1004171638406963_8695412834198660264_n-100x100.jpg",100,100,true]},"author_info":{"display_name":"Editor","author_link":"https:\/\/municipalidaddenebaj.com\/?author=4"},"category_info":"<a href=\"https:\/\/municipalidaddenebaj.com\/?cat=1\" rel=\"category\">Uncategorized<\/a>","tag_info":"Uncategorized","comment_count":"0","_links":{"self":[{"href":"https:\/\/municipalidaddenebaj.com\/index.php?rest_route=\/wp\/v2\/posts\/39283","targetHints":{"allow":["GET"]}}],"collection":[{"href":"https:\/\/municipalidaddenebaj.com\/index.php?rest_route=\/wp\/v2\/posts"}],"about":[{"href":"https:\/\/municipalidaddenebaj.com\/index.php?rest_route=\/wp\/v2\/types\/post"}],"author":[{"embeddable":true,"href":"https:\/\/municipalidaddenebaj.com\/index.php?rest_route=\/wp\/v2\/users\/4"}],"replies":[{"embeddable":true,"href":"https:\/\/municipalidaddenebaj.com\/index.php?rest_route=%2Fwp%2Fv2%2Fcomments&post=39283"}],"version-history":[{"count":0,"href":"https:\/\/municipalidaddenebaj.com\/index.php?rest_route=\/wp\/v2\/posts\/39283\/revisions"}],"wp:featuredmedia":[{"embeddable":true,"href":"https:\/\/municipalidaddenebaj.com\/index.php?rest_route=\/wp\/v2\/media\/39285"}],"wp:attachment":[{"href":"https:\/\/municipalidaddenebaj.com\/index.php?rest_route=%2Fwp%2Fv2%2Fmedia&parent=39283"}],"wp:term":[{"taxonomy":"category","embeddable":true,"href":"https:\/\/municipalidaddenebaj.com\/index.php?rest_route=%2Fwp%2Fv2%2Fcategories&post=39283"},{"taxonomy":"post_tag","embeddable":true,"href":"https:\/\/municipalidaddenebaj.com\/index.php?rest_route=%2Fwp%2Fv2%2Ftags&post=39283"}],"curies":[{"name":"wp","href":"https:\/\/api.w.org\/{rel}","templated":true}]}}