{"id":39332,"date":"2025-01-09T14:21:16","date_gmt":"2025-01-09T14:21:16","guid":{"rendered":"https:\/\/municipalidaddenebaj.com\/?p=39332"},"modified":"2025-01-09T14:24:06","modified_gmt":"2025-01-09T14:24:06","slug":"primera-piedra","status":"publish","type":"post","link":"https:\/\/municipalidaddenebaj.com\/?p=39332","title":{"rendered":"PRIMERA PIEDRA"},"content":{"rendered":"\n<h2 class=\"wp-block-heading\">Hace seis d\u00e9cadas, las manos de nuestros abuelos construyeron un puente que conectaba vidas, sue\u00f1os y comunidades. A\u00f1os de lluvias, de pasos firmes y de historias lo fueron desgastando\u2026 pero el esp\u00edritu de Batzbac\u00e1 nunca se quebr\u00f3.<\/h2>\n\n\n\n<h2 class=\"wp-block-heading\">Hoy, con alegr\u00eda y esperanza, damos inicio a una nueva etapa. Bajo el lema <a href=\"https:\/\/www.facebook.com\/hashtag\/construyendofuturo?__eep__=6&amp;__cft__[0]=AZU2AxEU9c_dp20ViNxgiAVpLu25uAiKYqRk2Z3dWDyiLNosenii0wwK9EH8MSJZZj6dxT6p-TFs6K6FpppqyfUIZmr2NEJFC2-ypVF7OyJVxOt9slR4gyQxUhrd8mvMAoeRy5g66-Cag2gxDfEp7hvZjxmRjMrsxb2hG8VS5JzbWFKz6UZZ_VlnQMUejtx44kc&amp;__tn__=*NK-R\">#ConstruyendoFuturo<\/a> el Alcalde <a href=\"https:\/\/www.facebook.com\/profile.php?id=100065359905403&amp;__cft__[0]=AZU2AxEU9c_dp20ViNxgiAVpLu25uAiKYqRk2Z3dWDyiLNosenii0wwK9EH8MSJZZj6dxT6p-TFs6K6FpppqyfUIZmr2NEJFC2-ypVF7OyJVxOt9slR4gyQxUhrd8mvMAoeRy5g66-Cag2gxDfEp7hvZjxmRjMrsxb2hG8VS5JzbWFKz6UZZ_VlnQMUejtx44kc&amp;__tn__=-]K-R\">Ram\u00f3n Raymundo<\/a> y la Corporaci\u00f3n Municipal de Nebaj 2024-2028, junto a familias y autoridades, colocaron la primera piedra para la construcci\u00f3n <a><\/a>de un Nuevo Puente y la Mejora de esa Calle.<\/h2>\n\n\n\n<h2 class=\"wp-block-heading\">Esto no es solo cemento y asfalto. Es la promesa de d\u00edas m\u00e1s seguros, de oportunidades que llegan y cambios de un cant\u00f3n que, despu\u00e9s de tanto, vuelve a ser visto y escuchado.<\/h2>\n\n\n\n<h2 class=\"wp-block-heading\"><a href=\"https:\/\/www.facebook.com\/hashtag\/nebaj?__eep__=6&amp;__cft__[0]=AZU2AxEU9c_dp20ViNxgiAVpLu25uAiKYqRk2Z3dWDyiLNosenii0wwK9EH8MSJZZj6dxT6p-TFs6K6FpppqyfUIZmr2NEJFC2-ypVF7OyJVxOt9slR4gyQxUhrd8mvMAoeRy5g66-Cag2gxDfEp7hvZjxmRjMrsxb2hG8VS5JzbWFKz6UZZ_VlnQMUejtx44kc&amp;__tn__=*NK-R\">#Nebaj<\/a><a href=\"https:\/\/www.facebook.com\/hashtag\/batzbac%C3%A1confuturo?__eep__=6&amp;__cft__[0]=AZU2AxEU9c_dp20ViNxgiAVpLu25uAiKYqRk2Z3dWDyiLNosenii0wwK9EH8MSJZZj6dxT6p-TFs6K6FpppqyfUIZmr2NEJFC2-ypVF7OyJVxOt9slR4gyQxUhrd8mvMAoeRy5g66-Cag2gxDfEp7hvZjxmRjMrsxb2hG8VS5JzbWFKz6UZZ_VlnQMUejtx44kc&amp;__tn__=*NK-R\">#Batzbac\u00e1ConFuturo<\/a><a href=\"https:\/\/www.facebook.com\/hashtag\/cambio?__eep__=6&amp;__cft__[0]=AZU2AxEU9c_dp20ViNxgiAVpLu25uAiKYqRk2Z3dWDyiLNosenii0wwK9EH8MSJZZj6dxT6p-TFs6K6FpppqyfUIZmr2NEJFC2-ypVF7OyJVxOt9slR4gyQxUhrd8mvMAoeRy5g66-Cag2gxDfEp7hvZjxmRjMrsxb2hG8VS5JzbWFKz6UZZ_VlnQMUejtx44kc&amp;__tn__=*NK-R\">#Cambio<\/a><\/h2>\n\n\n\n<iframe src=\"https:\/\/www.facebook.com\/plugins\/post.php?href=https%3A%2F%2Fwww.facebook.com%2Fpermalink.php%3Fstory_fbid%3Dpfbid02qG7HeWe785653raCBhkoBMx792Y6qzXvaAVRnFf5b3E3dravT2TFLxWTvFNxtgzHl%26id%3D100064424092491&#038;show_text=true&#038;width=1500\" width=\"1500\" height=\"998\" style=\"border:none;overflow:hidden\" scrolling=\"no\" frameborder=\"0\" allowfullscreen=\"true\" allow=\"autoplay; clipboard-write; encrypted-media; picture-in-picture; web-share\"><\/iframe>\n\n\n\n<figure class=\"wp-block-image size-full is-resized\"><img  title=\"\" decoding=\"async\" src=\"https:\/\/municipalidaddenebaj.com\/wp-content\/uploads\/2025\/01\/image-1.png\"  alt=\"image-1 PRIMERA PIEDRA\"  class=\"wp-image-39334\" style=\"width:1450px;height:auto\"\/><\/figure>\n","protected":false},"excerpt":{"rendered":"<p>Hace seis d\u00e9cadas, las manos de nuestros abuelos construyeron un puente que conectaba vidas, sue\u00f1os&#8230;<\/p>\n","protected":false},"author":4,"featured_media":39335,"comment_status":"open","ping_status":"open","sticky":false,"template":"","format":"standard","meta":{"_eb_attr":"","_monsterinsights_skip_tracking":false,"_monsterinsights_sitenote_active":false,"_monsterinsights_sitenote_note":"","_monsterinsights_sitenote_category":0,"footnotes":""},"categories":[1],"tags":[],"class_list":["post-39332","post","type-post","status-publish","format-standard","has-post-thumbnail","hentry","category-uncategorized"],"featured_image_urls":{"full":["https:\/\/municipalidaddenebaj.com\/wp-content\/uploads\/2025\/01\/472789260_1005056188318508_4958160000757638306_n.jpg",2048,1366,false],"thumbnail":["https:\/\/municipalidaddenebaj.com\/wp-content\/uploads\/2025\/01\/472789260_1005056188318508_4958160000757638306_n-400x400.jpg",400,400,true],"medium":["https:\/\/municipalidaddenebaj.com\/wp-content\/uploads\/2025\/01\/472789260_1005056188318508_4958160000757638306_n-594x396.jpg",594,396,true],"medium_large":["https:\/\/municipalidaddenebaj.com\/wp-content\/uploads\/2025\/01\/472789260_1005056188318508_4958160000757638306_n-768x512.jpg",640,427,true],"large":["https:\/\/municipalidaddenebaj.com\/wp-content\/uploads\/2025\/01\/472789260_1005056188318508_4958160000757638306_n-510x340.jpg",510,340,true],"ezd_searrch_thumb16x16":["https:\/\/municipalidaddenebaj.com\/wp-content\/uploads\/2025\/01\/472789260_1005056188318508_4958160000757638306_n.jpg",16,11,false],"ezd_searrch_thumb50x50":["https:\/\/municipalidaddenebaj.com\/wp-content\/uploads\/2025\/01\/472789260_1005056188318508_4958160000757638306_n.jpg",50,33,false],"1536x1536":["https:\/\/municipalidaddenebaj.com\/wp-content\/uploads\/2025\/01\/472789260_1005056188318508_4958160000757638306_n-1536x1025.jpg",1536,1025,true],"2048x2048":["https:\/\/municipalidaddenebaj.com\/wp-content\/uploads\/2025\/01\/472789260_1005056188318508_4958160000757638306_n.jpg",2048,1366,false],"covernews-featured":["https:\/\/municipalidaddenebaj.com\/wp-content\/uploads\/2025\/01\/472789260_1005056188318508_4958160000757638306_n-1024x683.jpg",1024,683,true],"covernews-medium":["https:\/\/municipalidaddenebaj.com\/wp-content\/uploads\/2025\/01\/472789260_1005056188318508_4958160000757638306_n-540x340.jpg",540,340,true],"woocommerce_thumbnail":["https:\/\/municipalidaddenebaj.com\/wp-content\/uploads\/2025\/01\/472789260_1005056188318508_4958160000757638306_n-300x300.jpg",300,300,true],"woocommerce_single":["https:\/\/municipalidaddenebaj.com\/wp-content\/uploads\/2025\/01\/472789260_1005056188318508_4958160000757638306_n-600x400.jpg",600,400,true],"woocommerce_gallery_thumbnail":["https:\/\/municipalidaddenebaj.com\/wp-content\/uploads\/2025\/01\/472789260_1005056188318508_4958160000757638306_n-100x100.jpg",100,100,true]},"author_info":{"display_name":"Editor","author_link":"https:\/\/municipalidaddenebaj.com\/?author=4"},"category_info":"<a href=\"https:\/\/municipalidaddenebaj.com\/?cat=1\" rel=\"category\">Uncategorized<\/a>","tag_info":"Uncategorized","comment_count":"0","_links":{"self":[{"href":"https:\/\/municipalidaddenebaj.com\/index.php?rest_route=\/wp\/v2\/posts\/39332","targetHints":{"allow":["GET"]}}],"collection":[{"href":"https:\/\/municipalidaddenebaj.com\/index.php?rest_route=\/wp\/v2\/posts"}],"about":[{"href":"https:\/\/municipalidaddenebaj.com\/index.php?rest_route=\/wp\/v2\/types\/post"}],"author":[{"embeddable":true,"href":"https:\/\/municipalidaddenebaj.com\/index.php?rest_route=\/wp\/v2\/users\/4"}],"replies":[{"embeddable":true,"href":"https:\/\/municipalidaddenebaj.com\/index.php?rest_route=%2Fwp%2Fv2%2Fcomments&post=39332"}],"version-history":[{"count":0,"href":"https:\/\/municipalidaddenebaj.com\/index.php?rest_route=\/wp\/v2\/posts\/39332\/revisions"}],"wp:featuredmedia":[{"embeddable":true,"href":"https:\/\/municipalidaddenebaj.com\/index.php?rest_route=\/wp\/v2\/media\/39335"}],"wp:attachment":[{"href":"https:\/\/municipalidaddenebaj.com\/index.php?rest_route=%2Fwp%2Fv2%2Fmedia&parent=39332"}],"wp:term":[{"taxonomy":"category","embeddable":true,"href":"https:\/\/municipalidaddenebaj.com\/index.php?rest_route=%2Fwp%2Fv2%2Fcategories&post=39332"},{"taxonomy":"post_tag","embeddable":true,"href":"https:\/\/municipalidaddenebaj.com\/index.php?rest_route=%2Fwp%2Fv2%2Ftags&post=39332"}],"curies":[{"name":"wp","href":"https:\/\/api.w.org\/{rel}","templated":true}]}}