{"id":39370,"date":"2025-01-10T14:04:52","date_gmt":"2025-01-10T14:04:52","guid":{"rendered":"https:\/\/municipalidaddenebaj.com\/?p=39370"},"modified":"2025-01-10T14:04:52","modified_gmt":"2025-01-10T14:04:52","slug":"primera-piedra-2","status":"publish","type":"post","link":"https:\/\/municipalidaddenebaj.com\/?p=39370","title":{"rendered":"PRIMERA PIEDRA"},"content":{"rendered":"\n<h2 class=\"wp-block-heading\">Por a\u00f1os, las lluvias convert\u00edan los caminos de Janlay en desaf\u00edos diarios para las familias que trabajan esta tierra f\u00e9rtil. Pero hoy, algo cambi\u00f3. Con la primera piedra del pavimento, iniciamos un proyecto que abre nuevas oportunidades para esta zona productiva.<\/h2>\n\n\n\n<h2 class=\"wp-block-heading\">Este es solo el inicio de un futuro m\u00e1s pr\u00f3spero para Janlay y comunidades vecinas, porque cuando un camino se construye, tambi\u00e9n se construyen nuevos sue\u00f1os para el futuro de Nebaj.<\/h2>\n\n\n\n<h2 class=\"wp-block-heading\">\u00a1Gobierno Municipal de Nebaj 2024-2028!<\/h2>\n\n\n\n<iframe src=\"https:\/\/www.facebook.com\/plugins\/post.php?href=https%3A%2F%2Fwww.facebook.com%2Fpermalink.php%3Fstory_fbid%3Dpfbid036C35LhaE1Dt6HsiBNDZgduSbxU7shCV3tVm6Dn3wpzMeGUJsv4srhwN4NuS1aFsFl%26id%3D100064424092491&#038;show_text=true&#038;width=1100\" width=\"1100\" height=\"1000\" style=\"border:none;overflow:hidden\" scrolling=\"no\" frameborder=\"0\" allowfullscreen=\"true\" allow=\"autoplay; clipboard-write; encrypted-media; picture-in-picture; web-share\"><\/iframe>\n\n\n\n<figure class=\"wp-block-image size-full is-resized\"><img  title=\"\" decoding=\"async\" src=\"https:\/\/municipalidaddenebaj.com\/wp-content\/uploads\/2025\/01\/image-2.png\"  alt=\"image-2 PRIMERA PIEDRA\"  class=\"wp-image-39371\" style=\"width:1450px;height:auto\"\/><\/figure>\n","protected":false},"excerpt":{"rendered":"<p>Por a\u00f1os, las lluvias convert\u00edan los caminos de Janlay en desaf\u00edos diarios para las familias&#8230;<\/p>\n","protected":false},"author":4,"featured_media":39372,"comment_status":"open","ping_status":"open","sticky":false,"template":"","format":"standard","meta":{"_eb_attr":"","_monsterinsights_skip_tracking":false,"_monsterinsights_sitenote_active":false,"_monsterinsights_sitenote_note":"","_monsterinsights_sitenote_category":0,"footnotes":""},"categories":[1],"tags":[],"class_list":["post-39370","post","type-post","status-publish","format-standard","has-post-thumbnail","hentry","category-uncategorized"],"featured_image_urls":{"full":["https:\/\/municipalidaddenebaj.com\/wp-content\/uploads\/2025\/01\/472946198_1005756901581770_3085442411372224363_n.jpg",2048,1366,false],"thumbnail":["https:\/\/municipalidaddenebaj.com\/wp-content\/uploads\/2025\/01\/472946198_1005756901581770_3085442411372224363_n-400x400.jpg",400,400,true],"medium":["https:\/\/municipalidaddenebaj.com\/wp-content\/uploads\/2025\/01\/472946198_1005756901581770_3085442411372224363_n-594x396.jpg",594,396,true],"medium_large":["https:\/\/municipalidaddenebaj.com\/wp-content\/uploads\/2025\/01\/472946198_1005756901581770_3085442411372224363_n-768x512.jpg",640,427,true],"large":["https:\/\/municipalidaddenebaj.com\/wp-content\/uploads\/2025\/01\/472946198_1005756901581770_3085442411372224363_n-510x340.jpg",510,340,true],"ezd_searrch_thumb16x16":["https:\/\/municipalidaddenebaj.com\/wp-content\/uploads\/2025\/01\/472946198_1005756901581770_3085442411372224363_n.jpg",16,11,false],"ezd_searrch_thumb50x50":["https:\/\/municipalidaddenebaj.com\/wp-content\/uploads\/2025\/01\/472946198_1005756901581770_3085442411372224363_n.jpg",50,33,false],"1536x1536":["https:\/\/municipalidaddenebaj.com\/wp-content\/uploads\/2025\/01\/472946198_1005756901581770_3085442411372224363_n-1536x1025.jpg",1536,1025,true],"2048x2048":["https:\/\/municipalidaddenebaj.com\/wp-content\/uploads\/2025\/01\/472946198_1005756901581770_3085442411372224363_n.jpg",2048,1366,false],"covernews-featured":["https:\/\/municipalidaddenebaj.com\/wp-content\/uploads\/2025\/01\/472946198_1005756901581770_3085442411372224363_n-1024x683.jpg",1024,683,true],"covernews-medium":["https:\/\/municipalidaddenebaj.com\/wp-content\/uploads\/2025\/01\/472946198_1005756901581770_3085442411372224363_n-540x340.jpg",540,340,true],"woocommerce_thumbnail":["https:\/\/municipalidaddenebaj.com\/wp-content\/uploads\/2025\/01\/472946198_1005756901581770_3085442411372224363_n-300x300.jpg",300,300,true],"woocommerce_single":["https:\/\/municipalidaddenebaj.com\/wp-content\/uploads\/2025\/01\/472946198_1005756901581770_3085442411372224363_n-600x400.jpg",600,400,true],"woocommerce_gallery_thumbnail":["https:\/\/municipalidaddenebaj.com\/wp-content\/uploads\/2025\/01\/472946198_1005756901581770_3085442411372224363_n-100x100.jpg",100,100,true]},"author_info":{"display_name":"Editor","author_link":"https:\/\/municipalidaddenebaj.com\/?author=4"},"category_info":"<a href=\"https:\/\/municipalidaddenebaj.com\/?cat=1\" rel=\"category\">Uncategorized<\/a>","tag_info":"Uncategorized","comment_count":"0","_links":{"self":[{"href":"https:\/\/municipalidaddenebaj.com\/index.php?rest_route=\/wp\/v2\/posts\/39370","targetHints":{"allow":["GET"]}}],"collection":[{"href":"https:\/\/municipalidaddenebaj.com\/index.php?rest_route=\/wp\/v2\/posts"}],"about":[{"href":"https:\/\/municipalidaddenebaj.com\/index.php?rest_route=\/wp\/v2\/types\/post"}],"author":[{"embeddable":true,"href":"https:\/\/municipalidaddenebaj.com\/index.php?rest_route=\/wp\/v2\/users\/4"}],"replies":[{"embeddable":true,"href":"https:\/\/municipalidaddenebaj.com\/index.php?rest_route=%2Fwp%2Fv2%2Fcomments&post=39370"}],"version-history":[{"count":0,"href":"https:\/\/municipalidaddenebaj.com\/index.php?rest_route=\/wp\/v2\/posts\/39370\/revisions"}],"wp:featuredmedia":[{"embeddable":true,"href":"https:\/\/municipalidaddenebaj.com\/index.php?rest_route=\/wp\/v2\/media\/39372"}],"wp:attachment":[{"href":"https:\/\/municipalidaddenebaj.com\/index.php?rest_route=%2Fwp%2Fv2%2Fmedia&parent=39370"}],"wp:term":[{"taxonomy":"category","embeddable":true,"href":"https:\/\/municipalidaddenebaj.com\/index.php?rest_route=%2Fwp%2Fv2%2Fcategories&post=39370"},{"taxonomy":"post_tag","embeddable":true,"href":"https:\/\/municipalidaddenebaj.com\/index.php?rest_route=%2Fwp%2Fv2%2Ftags&post=39370"}],"curies":[{"name":"wp","href":"https:\/\/api.w.org\/{rel}","templated":true}]}}